{"id":212339,"date":"2025-11-01T08:46:17","date_gmt":"2025-11-01T08:46:17","guid":{"rendered":"https:\/\/www.europesays.com\/es\/212339\/"},"modified":"2025-11-01T08:46:17","modified_gmt":"2025-11-01T08:46:17","slug":"el-tiempo-da-la-razon-a-marcos-llorente","status":"publish","type":"post","link":"https:\/\/www.europesays.com\/es\/212339\/","title":{"rendered":"El tiempo da la raz\u00f3n a Marcos Llorente"},"content":{"rendered":"<p class=\"ft-text\">Ideales y\/o teor\u00edas conspiranoicas aparte, lo de <a class=\"ft-link ft-link--decoration\" href=\"https:\/\/www.sport.es\/es\/noticias\/atletico-de-madrid\/marcos-llorente-sigue-erre-erre-123122413\" rel=\"nofollow noopener\" target=\"_blank\"><strong>Marcos Llorente<\/strong><\/a> es de otro planeta. Bestial. <strong>31 partidos consecutivos jugando cada minuto<\/strong>&#8230; sin despeinarse siquiera. Un hito que no est\u00e1 al alcance de cualquiera y que habla muy bien de su f\u00edsico privilegiado, su versatilidad, su &#8216;inmunidad&#8217; a las lesiones o su pulcritud defensiva para evitar cumplir ciclo de tarjetas. Para quitarse el sombrero.<\/p>\n<p class=\"ft-text\">A cualquier entrenador le encantar\u00eda contar con un futbolista como <strong>Llorente<\/strong>. Es sin\u00f3nimo de garant\u00eda. Cumplidor. Lo pongan donde lo pongan. Anta\u00f1o mediocentro cl\u00e1sico, pero reconvertido a lateral derecho &#8211; incluso carrilero &#8211; por<strong> Diego Pablo Simeone<\/strong>. Un tipo completo no, lo siguiente: fiable en tareas defensivas, recuperador, t\u00e1cticamente inteligente, t\u00e9cnico, llegador, voluntarioso&#8230; y un largo etc\u00e9tera.<\/p>\n<p class=\"ft-text\">Su privilegiado f\u00edsico le permite ofrecer las mismas prestaciones en el minuto 0 que en el 90&#8242;. Cuando al resto de &#8216;mortales&#8217; les flaquean las piernas, \u00e9l contin\u00faa como si nada, recorri\u00e9ndose la banda derecha con esa explosividad que tanto le caracteriza. As\u00ed lo avalaron sus estad\u00edsticas en el triunfo ante el <strong>Betis<\/strong>: l\u00edder en recuperaciones (siete, empatado con Giuliano) y en acciones con bal\u00f3n (66), 87% de acierto en el pase y ganador en ocho de los 13 duelos que disput\u00f3.<\/p>\n<p>Llorente y diez m\u00e1s<\/p>\n<p class=\"ft-text\"><strong>Sin descanso desde el pasado 4 de marzo. <\/strong>Pleno de minutos en LaLiga, Champions League, Copa del Rey y Mundial de Clubes. En lo que va de curso lleva disputados todos los minutos posibles en los 10 compromisos ligueros y los tres de Champions del Atl\u00e9tico de Madrid. No es el \u00fanico futbolista de<strong> Primera Divisi\u00f3n<\/strong> que acumula <strong>900 <\/strong>minutos en sus piernas: <strong>Catena (Osasuna), Zubeldia (Real Sociedad), Ratiu (Rayo), Natan (Betis), Febas (Elche), T\u00e1rrega (Valencia), Valjent y Ra\u00edllo (Mallorca). <\/strong>Pero todos ellos se tomaron un respiro entre semana, en Europa o en esta primera ronda de Copa.<\/p>\n<p><img decoding=\"async\" src=\"https:\/\/www.europesays.com\/es\/wp-content\/uploads\/2025\/11\/01ce3644-7070-400e-a736-83a03907f098_alta-libre-aspect-ratio_default_0.jpg\" width=\"1200\" height=\"675\" alt=\"Marcos Llorente, con el Atl\u00e9tico de Madrid\" class=\"ft-helper-img-rd\" loading=\"lazy\" hasdataaida=\"true\"\/><\/p>\n<p class=\"ft-helper-fontColor-quaternary ft-helper-fontSize-body-S ft-helper-spacer-t-xxs\">Marcos Llorente, con el Atl\u00e9tico de Madrid  \/ EFE<\/p>\n<p class=\"ft-text\">Es el comod\u00edn de un <strong>Simeone <\/strong>que alab\u00f3 su proeza f\u00edsica en la previa de la visita del <strong>Sevilla<\/strong>: \u00ab<strong>Es un gran profesional y esperamos que pueda seguir trabajando de la misma manera de aqu\u00ed para adelante\u00bb.<\/strong> Y no debe descartarse, pues, que regrese a su posici\u00f3n natural ante la ausencia de <strong>Barrios <\/strong>y la inactividad de <strong>Cardoso<\/strong>. Un movimiento que abrir\u00eda las puertas a<strong> Nahuel Molina<\/strong> o a <strong>Marc Pubill, <\/strong>los futbolistas de la plantilla &#8211; a excepci\u00f3n de <strong>Carlos Mart\u00edn y Juan Musso <\/strong>&#8211; con menor participaci\u00f3n en esta 25\/26.<\/p>\n<p class=\"ft-text\">Convencido de que los aviones liberan sustancias t\u00f3xicas en la atm\u00f3sfera para manipular el clima o afectar a la salud de la poblaci\u00f3n &#8211; teor\u00eda conocida como &#8216;chemtrails&#8217; -, apunta a &#8216;cascarse&#8217; otros 90 minutos ante el <strong>Sevilla <\/strong>este s\u00e1bado. Est\u00e1 por ver si el <strong>Cholo <\/strong>opta por dar un respiro &#8211; por peque\u00f1o que sea &#8211; a un <strong>Llorente<\/strong> cuya meta es la de estar en el pr\u00f3ximo <strong>Mundial<\/strong>.<\/p>\n","protected":false},"excerpt":{"rendered":"Ideales y\/o teor\u00edas conspiranoicas aparte, lo de Marcos Llorente es de otro planeta. Bestial. 31 partidos consecutivos jugando&hellip;\n","protected":false},"author":2,"featured_media":212340,"comment_status":"","ping_status":"","sticky":false,"template":"","format":"standard","meta":{"footnotes":""},"categories":[268],"tags":[3409,7164,168,25,24,280,282,37166,14144,38538,12109,281,23,167,159],"class_list":{"0":"post-212339","1":"post","2":"type-post","3":"status-publish","4":"format-standard","5":"has-post-thumbnail","7":"category-futbol","8":"tag-atletico-de-madrid","9":"tag-da","10":"tag-deportes","11":"tag-es","12":"tag-espana","13":"tag-football","14":"tag-futbol","15":"tag-llorente","16":"tag-marcos","17":"tag-marcos-llorente","18":"tag-razon","19":"tag-soccer","20":"tag-spain","21":"tag-sports","22":"tag-tiempo"},"share_on_mastodon":{"url":"https:\/\/pubeurope.com\/@es\/115473573242776811","error":""},"_links":{"self":[{"href":"https:\/\/www.europesays.com\/es\/wp-json\/wp\/v2\/posts\/212339","targetHints":{"allow":["GET"]}}],"collection":[{"href":"https:\/\/www.europesays.com\/es\/wp-json\/wp\/v2\/posts"}],"about":[{"href":"https:\/\/www.europesays.com\/es\/wp-json\/wp\/v2\/types\/post"}],"author":[{"embeddable":true,"href":"https:\/\/www.europesays.com\/es\/wp-json\/wp\/v2\/users\/2"}],"replies":[{"embeddable":true,"href":"https:\/\/www.europesays.com\/es\/wp-json\/wp\/v2\/comments?post=212339"}],"version-history":[{"count":0,"href":"https:\/\/www.europesays.com\/es\/wp-json\/wp\/v2\/posts\/212339\/revisions"}],"wp:featuredmedia":[{"embeddable":true,"href":"https:\/\/www.europesays.com\/es\/wp-json\/wp\/v2\/media\/212340"}],"wp:attachment":[{"href":"https:\/\/www.europesays.com\/es\/wp-json\/wp\/v2\/media?parent=212339"}],"wp:term":[{"taxonomy":"category","embeddable":true,"href":"https:\/\/www.europesays.com\/es\/wp-json\/wp\/v2\/categories?post=212339"},{"taxonomy":"post_tag","embeddable":true,"href":"https:\/\/www.europesays.com\/es\/wp-json\/wp\/v2\/tags?post=212339"}],"curies":[{"name":"wp","href":"https:\/\/api.w.org\/{rel}","templated":true}]}}