{"id":212379,"date":"2025-11-01T09:14:09","date_gmt":"2025-11-01T09:14:09","guid":{"rendered":"https:\/\/www.europesays.com\/es\/212379\/"},"modified":"2025-11-01T09:14:09","modified_gmt":"2025-11-01T09:14:09","slug":"katy-perry-justin-trudeau-y-por-que-sus-puntos-de-union-son-mas-de-los-que-parece","status":"publish","type":"post","link":"https:\/\/www.europesays.com\/es\/212379\/","title":{"rendered":"Katy Perry, Justin Trudeau&#8230; y por qu\u00e9 sus puntos de uni\u00f3n son m\u00e1s de los que parece"},"content":{"rendered":"<p class=\"c-paragraph\">En la letra de una de sus canciones, <a href=\"https:\/\/www.20minutos.es\/tags\/personas\/katy-perry.html\" rel=\"nofollow noopener\" target=\"_blank\">Katy Perry<\/a> dec\u00eda lo siguiente:<b> \u00abLo he aceptado, el amor no era para m\u00ed\u00bb<\/b>. Sin embargo su vida sentimental muestra todo lo contrario (por suerte para la cantante). Despu\u00e9s de muchas especulaciones, por fin la int\u00e9rprete de Dark Horse ha hecho oficial su relaci\u00f3n con <a href=\"https:\/\/www.20minutos.es\/tags\/personas\/justin-trudeau.html\" rel=\"nofollow noopener\" target=\"_blank\">Justin Trudeau<\/a>, quien<b> fue primer ministro de Canad\u00e1.<\/b><\/p>\n<p class=\"c-paragraph\">Esta semana, la artista y el pol\u00edtico lo han confirmado al <a href=\"https:\/\/www.20minutos.es\/gente\/katy-perry-justin-trudeau-no-ocultan-amor-posan-mano-romantica-cita-paris_6660590_0.html\" rel=\"nofollow noopener\" target=\"_blank\">aparecer juntos en Par\u00eds<\/a>, entrando a un local para lo que podr\u00eda haber sido <b>el 41 cumplea\u00f1os de la artista<\/b>. As\u00ed que para Perry no es solo un cumplea\u00f1os especial, sino el comienzo de<b> una etapa sentimental nueva<\/b> despu\u00e9s de su medi\u00e1tica separaci\u00f3n con Orlando Bloom <a href=\"https:\/\/www.20minutos.es\/gente\/rupturas-verano-parejas-famosos-otono-por-separado_6243227_0.html\" rel=\"nofollow noopener\" target=\"_blank\">en julio de este a\u00f1o<\/a>.<\/p>\n<p class=\"c-paragraph\">Quien crea que el amor solo da una oportunidad, tiene el ejemplo de Katy Perry para cambiar de idea. Todo empez\u00f3 el pasado mes de <b>agosto<\/b>, con la circulaci\u00f3n de rumores de que estaba sucediendo <b>algo m\u00e1s que una amistad entre la diva del pop y el pol\u00edtico<\/b>. Una serie de especulaciones que dieron comienzo cuando los paparazzi les descubrieron <b>saliendo juntos a cenar.<\/b><\/p>\n<p class=\"c-paragraph\">Poco despu\u00e9s aparecieron disfrutando de <b>un d\u00eda en el mar en un yate<\/b>, as\u00ed si ya hab\u00eda rumores en torno a ellos, cogieron a\u00fan m\u00e1s fuerza. En el barco de la cantante, tanto Katy como Justin <a href=\"https:\/\/www.20minutos.es\/gente\/las-fotos-que-confirman-romance-entre-katy-perry-justin-trudeau-pillados-dandose-un-apasionado-beso-un-yate_6514661_0.html\" rel=\"nofollow noopener\" target=\"_blank\">se mostraron muy cari\u00f1osos<\/a>, por lo que era innegable que <b>el romance estaba floreciendo<\/b> entre ellos.<\/p>\n<p class=\"c-paragraph\">M\u00e1s all\u00e1 de las im\u00e1genes captadas por fot\u00f3grafos profesionales, en redes sociales la cantante todav\u00eda <b>no ha mostrado ninguna imagen con Justin<\/b>. Su perfil est\u00e1 muy centrado en su trabajo con fechas y v\u00eddeos de conciertos, aunque s\u00ed que al retroceder un poco en el tabl\u00f3n de la artista aparece una publicaci\u00f3n en la que <b>promociona el proyecto de su expareja<\/b>, la \u00faltima pel\u00edcula de Orlando Bloom, The Cult.<\/p>\n<p class=\"c-paragraph\">Pero lo cierto es que tampoco les ha hecho falta dar el paso de compartir en el Instagram de la int\u00e9rprete, con la primera aparici\u00f3n en p\u00fablico de la pareja han dado <b>un paso m\u00e1s en su relaci\u00f3n<\/b>. Y es que para la alegr\u00eda de los fans de Katy Perry, esta aparici\u00f3n de su \u00eddolo y su nuevo novio de la mano, entrando al local parisino, no hace otra cosa m\u00e1s que asegurar que <b>las cosas van muy en serio<\/b> con el exprimer ministro.<\/p>\n<p>El amor como refugio<\/p>\n<p class=\"c-paragraph\">Lo que resulta interesante es el crossover entre un pol\u00edtico canadiense y una estrella del pop internacional, pero lo cierto es que<b> sus puntos de uni\u00f3n son m\u00e1s de los que podr\u00eda parecer <\/b>en un principio. Justin ha estado varios a\u00f1os casado con una presentadora de televisi\u00f3n y profesora de yoga. <b>Tras 18 a\u00f1os juntos<\/b>, en los que tuvieron 3 hijos, se divorciaron. Dos a\u00f1os despu\u00e9s de aquel punto y final, le habr\u00eda dado una nueva oportunidad al amor.<\/p>\n<p class=\"c-paragraph\">Por lo pronto, analizando tanto el recorrido sentimental de los dos, <b>han experimentado de primera mano lo que es el compromiso<\/b> as\u00ed como haberle puesto fin a relaciones tan significativas. Tras una experiencia as\u00ed, el concepto del amor cambia, madura y se priorizan otros aspectos en los futuros v\u00ednculos. Tambi\u00e9n comparten el <b>conocer la responsabilidad de la paternidad<\/b>, as\u00ed como la complejidad de navegar entre las din\u00e1micas del coparenting.<\/p>\n<p class=\"c-paragraph\">Y no se puede olvidar que, por sus respectivas carreras, tanto Katy Perry como Justin Trudeau est\u00e1n <b>acostumbrados a la presi\u00f3n p\u00fablica<\/b>. As\u00ed que para ellos esta ser\u00eda la ocasi\u00f3n de tener una relaci\u00f3n con altas dosis de comprensi\u00f3n (al contar con una persona al lado que entiende esa b\u00fasqueda del <b>equilibrio entre lo personal y lo profesional<\/b>). Por otro lado, un gran aliciente es que pueden ofrecerse mutuamente ese espacio de seguridad donde no tienen que responder a <b>las expectativas del personaje p\u00fablico<\/b>.<\/p>\n<p class=\"c-paragraph\">As\u00ed que m\u00e1s que entrar en una relaci\u00f3n marcada por la exhibici\u00f3n p\u00fablica, sus<b> contadas apariciones<\/b> en contraste con la gran complicidad de la que hacen gala, podr\u00edan ser la prueba de cu\u00e1nto valoran la autenticidad y la estabilidad en su v\u00ednculo, donde pueden ser ellos mismos. En definitiva, Katy y Justin han encontrado a <b>alguien con quien construir una relaci\u00f3n adulta consciente<\/b>, que pondr\u00eda el foco en la paz que genera compartir las peque\u00f1as cosas de la vida cotidiana, lejos de los focos.<\/p>\n","protected":false},"excerpt":{"rendered":"En la letra de una de sus canciones, Katy Perry dec\u00eda lo siguiente: \u00abLo he aceptado, el amor&hellip;\n","protected":false},"author":2,"featured_media":212380,"comment_status":"","ping_status":"","sticky":false,"template":"","format":"standard","meta":{"footnotes":""},"categories":[170],"tags":[57313,146,147,25,24,8646,184,185,8647,2074,23,3271],"class_list":{"0":"post-212379","1":"post","2":"type-post","3":"status-publish","4":"format-standard","5":"has-post-thumbnail","7":"category-musica","8":"tag-buscaria","9":"tag-entertainment","10":"tag-entretenimiento","11":"tag-es","12":"tag-espana","13":"tag-katy","14":"tag-music","15":"tag-musica","16":"tag-perry","17":"tag-que","18":"tag-spain","19":"tag-su"},"share_on_mastodon":{"url":"https:\/\/pubeurope.com\/@es\/115473682654648739","error":""},"_links":{"self":[{"href":"https:\/\/www.europesays.com\/es\/wp-json\/wp\/v2\/posts\/212379","targetHints":{"allow":["GET"]}}],"collection":[{"href":"https:\/\/www.europesays.com\/es\/wp-json\/wp\/v2\/posts"}],"about":[{"href":"https:\/\/www.europesays.com\/es\/wp-json\/wp\/v2\/types\/post"}],"author":[{"embeddable":true,"href":"https:\/\/www.europesays.com\/es\/wp-json\/wp\/v2\/users\/2"}],"replies":[{"embeddable":true,"href":"https:\/\/www.europesays.com\/es\/wp-json\/wp\/v2\/comments?post=212379"}],"version-history":[{"count":0,"href":"https:\/\/www.europesays.com\/es\/wp-json\/wp\/v2\/posts\/212379\/revisions"}],"wp:featuredmedia":[{"embeddable":true,"href":"https:\/\/www.europesays.com\/es\/wp-json\/wp\/v2\/media\/212380"}],"wp:attachment":[{"href":"https:\/\/www.europesays.com\/es\/wp-json\/wp\/v2\/media?parent=212379"}],"wp:term":[{"taxonomy":"category","embeddable":true,"href":"https:\/\/www.europesays.com\/es\/wp-json\/wp\/v2\/categories?post=212379"},{"taxonomy":"post_tag","embeddable":true,"href":"https:\/\/www.europesays.com\/es\/wp-json\/wp\/v2\/tags?post=212379"}],"curies":[{"name":"wp","href":"https:\/\/api.w.org\/{rel}","templated":true}]}}