{"id":212390,"date":"2025-11-01T09:21:16","date_gmt":"2025-11-01T09:21:16","guid":{"rendered":"https:\/\/www.europesays.com\/es\/212390\/"},"modified":"2025-11-01T09:21:16","modified_gmt":"2025-11-01T09:21:16","slug":"el-presidente-milei-expulso-al-unico-ministro-que-dialogaba-renuncio-guillermo-francos-que-sera-reemplazado-por-manuel-adorni","status":"publish","type":"post","link":"https:\/\/www.europesays.com\/es\/212390\/","title":{"rendered":"El presidente Milei expuls\u00f3 al \u00fanico ministro que dialogaba | Renunci\u00f3 Guillermo Francos que ser\u00e1 reemplazado por Manuel Adorni"},"content":{"rendered":"<p>Tras d\u00eda de rumores, tensiones y reuniones negadas por el propio Presidente, con fuertes cruces en la mesa chica, se termin\u00f3 de configurar una salida m\u00e1s que anunciada: Guillermo Francos, sobre el final del viernes, present\u00f3 su renuncia y ya no es el Jefe de Gabinete del gobierno nacional. Curiosamente y bajo la premisa de \u00abrenovar el di\u00e1logo pol\u00edtico\u00bb, el presidente Javier Milei pierde entre las filas libertarias a uno de los pocos garantes de ese di\u00e1logo que exige el gobierno de Donald Trump. Enojado, Francos ejecut\u00f3 lo que en los pasillos de Casa Rosada llevaba m\u00e1s de tres d\u00edas como un fuerte rumor. Once minutos pasadas las 21 comenz\u00f3 la fuga de ministros mucho antes de lo que el propio Milei asegur\u00f3 iba a suceder. Francos anunci\u00f3 la renuncia en su cuenta personal de X, con un escrito dedicado a Javier Milei. Cuatro minutos m\u00e1s tarde, la Oficina de Presidencia public\u00f3 una carta agradeci\u00e9ndole a Francos y comunicando que, a partir de este lunes, el Jefe de Gabinete ser\u00e1 Manuel Adorni, quien cumpli\u00f3 su rol de vocero presidencial hasta estas horas de gesti\u00f3n. Junto con Francos, renunci\u00f3 su coequiper pol\u00edtico y recientemente nombrado ministro del Interior, Lisandro Catal\u00e1n. Se desgrana el Gabinete de un gobierno que hace cinco d\u00edas gan\u00f3 una elecci\u00f3n, Ahora, desde el lunes, deber\u00e1 barajar de dar de nuevo al calor de las internas que explotaron.\u00a0<\/p>\n<p>\u00abSe\u00f1or Presidente de la Naci\u00f3n:\u00a0 Ante los persistentes trascendidos sobre modificaciones en el Gabinete Nacional, me dirijo a Usted con el objeto de presentarle mi renuncia al cargo de Jefe de Gabinete de Ministros, para que pueda afrontar sin condicionamientos la etapa de gobierno que se inicia luego de las elecciones nacionales del pasado 26 de octubre\u00bb, indic\u00f3 Francos en el inicio de su mensaje de salida. Los \u00abincovenientes\u00bb como explicita, se dinamitaron pocos d\u00edas atr\u00e1s, con la tensi\u00f3n interna entre al ejecuci\u00f3n de su rol, el de Lisandro Catal\u00e1n, y el di\u00e1logo en paralelo que se daba entre los gobernadores y el asesor Santiago Caputo. La tensi\u00f3n por el liderazgo de las futuras negociaciones fue creciendo y la falta de autonom\u00eda de Francos comenz\u00f3 a ser factor de conflicto manifiesto en las filas libertarias. \u00abLe agradezco profundamente la oportunidad de servir con lealtad y patriotismo a nuestro pa\u00eds y a su gobierno. Por extra\u00f1a coincidencia, mi primer acto como Ministro del Interior y mi \u00faltimo como Jefe de Gabinete fueron reunir a los Gobernadores de las Provincias con el Poder Ejecutivo Nacional con el objeto de encontrar mecanismos de di\u00e1logo y generaci\u00f3n de consensos, imprescindibles para avanzar en las reformas estructurales que la Argentina necesita\u00bb, resalt\u00f3 Francos en el comunicado, haciendo alusi\u00f3n a la reuni\u00f3n que coordin\u00f3 el jueves, con 20 gobernadores y el Presidente en Casa Rosada. El recuerdo son\u00f3 a cr\u00edtica.<\/p>\n<p>Minutos m\u00e1s tarde, en una coordinada carrera de anuncios, la Oficina de Presidencia public\u00f3 un comunicado el reemplazo tras la renuncia: Manuel Adorni, el hasta hoy\u00a0secretario de Comunicaci\u00f3n, ser\u00e1 a partir del lunes el nuevo Jefe de Gabinete: \u00abun cambio que responde al resultado de las elecciones y la necesidad de renovar el di\u00e1logo pol\u00edtico y esta segunda etapa que comienza a partir del 10 de diciembre\u00bb. Contradictoriamente, la salida de Francos se\u00f1ala la p\u00e9rdida dentro del gabinete del alfil m\u00e1s dialoguista del Gobierno. Seg\u00fan confirman desde el entorno de Milei, Adorni mantendr\u00eda un doble rol, y continuar\u00eda en sus funciones de vocero tambi\u00e9n. Vale recordar, que Adorni deb\u00eda asumir el pr\u00f3ximo 10 de diciembre en la Legislatura porte\u00f1a, un cargo que a todas luces termin\u00f3 siendo testimonial. Ahora, su banca ser\u00e1 ocupada por quien encabeza la lista de suplentes, Tom\u00e1s Kohen.<\/p>\n<p>Lisandro Catal\u00e1n, por su parte, dur\u00f3 tan solo un mes y medio en las funciones de ministro del Interior. Hombre del ri\u00f1\u00f3n de Francos, public\u00f3 minutos m\u00e1s tarde su salida del gobierno: \u00abSe\u00f1or presidente de la Naci\u00f3n. Me dirijo a usted para presentarle mi renuncia al cargo de Ministro del Interior, que he tenido el honor de desempe\u00f1ar bajo su conducci\u00f3n. Agradezco profundamente la confianza que ha depositado en mi para iniciar una etapa de dialogo y consensos. Voy a seguir apoyando esta gesti\u00f3n y a La Libertad Avanza, porque estoy convencido que las ideas de la libertad son las que van a transformar a la Argentina\u00bb, escribi\u00f3 el ahora exministro.\u00a0<\/p>\n<p>Al cierre de esta edici\u00f3n, es un enigma el futuro pol\u00edtico de Francos, aunque\u00a0desde su entorno se\u00f1alaban hace ya varios d\u00edas que podr\u00eda encomendarse a una tarea\u00a0 diplom\u00e1tica.\u00a0\u201cLe agradezco profundamente la oportunidad de servir con lealtad y patriotismo a nuestro pa\u00eds y a su gobierno\u201d, agreg\u00f3 Francos en su mensaje de renuncia con un tono conciliador que no se coteja con los trascendidos sobre las razones de su renuncia. La incomodidad de un doble comando dentro del funcionamiento del Gobierno que se vio agravado por los \u00faltimos pasos de Milei: Francos no fue invitado a la cena y reuni\u00f3n del viernes por la noche con Mauricio Macri. El ahora exJefe de Gabinete hab\u00eda asistido a la \u00faltima reuni\u00f3n entre el ex y actual presidente, y era mencionado en los pasillos de la Rosada como el \u00abgarante de la paz\u00bb entre Macri y Milei.\u00a0<\/p>\n<p>La extra\u00f1a sucesi\u00f3n de anuncios por parte del propio Milei explican las renuncias de la noche de viernes como una fuga que no pudo detenerse a tiempo. D\u00edas atr\u00e1s de las elecciones, el Presidente asegur\u00f3 que los cambios en el gabinete eran inminentes, y que ocurrir\u00edan el mismo lunes, tras la jornada electoral. Un resultado favorable para La Libertad Avanza puso todo en pausa: los cambios, de repente, ya no fueron considerados urgentes, y seg\u00fan comunic\u00f3 Milei en entrevistas, iba a tomarse el tiempo necesario hasta el 10 de diciembre para elegir a las personas correctas para realizar los cambios que las nuevas medidas a impulsar le demanden. Todo, seg\u00fan Milei, iba a centralizarse en la composici\u00f3n del nuevo Congreso, con una inyecci\u00f3n violeta significativa tanto en Diputados como en Senadores. Sin embargo, nada de esto ocurri\u00f3. La tensi\u00f3n entre Francos y Santiago Caputo no guardaron disimulo p\u00fablico y, en la interna, tomaron temperatura en las \u00faltimas horas.<\/p>\n<p>Una salida anunciada<\/p>\n<p>Una charla informal entre Francos y Milei desat\u00f3 idas y vueltas en relaci\u00f3n al rol del Jefe de Gabinete. Al parecer, el exfuncionario habr\u00eda manifestado cierto cansancio, que al Presidente no le cay\u00f3 en gracia. Por otro lado, Santiago Caputo fue tomando de manera informal un rol m\u00e1s protag\u00f3nico en el di\u00e1logo con los gobernadores. Pero la demanda con Caputo radicaba en, finalmente, la asunci\u00f3n de un cargo formal: de querer tomar un rol central en la conversaci\u00f3n con los sectores,. Al cierre de esta edici\u00f3n, Santiago Caputo podr\u00eda asumir como \u00abministro de Gobierno\u00bb, una suerte de \u00absuperministro\u00bb, donde podr\u00eda tomar la responsabilidad de las carteras del ministerio del Interior, Obras P\u00fablicas y Transporte.\u00a0<\/p>\n<p>Los \u00abCaputo al poder\u00bb figuraba entre los planes posibles de la mitad del gobierno nacional. Pocos d\u00edas atr\u00e1s, con el nombramiento de Quirno, la lapicera de Luis Toto Caputo con el control y l\u00f3gica financiera en Canciller\u00eda quedar\u00eda sellada. Ahora resta la confirmaci\u00f3n del nombramiento del Caputo asesor, que protagoniz\u00f3 con Francos una interna que el Presidente, por estas horas, no supo capitanear.\u00a0<\/p>\n<p>Lejos de entenderse como una lectura del mensaje en las urnas, a estas horas desde Rosada se corre contrarreloj para cubrir la sangr\u00eda de una interna que no solo no lleg\u00f3 a consolidar un nuevo gabinete, sino que no logr\u00f3 superar la primera semana tras unas elecciones triunfantes.<\/p>\n","protected":false},"excerpt":{"rendered":"Tras d\u00eda de rumores, tensiones y reuniones negadas por el propio Presidente, con fuertes cruces en la mesa&hellip;\n","protected":false},"author":2,"featured_media":212391,"comment_status":"","ping_status":"","sticky":false,"template":"","format":"standard","meta":{"footnotes":""},"categories":[42],"tags":[17,18,17847,13,14,57314,11,61,62,63,64,4245,19,20,9,10,15,16,12,21,22,65,66,67],"class_list":{"0":"post-212390","1":"post","2":"type-post","3":"status-publish","4":"format-standard","5":"has-post-thumbnail","7":"category-internacional","8":"tag-breaking-news","9":"tag-breakingnews","10":"tag-el-pais","11":"tag-featured-news","12":"tag-featurednews","13":"tag-guillermo-francos","14":"tag-headlines","15":"tag-internacional","16":"tag-international","17":"tag-international-news","18":"tag-internationalnews","19":"tag-javier-milei","20":"tag-latest-news","21":"tag-latestnews","22":"tag-news","23":"tag-noticias","24":"tag-noticias-destacadas","25":"tag-noticiasdestacadas","26":"tag-titulares","27":"tag-ultimas-noticias","28":"tag-ultimasnoticias","29":"tag-world","30":"tag-world-news","31":"tag-worldnews"},"share_on_mastodon":{"url":"https:\/\/pubeurope.com\/@es\/115473710107289156","error":""},"_links":{"self":[{"href":"https:\/\/www.europesays.com\/es\/wp-json\/wp\/v2\/posts\/212390","targetHints":{"allow":["GET"]}}],"collection":[{"href":"https:\/\/www.europesays.com\/es\/wp-json\/wp\/v2\/posts"}],"about":[{"href":"https:\/\/www.europesays.com\/es\/wp-json\/wp\/v2\/types\/post"}],"author":[{"embeddable":true,"href":"https:\/\/www.europesays.com\/es\/wp-json\/wp\/v2\/users\/2"}],"replies":[{"embeddable":true,"href":"https:\/\/www.europesays.com\/es\/wp-json\/wp\/v2\/comments?post=212390"}],"version-history":[{"count":0,"href":"https:\/\/www.europesays.com\/es\/wp-json\/wp\/v2\/posts\/212390\/revisions"}],"wp:featuredmedia":[{"embeddable":true,"href":"https:\/\/www.europesays.com\/es\/wp-json\/wp\/v2\/media\/212391"}],"wp:attachment":[{"href":"https:\/\/www.europesays.com\/es\/wp-json\/wp\/v2\/media?parent=212390"}],"wp:term":[{"taxonomy":"category","embeddable":true,"href":"https:\/\/www.europesays.com\/es\/wp-json\/wp\/v2\/categories?post=212390"},{"taxonomy":"post_tag","embeddable":true,"href":"https:\/\/www.europesays.com\/es\/wp-json\/wp\/v2\/tags?post=212390"}],"curies":[{"name":"wp","href":"https:\/\/api.w.org\/{rel}","templated":true}]}}