{"id":212453,"date":"2025-11-01T10:08:12","date_gmt":"2025-11-01T10:08:12","guid":{"rendered":"https:\/\/www.europesays.com\/es\/212453\/"},"modified":"2025-11-01T10:08:12","modified_gmt":"2025-11-01T10:08:12","slug":"la-izquierda-evita-condenar-la-vuelta-de-la-kale-borroka-a-las-calles-de-pamplona","status":"publish","type":"post","link":"https:\/\/www.europesays.com\/es\/212453\/","title":{"rendered":"La izquierda evita condenar la vuelta de la &#8216;kale borroka&#8217; a las calles de Pamplona"},"content":{"rendered":"<p style=\"\">Dos detenidos y seis personas heridas durante los disturbios del jueves pasado en Pamplona. Entre ellas, cuatro agentes de la Polic\u00eda Nacional y, seg\u00fan &#8216;El Diario de Navarra&#8217;, un estudiante ajeno a las protestas al que reventaron varios dientes. Tambi\u00e9n el periodista de &#8216;El Espa\u00f1ol&#8217;,  &#8230; Jos\u00e9 Ismael Mart\u00ednez, agredido por una turba de radicales (compuesta por distintos grupos juveniles de la izquierda aberzale) mientras <a href=\"https:\/\/www.abc.es\/espana\/navarra\/cargas-policiales-dos-detenidos-acto-vito-quiles-20251030202456-nt.html\" target=\"_self\" data-voc-vtm-id=\"in-text-traffic\" title=\"cubr\u00eda el acto convocado por Vito Quiles\" data-mrf-link=\"www.abc.es\" rel=\"nofollow noopener\">cubr\u00eda el acto convocado por Vito Quiles<\/a> en el campus de la Universidad de Navarra. Sumado a la quema de contenedores y destrozo de mobiliario urbano, ese fue el resultado del evento que, pese a no estar autorizado y ser cancelado horas antes por los organizadores, <strong>no evit\u00f3 que centenares de encapuchados vestidos de negro<\/strong> sembraran el caos enfrent\u00e1ndose con las Unidades de Intervenci\u00f3n Policial (UIP) desplegadas en el barrio de Iturrama, el m\u00e1s pr\u00f3ximo al centro estudiantil, entre gritos de \u00abfuera fascistas de nuestras calles\u00bb o \u00abEuskal Herria\u00bb. <\/p>\n<p class=\"voc-p\" style=\"\">Un d\u00eda despu\u00e9s, los distintos partidos del \u00e1mbito de la izquierda con representaci\u00f3n en la regi\u00f3n salieron a hacer su lectura de lo ocurrido, condenando los disturbios, pero <strong>sin responsabilizar a los grup\u00fasculos radicales de forma directa<\/strong>, que hab\u00edan anunciado desde d\u00edas atr\u00e1s su intenci\u00f3n de acudir para \u00abluchar contra el fascismo\u00bb en el campus universitario. \u00abCondenamos de manera rotunda los altercados en Pamplona. Lo dijimos: no quer\u00edamos que Vito Quiles viniera a esta comunidad. Los extremos generan odio y violencia\u00bb, afirmaban este viernes desde el Partido Socialista de Navarra (PSN), y a\u00f1ad\u00edan: \u00abRechazamos las palabras de Uni\u00f3n del Pueblo Navarro (UPN) y el PP y pedimos su rectificaci\u00f3n. No estamos detr\u00e1s de estos incidentes\u00bb. <\/p>\n<p class=\"voc-p\" style=\"\">Ambos partidos hab\u00edan denunciado la supuesta connivencia del PSN con lo sucedido, pues el jueves, antes de hacerle parcialmente responsable de la violencia, hab\u00edan celebrado la cancelaci\u00f3n del acto de Quiles, acus\u00e1ndole de tratar de \u00abromper la convivencia\u00bb en la Comunidad Foral. \u00abEl PSN es c\u00f3mplice de la vuelta de la &#8216;kale borroka&#8217; y de la violencia fascista aberzale a las calles de Pamplona. No se puede ir de la mano de EH Bildu. <strong>No se puede condenar con tibieza<\/strong> y al d\u00eda siguiente hacer como si nada hubiera pasado\u00bb, dijo ayer Cristina Ibarrola, a quien relegaron de la alcald\u00eda los socialistas apoyando una moci\u00f3n de censura junto a EH BIldu en favor de Joseba Asir\u00f3n en diciembre de 2023. Una l\u00ednea similar a la mantenida por el PP, cuyas nuevas generaciones (NNGG) se\u00f1alaban a las juventudes del PSOE en Navarra por escribir lo siguiente tras la cancelaci\u00f3n del evento de Quiles: \u00abHemos ganado. Cierre al salir\u00bb. <\/p>\n<p>\nMarlaska y los conceptos\n<\/p>\n<p class=\"voc-p\" style=\"\">M\u00e1s all\u00e1 de Navarra y el Pa\u00eds Vasco, donde act\u00faan principalmente estos grupos radicales, ning\u00fan l\u00edder del PSOE a nivel nacional ha emitido una condena expresa del protagonismo que est\u00e1n adquiriendo los \u00faltimos meses. S\u00ed es cierto que el ministro del Interior, <strong>Fernando Grande-Marlaska, se ha pronunciado ya en varias ocasiones<\/strong> sobre el asunto, negando que la creciente violencia callejera organizada se pueda calificar t\u00e9cnicamente como \u00abkale borroka\u00bb. Primero, tras los incidentes ocurridos a mediados de septiembre en Madrid con la llegada de la Vuelta ciclista a Espa\u00f1a. M\u00e1s tarde, tras los disturbios sucedidos en Vitoria, cuando, de forma similar a lo ocurrido el jueves en Pamplona, centenares de encapuchados se enfrentaron a miembros de Falange Espa\u00f1ola de las JONS en una protesta convocada por este partido en el D\u00eda de la Hispanidad.<\/p>\n<p class=\"voc-p\" style=\"\">La semana pasada, Marlaska volvi\u00f3 a incidir en la idea. \u00abHay que <strong>tener mucho cuidado en la definici\u00f3n de los actos violentos<\/strong> que puedan suceder en las calles del Pa\u00eds Vasco o del resto de Espa\u00f1a\u00bb, dijo la semana pasada durante la inauguraci\u00f3n de la nueva comisar\u00eda Provincial en la capital alavesa, desde donde ped\u00eda ser cautos para \u00abno extender ese concepto a otros hechos que no dejan de ser graves, pero que no tienen ni la entidad ni las caracter\u00edsticas, por la finalidad que tiene la kale borroka\u00bb. Ha sido el propio Gobierno vasco quien ya ha reconocido que su actividad recuerda a la violencia ejercida en otro tiempo por ETA. Y, seg\u00fan ha podido saber este peri\u00f3dico, las Fuerzas y Cuerpos de Seguridad llevan tiempo monitoreando la actividad de estas agrupaciones, que crecen en sectores juveniles, dominan espacios como la Universidad P\u00fablica del Pa\u00eds Vasco y ya trazan alianzas con otros grupos de izquierda radical en distintos puntos del pa\u00eds. <\/p>\n<p>\nEH Bildu y sus escisiones\n<\/p>\n<p class=\"voc-p\" style=\"\">De vuelta en Pamplona y en el cap\u00edtulo de reacciones, EH Bildu tambi\u00e9n evit\u00f3 se\u00f1alar directamente a quienes se hab\u00edan enfrentado a la Polic\u00eda Nacional en las calles de la ciudad, cuando la formaci\u00f3n lleva meses inmersa en un proceso de deslegitimaci\u00f3n de la Transici\u00f3n, <strong>coloc\u00e1ndose como adalid de la defensa de los valores democr\u00e1ticos.<\/strong> \u00abAl fascismo debemos enfrentarlos en todos los \u00e1mbitos. Las instituciones deben aplicar este compromiso no solo para impedir el acceso de los ultras a los Gobiernos, sino tambi\u00e9n <a href=\"https:\/\/www.abc.es\/espana\/pais-vasco\/jovenes-aberzales-radicales-resucitan-kale-borroka-20250804040552-nt.html\" target=\"_self\" data-voc-vtm-id=\"in-text-traffic\" title=\"para acabar con los espacios de impunidad\u00bb\" data-mrf-link=\"www.abc.es\" rel=\"nofollow noopener\">para acabar con los espacios de impunidad\u00bb<\/a>, reclam\u00f3 desde la tribuna de oradores del Congreso el mi\u00e9rcoles pasado Mertxe Aizpur\u00faa, portavoz de EH Bildu que fue condenada por enaltecer el terrorismo etarra. <\/p>\n<p class=\"voc-p\" style=\"\">Ayer, al mismo tiempo que EH Bildu sacaba pecho por facilitar con su abstenci\u00f3n los presupuestos de la socialista Mar\u00eda Chivite, Joseba Asir\u00f3n afirmaba que lo sucedido en la Universidad tendr\u00eda dos explicaciones: \u00abUna es que todav\u00eda hay quien pretende de alguna manera provocar (en referencia a Quiles) y, en segundo t\u00e9rmino,<strong> tambi\u00e9n que hay quien entra en las provocaciones\u00bb<\/strong>. Adem\u00e1s de Gazte Koordinadora Sozialista y Jardun (escisiones juveniles de la \u00abizquierda aberzale oficial\u00bb), entre los grupos que contraprogramaban el evento de Quiles estaba Ernai, las juventudes del partido liderado por Arnaldo Otegi. As\u00ed, preguntado por la responsabilidad de los &#8216;cachorros&#8217; de su formaci\u00f3n en los altercados, el alcalde de Pamplona respondi\u00f3: \u00abNo s\u00e9 exactamente ni creo que sea ahora mismo lo m\u00e1s importante saber qui\u00e9n tiene inicialmente la culpa\u00bb.<\/p>\n","protected":false},"excerpt":{"rendered":"Dos detenidos y seis personas heridas durante los disturbios del jueves pasado en Pamplona. Entre ellas, cuatro agentes&hellip;\n","protected":false},"author":2,"featured_media":212454,"comment_status":"","ping_status":"","sticky":false,"template":"","format":"standard","meta":{"footnotes":""},"categories":[8],"tags":[57323,17,18,1346,9873,25,24,12041,13,14,11,6326,57322,19,20,9,10,15,16,1358,23,12,21,22,1357],"class_list":{"0":"post-212453","1":"post","2":"type-post","3":"status-publish","4":"format-standard","5":"has-post-thumbnail","7":"category-espana","8":"tag-borroka","9":"tag-breaking-news","10":"tag-breakingnews","11":"tag-calles","12":"tag-condenar","13":"tag-es","14":"tag-espana","15":"tag-evita","16":"tag-featured-news","17":"tag-featurednews","18":"tag-headlines","19":"tag-izquierda","20":"tag-kale","21":"tag-latest-news","22":"tag-latestnews","23":"tag-news","24":"tag-noticias","25":"tag-noticias-destacadas","26":"tag-noticiasdestacadas","27":"tag-pamplona","28":"tag-spain","29":"tag-titulares","30":"tag-ultimas-noticias","31":"tag-ultimasnoticias","32":"tag-vuelta"},"share_on_mastodon":{"url":"https:\/\/pubeurope.com\/@es\/115473894929828526","error":""},"_links":{"self":[{"href":"https:\/\/www.europesays.com\/es\/wp-json\/wp\/v2\/posts\/212453","targetHints":{"allow":["GET"]}}],"collection":[{"href":"https:\/\/www.europesays.com\/es\/wp-json\/wp\/v2\/posts"}],"about":[{"href":"https:\/\/www.europesays.com\/es\/wp-json\/wp\/v2\/types\/post"}],"author":[{"embeddable":true,"href":"https:\/\/www.europesays.com\/es\/wp-json\/wp\/v2\/users\/2"}],"replies":[{"embeddable":true,"href":"https:\/\/www.europesays.com\/es\/wp-json\/wp\/v2\/comments?post=212453"}],"version-history":[{"count":0,"href":"https:\/\/www.europesays.com\/es\/wp-json\/wp\/v2\/posts\/212453\/revisions"}],"wp:featuredmedia":[{"embeddable":true,"href":"https:\/\/www.europesays.com\/es\/wp-json\/wp\/v2\/media\/212454"}],"wp:attachment":[{"href":"https:\/\/www.europesays.com\/es\/wp-json\/wp\/v2\/media?parent=212453"}],"wp:term":[{"taxonomy":"category","embeddable":true,"href":"https:\/\/www.europesays.com\/es\/wp-json\/wp\/v2\/categories?post=212453"},{"taxonomy":"post_tag","embeddable":true,"href":"https:\/\/www.europesays.com\/es\/wp-json\/wp\/v2\/tags?post=212453"}],"curies":[{"name":"wp","href":"https:\/\/api.w.org\/{rel}","templated":true}]}}