{"id":212457,"date":"2025-11-01T10:15:17","date_gmt":"2025-11-01T10:15:17","guid":{"rendered":"https:\/\/www.europesays.com\/es\/212457\/"},"modified":"2025-11-01T10:15:17","modified_gmt":"2025-11-01T10:15:17","slug":"fuertes-vientos-calor-y-el-susto-de-andri-frischknecht-suspenden-la-etapa-reina-de-la-gravel-burn","status":"publish","type":"post","link":"https:\/\/www.europesays.com\/es\/212457\/","title":{"rendered":"Fuertes vientos, calor y el susto de Andri Frischknecht suspenden la etapa reina de la Gravel Burn"},"content":{"rendered":"<p>La sexta etapa de la Gravel Burn 2025, prevista entre Merino Farm y Gwanishi con 144 kil\u00f3metros, fue neutralizada por decisi\u00f3n de la organizaci\u00f3n debido a las condiciones meteorol\u00f3gicas extremas registradas en el recorrido.<\/p>\n<p>Vientos cruzados de gran intensidad, acompa\u00f1ados de lluvia en las primeras horas de la ma\u00f1ana y un aumento progresivo de las temperaturas hasta los 35 \u00b0C, obligaron a suspender la competici\u00f3n para garantizar la seguridad de los participantes.<\/p>\n<p>Los corredores fueron evacuados temporalmente de sus alojamientos en el campamento principal (Burn Camp) y concentrados en una zona segura mientras la direcci\u00f3n de carrera evaluaba la situaci\u00f3n. Finalmente, el inicio se retras\u00f3 una hora y se permiti\u00f3 rodar en modo neutralizado hasta el punto de control Padstal 1, en el kil\u00f3metro 46, antes de confirmar la neutralizaci\u00f3n completa de la etapa.<\/p>\n<p>El fundador del evento, Kevin Vermaak, explic\u00f3 la decisi\u00f3n: \u201cHa sido una circunstancia desafortunada, pero queremos agradecer la actitud positiva de todos los corredores y el esfuerzo del personal del evento durante el d\u00eda. La seguridad siempre es la prioridad\u201d.<\/p>\n<p><img class=\" lazyload\" border=\"0\" alt=\"Fuertes vientos, calor y el susto de Andri Frischknecht suspenden la etapa reina de la Gravel Burn\" width=\"2048\" height=\"1152\"  data-\/><\/p>\n<p>\u00a0<\/p>\n<p>Durante la secci\u00f3n neutralizada, el suizo <strong>Andri Frischknecht (Scott SRAM) sufri\u00f3 una ca\u00edda provocada por los fuertes vientos laterales en el kil\u00f3metro 36<\/strong>. El corredor fue trasladado al hospital con conmoci\u00f3n cerebral y lesi\u00f3n en el hombro, aunque su estado es estable. La organizaci\u00f3n ha mantenido contacto con el equipo m\u00e9dico y le ha deseado una pronta recuperaci\u00f3n.<\/p>\n<p>La jornada termin\u00f3 con los ciclistas completando el tramo restante en modo recreativo, aprovechando para disfrutar del paisaje del Great Karoo y del ambiente entre participantes antes de llegar al campamento de Gwanishi, punto de partida de la \u00faltima etapa hacia Shamwari Private Game Reserve, donde finalizar\u00e1 esta primera edici\u00f3n del Gravel Burn.<\/p>\n<p>Clasificaci\u00f3n general tras la Etapa 5 (\u00faltima v\u00e1lida)<\/p>\n<p><strong>Pro Hombres<\/strong><\/p>\n<ol>&#13;<\/p>\n<li>Matt Beers \u2013 Specialized Off-Road \u2013 Toyota \u2013 15:46:42<\/li>\n<p>&#13;<\/p>\n<li>Simon Pellaud \u2013 Tudor Pro Cycling \u2013 +0:33<\/li>\n<p>&#13;<\/p>\n<li>Hugo Drechou \u2013 Num\u00e9ro31.cc \/ Pinarello \u2013 +6:42<\/li>\n<p>&#13;<\/p>\n<li>Lukas Baum \u2013 Orbea x Leatt Speed Company \u2013 +8:28<\/li>\n<p>&#13;<\/p>\n<li>Tristan Nortje \u2013 Imbuko ChemChamp \u2013 +9:19<\/li>\n<p>&#13;\n<\/ol>\n<p><strong>Pro Mujeres<\/strong><\/p>\n<ol>&#13;<\/p>\n<li>Ashleigh Moolman-Pasio \u2013 AG Insurance Soudal \u2013 19:39:21<\/li>\n<p>&#13;<\/p>\n<li>Melisa Rollins \u2013 Liv Racing Collective \u2013 +4:20<\/li>\n<p>&#13;<\/p>\n<li>Hayley Preen \u2013 ChemChamp Honeycomb 226ers \u2013 +6:31<\/li>\n<p>&#13;<\/p>\n<li>Lauren Stephens \u2013 Aegis Cycling Foundation \u2013 +7:01<\/li>\n<p>&#13;<\/p>\n<li>Axelle Dubau-Pr\u00e9vot \u2013 Num\u00e9ro 31 par Caf\u00e9 du Cycliste \/ Pinarello \u2013 +8:54<\/li>\n<p>&#13;\n<\/ol>\n","protected":false},"excerpt":{"rendered":"La sexta etapa de la Gravel Burn 2025, prevista entre Merino Farm y Gwanishi con 144 kil\u00f3metros, fue&hellip;\n","protected":false},"author":2,"featured_media":212458,"comment_status":"","ping_status":"","sticky":false,"template":"","format":"standard","meta":{"footnotes":""},"categories":[273],"tags":[313,312,168,25,24,23,167],"class_list":{"0":"post-212457","1":"post","2":"type-post","3":"status-publish","4":"format-standard","5":"has-post-thumbnail","7":"category-ciclismo","8":"tag-ciclismo","9":"tag-cycling","10":"tag-deportes","11":"tag-es","12":"tag-espana","13":"tag-spain","14":"tag-sports"},"share_on_mastodon":{"url":"https:\/\/pubeurope.com\/@es\/115473922343745371","error":""},"_links":{"self":[{"href":"https:\/\/www.europesays.com\/es\/wp-json\/wp\/v2\/posts\/212457","targetHints":{"allow":["GET"]}}],"collection":[{"href":"https:\/\/www.europesays.com\/es\/wp-json\/wp\/v2\/posts"}],"about":[{"href":"https:\/\/www.europesays.com\/es\/wp-json\/wp\/v2\/types\/post"}],"author":[{"embeddable":true,"href":"https:\/\/www.europesays.com\/es\/wp-json\/wp\/v2\/users\/2"}],"replies":[{"embeddable":true,"href":"https:\/\/www.europesays.com\/es\/wp-json\/wp\/v2\/comments?post=212457"}],"version-history":[{"count":0,"href":"https:\/\/www.europesays.com\/es\/wp-json\/wp\/v2\/posts\/212457\/revisions"}],"wp:featuredmedia":[{"embeddable":true,"href":"https:\/\/www.europesays.com\/es\/wp-json\/wp\/v2\/media\/212458"}],"wp:attachment":[{"href":"https:\/\/www.europesays.com\/es\/wp-json\/wp\/v2\/media?parent=212457"}],"wp:term":[{"taxonomy":"category","embeddable":true,"href":"https:\/\/www.europesays.com\/es\/wp-json\/wp\/v2\/categories?post=212457"},{"taxonomy":"post_tag","embeddable":true,"href":"https:\/\/www.europesays.com\/es\/wp-json\/wp\/v2\/tags?post=212457"}],"curies":[{"name":"wp","href":"https:\/\/api.w.org\/{rel}","templated":true}]}}