{"id":212473,"date":"2025-11-01T10:26:08","date_gmt":"2025-11-01T10:26:08","guid":{"rendered":"https:\/\/www.europesays.com\/es\/212473\/"},"modified":"2025-11-01T10:26:08","modified_gmt":"2025-11-01T10:26:08","slug":"salud-habilita-34-puntos-de-vacunacion-por-las-tardes-sin-cita-previa-para-facilitar-la-proteccion-de-la-ciudadania-frente-a-la-gripe-salud-habilita-34-puntos-de-vacunacion-por-las-tardes-sin-cit","status":"publish","type":"post","link":"https:\/\/www.europesays.com\/es\/212473\/","title":{"rendered":"Salud habilita 34 puntos de vacunaci\u00f3n por las tardes, sin cita previa, para facilitar la protecci\u00f3n de la ciudadan\u00eda frente a la gripe &#8211; Salud habilita 34 puntos de vacunaci\u00f3n por las tardes, sin cita previa, para facilitar la protecci\u00f3n de la ciudadan\u00eda frente a la gripe"},"content":{"rendered":"\n<p><strong>\u2022\u00a0\u00a0 \u00a0En las comarcas con m\u00e1s poblaci\u00f3n, con cabecera en Oviedo, Gij\u00f3n y Avil\u00e9s, la medida se extender\u00e1 durante la primera quincena de noviembre<\/strong><\/p>\n<p>El servicio estar\u00e1 operativo en la primera semana de este mes en todas las \u00e1reas sanitarias<\/p>\n<p>El Servicio de Salud del Principado (Sespa) habilitar\u00e1 34 puntos de vacunaci\u00f3n en horario de tarde y sin cita previa para favorecer la protecci\u00f3n de la ciudadan\u00eda frente a la gripe. Esta opci\u00f3n estar\u00e1 operativa durante la primera semana de este mes en todas las \u00e1reas sanitarias.\u00a0<\/p>\n<p>Adem\u00e1s, en las zonas con mayor densidad de poblaci\u00f3n, que coinciden con las comarcas de Oviedo, Gij\u00f3n y Avil\u00e9s, esta alternativa de inmunizaci\u00f3n se prolongar\u00e1 durante dos semanas, hasta el d\u00eda 14.<\/p>\n<p>Con esta medida, Salud persigue facilitar la protecci\u00f3n de las personas con mayor vulnerabilidad o exposici\u00f3n laboral, entre ellas, la poblaci\u00f3n de 60 a\u00f1os y m\u00e1s, residentes en centros sociosanitarios, mujeres embarazadas, menores de 6 a 59 meses, personas con enfermedades cr\u00f3nicas o inmunosupresi\u00f3n y profesionales sanitarios y sociosanitarios.<\/p>\n<p>La gripe puede causar complicaciones graves, especialmente en mayores, ni\u00f1os peque\u00f1os y en quienes sufren enfermedades cr\u00f3nicas. Las vacunas, que son seguras y eficaces, constituyen la mejor herramienta para hacer frente a esos riesgos.<\/p>\n<p>Hasta el pasado 26 de octubre se hab\u00edan vacunado en Asturias 58.595 personas mayores de 64 a\u00f1os, lo que supone una cobertura del 19,5%; 2.359 menores de cinco a\u00f1os (12,48%) y 719 mujeres embarazadas.\u00a0<\/p>\n<p>Los puntos de vacunaci\u00f3n que el Sespa abrir\u00e1 en todas las \u00e1reas sanitarias en horario de tarde se detallan en la siguiente tabla:<\/p>\n<p>\u00a0<\/p>\n<p><img decoding=\"async\" data-fileentryid=\"2898196\" src=\"https:\/\/www.europesays.com\/es\/wp-content\/uploads\/2025\/11\/94f6f870-2646-a3c5-a3d1-baa30071cf9f\"\/><\/p>\n<p>\u00a0<\/p>\n","protected":false},"excerpt":{"rendered":"\u2022\u00a0\u00a0 \u00a0En las comarcas con m\u00e1s poblaci\u00f3n, con cabecera en Oviedo, Gij\u00f3n y Avil\u00e9s, la medida se extender\u00e1&hellip;\n","protected":false},"author":2,"featured_media":212474,"comment_status":"","ping_status":"","sticky":false,"template":"","format":"standard","meta":{"footnotes":""},"categories":[92],"tags":[57328,57327,25,24,165,57329,166,23],"class_list":{"0":"post-212473","1":"post","2":"type-post","3":"status-publish","4":"format-standard","5":"has-post-thumbnail","7":"category-salud","8":"tag-cuidados-de-la-salud","9":"tag-destacadas-portada-centro","10":"tag-es","11":"tag-espana","12":"tag-health","13":"tag-ods-3-salud-y-bienestar","14":"tag-salud","15":"tag-spain"},"share_on_mastodon":{"url":"https:\/\/pubeurope.com\/@es\/115473966014038501","error":""},"_links":{"self":[{"href":"https:\/\/www.europesays.com\/es\/wp-json\/wp\/v2\/posts\/212473","targetHints":{"allow":["GET"]}}],"collection":[{"href":"https:\/\/www.europesays.com\/es\/wp-json\/wp\/v2\/posts"}],"about":[{"href":"https:\/\/www.europesays.com\/es\/wp-json\/wp\/v2\/types\/post"}],"author":[{"embeddable":true,"href":"https:\/\/www.europesays.com\/es\/wp-json\/wp\/v2\/users\/2"}],"replies":[{"embeddable":true,"href":"https:\/\/www.europesays.com\/es\/wp-json\/wp\/v2\/comments?post=212473"}],"version-history":[{"count":0,"href":"https:\/\/www.europesays.com\/es\/wp-json\/wp\/v2\/posts\/212473\/revisions"}],"wp:featuredmedia":[{"embeddable":true,"href":"https:\/\/www.europesays.com\/es\/wp-json\/wp\/v2\/media\/212474"}],"wp:attachment":[{"href":"https:\/\/www.europesays.com\/es\/wp-json\/wp\/v2\/media?parent=212473"}],"wp:term":[{"taxonomy":"category","embeddable":true,"href":"https:\/\/www.europesays.com\/es\/wp-json\/wp\/v2\/categories?post=212473"},{"taxonomy":"post_tag","embeddable":true,"href":"https:\/\/www.europesays.com\/es\/wp-json\/wp\/v2\/tags?post=212473"}],"curies":[{"name":"wp","href":"https:\/\/api.w.org\/{rel}","templated":true}]}}