{"id":212476,"date":"2025-11-01T10:28:12","date_gmt":"2025-11-01T10:28:12","guid":{"rendered":"https:\/\/www.europesays.com\/es\/212476\/"},"modified":"2025-11-01T10:28:12","modified_gmt":"2025-11-01T10:28:12","slug":"donde-encontrar-el-ipad-con-mejor-relacion-rendimiento-precio-de-todo-el-black-friday-2025","status":"publish","type":"post","link":"https:\/\/www.europesays.com\/es\/212476\/","title":{"rendered":"D\u00f3nde encontrar el iPad con mejor relaci\u00f3n rendimiento-precio de todo el Black Friday 2025"},"content":{"rendered":"<p>Cada a\u00f1o, el Black Friday deja un ganador inesperado. En 2025, ese t\u00edtulo podr\u00eda llevarlo el <b>iPad Air 6 (2024) con chip M2<\/b>, un dispositivo que apenas lleva un a\u00f1o y medio en el mercado y que ya puede encontrarse<b> reacondicionado en Back Market por 432\u20ac<\/b>, frente a los m\u00e1s de 700\u20ac que cuesta en tiendas tradicionales.<\/p>\n<p>La diferencia de precio no es un peque\u00f1o descuento: es una oportunidad real de hacerse con una tablet casi de gama \u201cPro\u201d a precio de gama media. Y lo mejor es que, en rendimiento y experiencia de uso, no hay pr\u00e1cticamente sacrificios.<\/p>\n<p>El equilibrio que define la gama Air<img decoding=\"async\" loading=\"lazy\" src=\"https:\/\/www.europesays.com\/es\/wp-content\/uploads\/2025\/11\/ipad-air-6_58.jpg\" alt=\"iPad Air 6\" width=\"2560\" height=\"1440\"\/><b>iPad Air 6<\/b>GoogleGoogle<\/p>\n<p>El iPad Air siempre ha sido el modelo m\u00e1s sensato del cat\u00e1logo de Apple: <b>un producto que ofrece el rendimiento de los iPad Pro sin el precio que los acompa\u00f1a.<\/b> Esta sexta generaci\u00f3n refuerza esa idea con el <b>chip M2<\/b>, el mismo procesador que montan los MacBook Air m\u00e1s vendidos actualmente y que multiplica la fluidez en todo tipo de tareas, desde la edici\u00f3n de v\u00eddeo 4K hasta los juegos de alto nivel gr\u00e1fico.<\/p>\n<p>La <b>pantalla Liquid Retina de 11 pulgadas<\/b> mantiene la fidelidad de color y los <b>500 nits de brillo <\/b>t\u00edpicos de los paneles de Apple, perfecta tanto para trabajar con precisi\u00f3n como para ver contenido <b>HDR<\/b>. Pesa apenas 462 g, tiene <b>Touch ID integrado<\/b> en el bot\u00f3n superior, y su compatibilidad con el <b>Apple Pencil Pro o el Magic Keyboard<\/b> lo convierte en una herramienta tan v\u00e1lida para dise\u00f1adores como para estudiantes o profesionales m\u00f3viles.<\/p>\n<p>Por potencia, autonom\u00eda y calidad de construcci\u00f3n, <b>sigue siendo una de las tablets m\u00e1s redondas que existen.<\/b> Y que ahora se pueda conseguir por poco m\u00e1s de 400\u20ac cambia completamente las reglas del juego.<\/p>\n<p>Reacondicionado: el mejor \u201ctruco\u201d del Black Friday<img decoding=\"async\" loading=\"lazy\" src=\"https:\/\/www.europesays.com\/es\/wp-content\/uploads\/2025\/11\/back-market_58.jpg\" alt=\"Back Market\" width=\"498\" height=\"335\"\/><b>Back Market<\/b>Back MarketBack Market<\/p>\n<p>En <b>Back Market,<\/b> este <b>iPad Air 6 reacondicionado<\/b> no es un dispositivo usado, sino un producto revisado a fondo. Cada unidad pasa pruebas de bater\u00eda, pantalla, puertos, c\u00e1maras y conectividad antes de salir a la venta. El resultado es un dispositivo en perfecto estado, con garant\u00eda de hasta dos a\u00f1os y 30 d\u00edas de prueba, que llega limpio, calibrado y listo para usar desde el primer encendido.<\/p>\n<p>El ahorro es tan considerable que incluso quienes pensaban esperar al iPad Air 7 pueden plantearse este modelo sin dudarlo: mismo chip, mismo dise\u00f1o y misma experiencia, pero<b> a un precio un 40% m\u00e1s bajo.<\/b> Adem\u00e1s, al tratarse de una compra reacondicionada, se evita generar residuos electr\u00f3nicos innecesarios y se extiende la vida \u00fatil de un dispositivo fabricado para durar.<\/p>\n<p>La opci\u00f3n m\u00e1s racional del Black Friday<\/p>\n<p>A medida que el <b>Black Friday <\/b>se acerca \u2014<b>el viernes 28 de noviembre<\/b>\u2014, muchas de las ofertas m\u00e1s llamativas giran en torno a televisores o m\u00f3viles. Pero si lo que se busca es un dispositivo realmente vers\u00e1til, capaz de rendir como un port\u00e1til y mantenerse vigente durante a\u00f1os, este <b>iPad Air M2<\/b><b>reacondicionado<\/b> est\u00e1 en otra liga.<\/p>\n<p>Ofrece potencia profesional, compatibilidad total con el ecosistema Apple y una calidad de pantalla que sigue siendo referencia en el mercado. Todo ello por menos de lo que cuesta un smartphone de gama media en 2025.<\/p>\n<p>Los art\u00edculos publicados en la secci\u00f3n \u201cDe compras\u201d est\u00e1n pensados para ayudarte a descubrir productos que pueden interesarte. Algunos de los enlaces incluidos son de afiliados lo que significa que si realizas una compra a trav\u00e9s de ellos La Raz\u00f3n podr\u00eda recibir una peque\u00f1a comisi\u00f3n sin que esto influya en nuestras recomendaciones ni en el precio que pagas.<\/p>\n","protected":false},"excerpt":{"rendered":"Cada a\u00f1o, el Black Friday deja un ganador inesperado. En 2025, ese t\u00edtulo podr\u00eda llevarlo el iPad Air&hellip;\n","protected":false},"author":2,"featured_media":212477,"comment_status":"","ping_status":"","sticky":false,"template":"","format":"standard","meta":{"footnotes":""},"categories":[81],"tags":[119,123,124,25,24,117,121,122,23,118,120],"class_list":{"0":"post-212476","1":"post","2":"type-post","3":"status-publish","4":"format-standard","5":"has-post-thumbnail","7":"category-ciencia-y-tecnologia","8":"tag-ciencia","9":"tag-ciencia-y-tecnologia","10":"tag-cienciaytecnologia","11":"tag-es","12":"tag-espana","13":"tag-science","14":"tag-science-and-technology","15":"tag-scienceandtechnology","16":"tag-spain","17":"tag-technology","18":"tag-tecnologia"},"share_on_mastodon":{"url":"https:\/\/pubeurope.com\/@es\/115473974036833668","error":""},"_links":{"self":[{"href":"https:\/\/www.europesays.com\/es\/wp-json\/wp\/v2\/posts\/212476","targetHints":{"allow":["GET"]}}],"collection":[{"href":"https:\/\/www.europesays.com\/es\/wp-json\/wp\/v2\/posts"}],"about":[{"href":"https:\/\/www.europesays.com\/es\/wp-json\/wp\/v2\/types\/post"}],"author":[{"embeddable":true,"href":"https:\/\/www.europesays.com\/es\/wp-json\/wp\/v2\/users\/2"}],"replies":[{"embeddable":true,"href":"https:\/\/www.europesays.com\/es\/wp-json\/wp\/v2\/comments?post=212476"}],"version-history":[{"count":0,"href":"https:\/\/www.europesays.com\/es\/wp-json\/wp\/v2\/posts\/212476\/revisions"}],"wp:featuredmedia":[{"embeddable":true,"href":"https:\/\/www.europesays.com\/es\/wp-json\/wp\/v2\/media\/212477"}],"wp:attachment":[{"href":"https:\/\/www.europesays.com\/es\/wp-json\/wp\/v2\/media?parent=212476"}],"wp:term":[{"taxonomy":"category","embeddable":true,"href":"https:\/\/www.europesays.com\/es\/wp-json\/wp\/v2\/categories?post=212476"},{"taxonomy":"post_tag","embeddable":true,"href":"https:\/\/www.europesays.com\/es\/wp-json\/wp\/v2\/tags?post=212476"}],"curies":[{"name":"wp","href":"https:\/\/api.w.org\/{rel}","templated":true}]}}