{"id":212492,"date":"2025-11-01T10:42:13","date_gmt":"2025-11-01T10:42:13","guid":{"rendered":"https:\/\/www.europesays.com\/es\/212492\/"},"modified":"2025-11-01T10:42:13","modified_gmt":"2025-11-01T10:42:13","slug":"de-la-autoexigencia-a-querer-ser-invisible","status":"publish","type":"post","link":"https:\/\/www.europesays.com\/es\/212492\/","title":{"rendered":"de la autoexigencia a \u00abquerer ser invisible\u00bb"},"content":{"rendered":"<p data-journey-content=\"true\" data-node-id=\"3\" class=\"css-6wxqfj emevuu60\">Jorge Gonz\u00e1lez se ha roto en el plat\u00f3 de &#8216;De Viernes&#8217; al recordar la parte m\u00e1s dura de su infancia. Despu\u00e9s de<a href=\"https:\/\/www.diezminutos.es\/famosos-corazon\/famosos-espanoles\/a69158412\/jesus-vazquez-llorar-bailando-con-las-estrellas-bullying-jorge-gonzalez\/\" target=\"_blank\" data-vars-ga-outbound-link=\"https:\/\/www.diezminutos.es\/famosos-corazon\/famosos-espanoles\/a69158412\/jesus-vazquez-llorar-bailando-con-las-estrellas-bullying-jorge-gonzalez\/\" data-vars-ga-ux-element=\"Hyperlink\" data-vars-ga-call-to-action=\" haber confesado en &#039;Bailando con las estrellas&#039;\" data-node-id=\"3.1\" class=\"body-link css-177bzfx emevuu60\" rel=\"nofollow noopener\"> haber confesado en &#8216;Bailando con las estrellas&#8217;<\/a> <strong data-node-id=\"3.3\">lo mal que <\/strong><strong data-node-id=\"3.4\">lo pas\u00f3 por repetidos episodios de bullying en la infancia, <\/strong>se ha sentado en el sof\u00e1 del programa para hablar de su paso por el programa y hacer un importante alegato en contra de estos abusos que a d\u00eda de hoy siguen repiti\u00e9ndose. \u00abTener espacios como este para hablar del tema creo que es muy importante, porque es cosa de todos\u00bb.<\/p>\n<p data-journey-content=\"true\" data-node-id=\"6\" class=\"css-6wxqfj emevuu60\">\u00abSales adelante, con ayuda pero eso lo vas a llevar toda tu vida\u00bb, ha asegurado el artista quien ha confesado que a d\u00eda de hoy, todav\u00eda le quedan restos de ese trauma convertido en autoexigencia y querer ser invisible. <strong data-node-id=\"6.1\">\u00abAprendes a vivir con ello, y sales adelante, pero si algo te remueve, sale\u00bb,<\/strong> ha declarado.<\/p>\n<p><img draggable=\"true\" alt=\"jorge gonzalez de viernes\" title=\"jorge gonzalez de viernes\" loading=\"lazy\" width=\"2500\" height=\"1405\" decoding=\"async\" data-nimg=\"1\" style=\"color:transparent;width:100%;height:auto;\"   src=\"https:\/\/www.europesays.com\/es\/wp-content\/uploads\/2025\/11\/jorge-de-viernes-69055a2699be8.jpg\" class=\"css-0 e1g79fud0\"\/><\/p>\n<p>Telecinco<\/p>\n<p data-journey-content=\"true\" data-node-id=\"9\" class=\"css-6wxqfj emevuu60\">En su relato, ha se\u00f1alado que muchos de los episodios no se los contaba a su familia para no preocuparles, pero todos le dejaron huella. <strong data-node-id=\"9.1\">\u00abLa pregunta siempre es &#8216;\u00bfpor qu\u00e9? \u00bfQu\u00e9 he hecho?'\u00bb, <\/strong>ha sentenciado. Una situaci\u00f3n que ha acarreado a d\u00eda de hoy cuando ha sufrido <a href=\"https:\/\/www.diezminutos.es\/famosos-corazon\/famosos-espanoles\/a46703297\/jorge-gonzalez-denuncia-haters-benidorm-fest-de-viernes\/\" target=\"_blank\" data-vars-ga-outbound-link=\"https:\/\/www.diezminutos.es\/famosos-corazon\/famosos-espanoles\/a46703297\/jorge-gonzalez-denuncia-haters-benidorm-fest-de-viernes\/\" data-vars-ga-ux-element=\"Hyperlink\" data-vars-ga-call-to-action=\"cr\u00edticas por algunas de sus actuaciones, como el Benidorm Fest.\" data-node-id=\"9.3\" class=\"body-link css-177bzfx emevuu60\" rel=\"nofollow noopener\">cr\u00edticas por algunas de sus actuaciones, como el Benidorm Fest.<\/a><\/p>\n<p>El silencio de los profesores<\/p>\n<p data-journey-content=\"true\" data-node-id=\"14\" class=\"css-6wxqfj emevuu60\">Jorge Gonz\u00e1lez ha relato varios episodios muy duros que vivi\u00f3 en el colegio, subrayando que lo que m\u00e1s le doli\u00f3 fue que nadie le defendi\u00f3, ni siquiera el profesorado. \u00abEn el colegio nos dieron una receta y hab\u00eda que hacer un pastel. Llev\u00e9 la receta a mi casa todo emocionado, para pedir esa ayuda. <strong data-node-id=\"14.1\">Yo llev\u00e9 el pastel al colegio, vino el recreo y cuando vuelvo, estaba lleno de escupitajos.<\/strong> No pod\u00eda creerme eso. Nadie me defendi\u00f3 en ese momento\u00bb, relataba. <\/p>\n<p>El apoyo de su compa\u00f1era Gema<\/p>\n<p data-journey-content=\"true\" data-node-id=\"17\" class=\"css-6wxqfj emevuu60\">Durante el concurso, estas inseguridades son parte de sus actuaciones. De hecho, ha relatado que antes de salir al escenario siempre se debate sobre si lo que har\u00e1 ser\u00e1 suficiente para poder gustar al jurado. <strong data-node-id=\"17.1\">Exigencias con las que lidia mucho mejor con su compa\u00f1era y maestra, Gema. <\/strong>\u00abYo soy muy exigente y me est\u00e1 sirviendo de autoterapia. Tener que calmarle a \u00e9l me est\u00e1 haciendo darme cuenta que no hay que ser tan exigente\u00bb, ha sentenciado ella.<\/p>\n<p data-journey-content=\"true\" data-node-id=\"19\" class=\"css-6wxqfj emevuu60\">Lo cierto es que ambos <strong data-node-id=\"19.1\">hacen <\/strong><strong data-node-id=\"19.2\">un t\u00e1ndem perfecto en la pista de baile y parece ser que tambi\u00e9n fuera<\/strong>. Maestra y alumno han generado una bonita amistad que se est\u00e1 traspasando al concurso y haciendo que sean una de la pareja favorita para ganar esta edici\u00f3n. <\/p>\n<p><img src=\"https:\/\/www.europesays.com\/es\/wp-content\/uploads\/2025\/11\/1761993733_346_323095e3-d675-4360-ad79-c3a735f161a1_1681830139.file\" alt=\"Headshot of Aroa D\u00edaz\" title=\"Headshot of Aroa D\u00edaz\" width=\"100%\" height=\"100%\" decoding=\"async\" loading=\"lazy\" class=\"css-o0wq4v ev8dhu53\"\/><\/p>\n<p>Aroa D\u00edaz es experta en realities, televisi\u00f3n y actualidad en general. No hay momento del d\u00eda en el que no tenga encendida la televisi\u00f3n conociendo los \u00faltimos desvelos de los famosos, disfrutando de los realities como Supervivientes o de los concursos m\u00e1s rocambolescos. Las \u00faltimas novedades de los famosos del coraz\u00f3n son su perdici\u00f3n y la actualidad de las Casas Reales, su gran pasi\u00f3n. \u00a0\u00a0<\/p>\n<p>En sus ratos libres disfruta de las pel\u00edculas y series de moda, y bucea por los cat\u00e1logos de las plataformas de podcast buscando nuevas entrevistas y charlas de famosos.<\/p>\n<p>Adem\u00e1s, no ha parado de formarse en todos los aspectos convirti\u00e9ndose en una periodista 360: locuci\u00f3n, doblaje, grabaci\u00f3n de v\u00eddeo, periodismo m\u00f3vil, producci\u00f3n de podcast y SEO. Actualmente est\u00e1 form\u00e1ndose en el M\u00e1ster universitario de Periodismo y Comunicaci\u00f3n Digital: Datos y Nuevas Narrativas de la UOC.<\/p>\n<p>Graduada en periodismo por la Universidad Rey Juan Carlos, no ha parado de trabajar desde que obtuvo su t\u00edtulo all\u00e1 por el 2013. Despu\u00e9s de un breve impass en Palma de Mallorca, volvi\u00f3 a Legan\u00e9s donde arranc\u00f3 su experiencia con Legan\u00e9s Activo. En este tiempo he pasado por las redacciones de varios medios recayendo finalmente en Hearst Espa\u00f1a (Telenovela, Qu\u00e9 me dices y Diez Minutos). Tambi\u00e9n tiene experiencia en diferentes radios. \u00a0<\/p>\n","protected":false},"excerpt":{"rendered":"Jorge Gonz\u00e1lez se ha roto en el plat\u00f3 de &#8216;De Viernes&#8217; al recordar la parte m\u00e1s dura de&hellip;\n","protected":false},"author":2,"featured_media":212493,"comment_status":"","ping_status":"","sticky":false,"template":"","format":"standard","meta":{"footnotes":""},"categories":[174],"tags":[255,253,146,147,25,24,256,23],"class_list":{"0":"post-212492","1":"post","2":"type-post","3":"status-publish","4":"format-standard","5":"has-post-thumbnail","7":"category-famosos","8":"tag-celebrities","9":"tag-discover","10":"tag-entertainment","11":"tag-entretenimiento","12":"tag-es","13":"tag-espana","14":"tag-famosos","15":"tag-spain"},"share_on_mastodon":{"url":"https:\/\/pubeurope.com\/@es\/115474029007267789","error":""},"_links":{"self":[{"href":"https:\/\/www.europesays.com\/es\/wp-json\/wp\/v2\/posts\/212492","targetHints":{"allow":["GET"]}}],"collection":[{"href":"https:\/\/www.europesays.com\/es\/wp-json\/wp\/v2\/posts"}],"about":[{"href":"https:\/\/www.europesays.com\/es\/wp-json\/wp\/v2\/types\/post"}],"author":[{"embeddable":true,"href":"https:\/\/www.europesays.com\/es\/wp-json\/wp\/v2\/users\/2"}],"replies":[{"embeddable":true,"href":"https:\/\/www.europesays.com\/es\/wp-json\/wp\/v2\/comments?post=212492"}],"version-history":[{"count":0,"href":"https:\/\/www.europesays.com\/es\/wp-json\/wp\/v2\/posts\/212492\/revisions"}],"wp:featuredmedia":[{"embeddable":true,"href":"https:\/\/www.europesays.com\/es\/wp-json\/wp\/v2\/media\/212493"}],"wp:attachment":[{"href":"https:\/\/www.europesays.com\/es\/wp-json\/wp\/v2\/media?parent=212492"}],"wp:term":[{"taxonomy":"category","embeddable":true,"href":"https:\/\/www.europesays.com\/es\/wp-json\/wp\/v2\/categories?post=212492"},{"taxonomy":"post_tag","embeddable":true,"href":"https:\/\/www.europesays.com\/es\/wp-json\/wp\/v2\/tags?post=212492"}],"curies":[{"name":"wp","href":"https:\/\/api.w.org\/{rel}","templated":true}]}}