{"id":212496,"date":"2025-11-01T10:45:16","date_gmt":"2025-11-01T10:45:16","guid":{"rendered":"https:\/\/www.europesays.com\/es\/212496\/"},"modified":"2025-11-01T10:45:16","modified_gmt":"2025-11-01T10:45:16","slug":"la-voz-13-7-lidera-de-viernes-11-baja-y-cuatro-adelanta-a-la-1-en-la-noche-mas-terrorifica-del-ano","status":"publish","type":"post","link":"https:\/\/www.europesays.com\/es\/212496\/","title":{"rendered":"&#8216;La Voz&#8217; (13.7%) lidera, &#8216;De Viernes&#8217; (11%) baja y Cuatro adelanta a La 1 en la noche m\u00e1s terror\u00edfica del a\u00f1o"},"content":{"rendered":"<p class=\"article-text\">\n        Antena 3 fue l\u00edder de audiencia en la noche de este viernes 31 de octubre gracias a<strong> La Voz<\/strong>, sin embargo, el talent show que conduce <strong>Eva Gonz\u00e1lez <\/strong>se enfrent\u00f3 a una extra\u00f1a situaci\u00f3n: aunque sus niveles de competitividad se mantienen casi intactos, la de ayer fue su gala menos vista de la edici\u00f3n.\n    <\/p>\n<p>    <a href=\"https:\/\/www.eldiario.es\/vertele\/series\/mejores-series-noviembre-2025-mes-57-estrenos-yakarta-lqsa-final-stranger-things-netflix-amazon-prime-video-movistar-plus_1_12721214.html\" data-mrf-recirculation=\"saber-mas\" data-dl-event=\"saber-mas\" rel=\"nofollow noopener\" target=\"_blank\"><\/p>\n<p class=\"know-more__title\">Las 11 mejores series de noviembre, un mes con 57 estrenos: de &#8216;Yakarta&#8217; y &#8216;LQSA&#8217; al final de &#8216;Stranger Things&#8217;<\/p>\n<p>            <img decoding=\"async\" class=\"lazy\" loading=\"lazy\" data-src=\"https:\/\/static.eldiario.es\/clip\/420fba38-8660-45a0-8fda-43cfcf3ac142_16-9-aspect-ratio_default_0.jpg\" src=\"data:image\/svg+xml,%3Csvg xmlns=\" http:=\"\" viewbox=\"0 0 880 495\" alt=\"Las 11 mejores series de noviembre, un mes con 57 estrenos: de 'Yakarta' y 'LQSA' al final de 'Stranger Things'\"\/><\/p>\n<p>                        <\/a><\/p>\n<p class=\"article-text\">\n        El programa registr\u00f3 anoche un <strong>13.7% de cuota de pantalla y 889.000 espectadores<\/strong>, cifras que contrastan con las que firm\u00f3 la semana pasada (13.9% y 1.178.000). Por lo tanto, aunque solo baja dos d\u00e9cimas respecto a su anterior emisi\u00f3n, pierde 289.000 seguidores.\n    <\/p>\n<p class=\"article-text\">\n        La explicaci\u00f3n es sencilla: anoche se redujo el consumo televisivo en t\u00e9rminos generales, quiz\u00e1 por la festividad de Todos los Santos.\n    <\/p>\n<p>    <a href=\"https:\/\/www.eldiario.es\/vertele\/audiencias-tv\/octubre-2025-antena-3-lidera-aguanta-auge-la-1-rtve-recorta-distancias-telecinco-sigue-fuera-juego-lasexta-cuatro_1_12728911.html\" data-mrf-recirculation=\"saber-mas-abajo\" data-dl-event=\"saber-mas-abajo\" rel=\"nofollow noopener\" target=\"_blank\"><\/p>\n<p class=\"know-more__title\">Antena 3 lidera octubre y aguanta el auge de La 1, que recorta distancias, mientras Telecinco sigue fuera de juego<\/p>\n<p>            <img decoding=\"async\" class=\"lazy\" loading=\"lazy\" data-src=\"https:\/\/static.eldiario.es\/clip\/fea66019-7539-4773-a987-2f14cd492214_16-9-aspect-ratio_default_0.jpg\" src=\"data:image\/svg+xml,%3Csvg xmlns=\" http:=\"\" viewbox=\"0 0 880 495\" alt=\"Antena 3 lidera octubre y aguanta el auge de La 1, que recorta distancias, mientras Telecinco sigue fuera de juego\"\/><\/p>\n<p>                        <\/a><\/p>\n<p>    PRIME TIME \/ LATE NIGHT<\/p>\n<p class=\"article-tvchannel\">\n\t\t<img loading=\"lazy\" decoding=\"async\" src=\"https:\/\/www.europesays.com\/es\/wp-content\/uploads\/2025\/08\/antena-3-2025-300x70-2.png\" alt=\"Antena 3\" height=\"28\" width=\"130\"\/>\n\t<\/p>\n<p class=\"article-tvchannel\">\n\t\t<img loading=\"lazy\" decoding=\"async\" src=\"https:\/\/www.europesays.com\/es\/wp-content\/uploads\/2025\/08\/telecinco-larga-2024.png\" alt=\"Telecinco\" height=\"28\" width=\"130\"\/>\n\t<\/p>\n<ul>\n<li>De Viernes: 11% y 750.000<\/li>\n<\/ul>\n<p class=\"article-tvchannel\">\n\t\t<img loading=\"lazy\" decoding=\"async\" src=\"https:\/\/www.europesays.com\/es\/wp-content\/uploads\/2025\/08\/bf338975-ea7e-4169-9587-70789a0e0f39_source-aspect-ratio_default_0.jpg\" alt=\"Cuatro\" height=\"28\" width=\"130\"\/>\n\t<\/p>\n<ul>\n<li>First Dates Halloween: 5.7% y 531.000<\/li>\n<li>First Dates Halloween: 8.7% y 846.000<\/li>\n<li>El Blockbuster: &#8216;Llaman a la puerta&#8217; (2023): 6.9% y 600.000<\/li>\n<\/ul>\n<p class=\"article-tvchannel\">\n\t\t<img loading=\"lazy\" decoding=\"async\" src=\"https:\/\/www.europesays.com\/es\/wp-content\/uploads\/2025\/08\/a015d9e5-5eb5-44d9-b8ee-355e0a29727b_source-aspect-ratio_default_0.jpg\" alt=\"La 1\" height=\"28\" width=\"130\"\/>\n\t<\/p>\n<ul>\n<li>Cine: &#8216;Cazafantasmas: Imperio helado&#8217;: 6.6% y 606.000<\/li>\n<li>Cine: &#8216;Chaos Walking&#8217;: 4% y 220.000<\/li>\n<\/ul>\n<p class=\"article-tvchannel\">\n\t\t<img loading=\"lazy\" decoding=\"async\" src=\"https:\/\/www.europesays.com\/es\/wp-content\/uploads\/2025\/08\/lasexta-larga-2024.png\" alt=\"laSexta\" height=\"28\" width=\"130\"\/>\n\t<\/p>\n<ul>\n<li>laSexta Columna: 5.3% y 520.000<\/li>\n<li>Equipo de investigaci\u00f3n: 4.7% y 439.000<\/li>\n<\/ul>\n<p class=\"article-text\">\n        *Datos consultados por verTele. El an\u00e1lisis completo se publicar\u00e1 en cuanto Kantar Media facilite toda la informaci\u00f3n.\n    <\/p>\n","protected":false},"excerpt":{"rendered":"Antena 3 fue l\u00edder de audiencia en la noche de este viernes 31 de octubre gracias a La&hellip;\n","protected":false},"author":2,"featured_media":212497,"comment_status":"","ping_status":"","sticky":false,"template":"","format":"standard","meta":{"footnotes":""},"categories":[171],"tags":[57340,41164,146,147,25,24,45315,57341,23,214,381],"class_list":{"0":"post-212496","1":"post","2":"type-post","3":"status-publish","4":"format-standard","5":"has-post-thumbnail","7":"category-tv","8":"tag-31-octubre-2025","9":"tag-deviernes-telecinco","10":"tag-entertainment","11":"tag-entretenimiento","12":"tag-es","13":"tag-espana","14":"tag-halloween","15":"tag-la-voz-antena-3","16":"tag-spain","17":"tag-tv","18":"tag-viernes"},"share_on_mastodon":{"url":"https:\/\/pubeurope.com\/@es\/115474040675840348","error":""},"_links":{"self":[{"href":"https:\/\/www.europesays.com\/es\/wp-json\/wp\/v2\/posts\/212496","targetHints":{"allow":["GET"]}}],"collection":[{"href":"https:\/\/www.europesays.com\/es\/wp-json\/wp\/v2\/posts"}],"about":[{"href":"https:\/\/www.europesays.com\/es\/wp-json\/wp\/v2\/types\/post"}],"author":[{"embeddable":true,"href":"https:\/\/www.europesays.com\/es\/wp-json\/wp\/v2\/users\/2"}],"replies":[{"embeddable":true,"href":"https:\/\/www.europesays.com\/es\/wp-json\/wp\/v2\/comments?post=212496"}],"version-history":[{"count":0,"href":"https:\/\/www.europesays.com\/es\/wp-json\/wp\/v2\/posts\/212496\/revisions"}],"wp:featuredmedia":[{"embeddable":true,"href":"https:\/\/www.europesays.com\/es\/wp-json\/wp\/v2\/media\/212497"}],"wp:attachment":[{"href":"https:\/\/www.europesays.com\/es\/wp-json\/wp\/v2\/media?parent=212496"}],"wp:term":[{"taxonomy":"category","embeddable":true,"href":"https:\/\/www.europesays.com\/es\/wp-json\/wp\/v2\/categories?post=212496"},{"taxonomy":"post_tag","embeddable":true,"href":"https:\/\/www.europesays.com\/es\/wp-json\/wp\/v2\/tags?post=212496"}],"curies":[{"name":"wp","href":"https:\/\/api.w.org\/{rel}","templated":true}]}}