{"id":212504,"date":"2025-11-01T10:50:18","date_gmt":"2025-11-01T10:50:18","guid":{"rendered":"https:\/\/www.europesays.com\/es\/212504\/"},"modified":"2025-11-01T10:50:18","modified_gmt":"2025-11-01T10:50:18","slug":"heidi-klum-impacta-con-su-disfraz-en-la-fiesta-de-halloween-mas-famosa","status":"publish","type":"post","link":"https:\/\/www.europesays.com\/es\/212504\/","title":{"rendered":"Heidi Klum impacta con su disfraz en la fiesta de Halloween m\u00e1s famosa"},"content":{"rendered":"<p><a class=\"v-mdl-ath__fig-a\" href=\"https:\/\/www.elcorreo.com\/autor\/silvia-osorio-3311.html\" title=\"Silvia Osorio\" rel=\"nofollow noopener\" target=\"_blank\"><br \/>\n<img decoding=\"async\" class=\"v-mdl-ath__img\" src=\"https:\/\/www.europesays.com\/es\/wp-content\/uploads\/2025\/07\/autor-3311-foto-1.jpeg\" alt=\"Silvia Osorio\"\/><br \/>\n<\/a><\/p>\n<p class=\"v-mdl-ath__p v-mdl-ath__p--6\">\nS\u00e1bado, 1 de noviembre 2025, 10:59<\/p>\n<p class=\"v-p\">Su disfraz es uno de los m\u00e1s esperados en Halloween. Y su fiesta, una de las m\u00e1s famosas del planeta. Heidi Klum ha vuelto a romper todos los esquemas en el sarao que celebr\u00f3 este viernes en en el Hard Rock Hotel de Nueva York con motivo de la noche m\u00e1s terror\u00edfica del a\u00f1o. Irreconocible, una transformaci\u00f3n sin igual. La modelo alemana impact\u00f3 al personal disfrazada de medusa, con su cuerpo y rostro cubierto por completo con escamas y un nido de serpientes en movimiento como tocado. <\/p>\n<p class=\"v-p\">La que fuera uno de los \u00e1ngeles de &#8216;Victoria Secret&#8217;, una aut\u00e9ntica estrella en Estados Unidos, es una de las precursoras de las fiesas de Halloween en la Gran Manzana. Se trata de una tradici\u00f3n que naci\u00f3 en el a\u00f1o 2000 de su empe\u00f1o por orgnaizar festejos de Halloween en la ciudad de los rascacielos, que en aquella \u00e9poca apenas hab\u00eda.<\/p>\n<p class=\"v-p\">Klum pos\u00f3 en la alfombra roja ante los medios y revel\u00f3 que su espectacular transformaci\u00f3n dur\u00f3 un total de nueve horas. De hecho, en sus redes, horas antes del festejo, mostr\u00f3 el proceso al ritmo de la nueva canci\u00f3n de Rosal\u00eda, &#8216;Berghain&#8217;. <\/p>\n<p class=\"v-p\">En las im\u00e1genes se ve c\u00f3mo le colocan los colmillos, las lentillas, el cors\u00e9 o las escamas verdes por todo el cuerpo, una verdadera obra de arte a cargo de Mike Marino, un experto en efectos especiales, con la que ha conseguido sorprender de nuevo.<\/p>\n<p class=\"v-p\"> En ocasiones anteriores se ha disfrazado de pavo real, de gusano, de mujer bi\u00f3nica, de chimpac\u00e9&#8230; La lista es larga. Este a\u00f1o Klum ya hab\u00eda advertido que su disfraz de este a\u00f1o iba a ser \u00abextradesagradble\u00bb. <\/p>\n<p>\u00abUn personaje ic\u00f3nico y misterioso\u00bb<\/p>\n<p class=\"v-p\">\u00abMedusa siempre me ha parecido un personaje verdaderamente ic\u00f3nico, misterioso y feroz a la vez. La leyenda de que convert\u00eda a los humanos en piedra ha fascinado al p\u00fablico durante siglos. En los museos, innumerables pinturas y esculturas representan su poder inquietante, lo que demuestra lo aterradora y cautivadora que sigue siendo\u00bb, explic\u00f3 la &#8216;top model&#8217; a Vogue.<\/p>\n<p class=\"v-p\">A la fiesta acucieron otros personajes famosos. Entre ellos, Tom Kaulitz, su esposo y guitarrista del grupo Tokio Hotel, que apareci\u00f3 como un guerrero de piedra. <\/p>\n<p>Reporta un error<\/p>\n","protected":false},"excerpt":{"rendered":"S\u00e1bado, 1 de noviembre 2025, 10:59 Su disfraz es uno de los m\u00e1s esperados en Halloween. Y su&hellip;\n","protected":false},"author":2,"featured_media":212505,"comment_status":"","ping_status":"","sticky":false,"template":"","format":"standard","meta":{"footnotes":""},"categories":[91],"tags":[57344,57343,146,147,25,24,45315,25998,22326,57342,896,23],"class_list":{"0":"post-212504","1":"post","2":"type-post","3":"status-publish","4":"format-standard","5":"has-post-thumbnail","7":"category-entretenimiento","8":"tag-disfraces-halloween","9":"tag-disfraz","10":"tag-entertainment","11":"tag-entretenimiento","12":"tag-es","13":"tag-espana","14":"tag-halloween","15":"tag-heidi","16":"tag-impacta","17":"tag-klum","18":"tag-nueva-york","19":"tag-spain"},"share_on_mastodon":{"url":"https:\/\/pubeurope.com\/@es\/115474060314548683","error":""},"_links":{"self":[{"href":"https:\/\/www.europesays.com\/es\/wp-json\/wp\/v2\/posts\/212504","targetHints":{"allow":["GET"]}}],"collection":[{"href":"https:\/\/www.europesays.com\/es\/wp-json\/wp\/v2\/posts"}],"about":[{"href":"https:\/\/www.europesays.com\/es\/wp-json\/wp\/v2\/types\/post"}],"author":[{"embeddable":true,"href":"https:\/\/www.europesays.com\/es\/wp-json\/wp\/v2\/users\/2"}],"replies":[{"embeddable":true,"href":"https:\/\/www.europesays.com\/es\/wp-json\/wp\/v2\/comments?post=212504"}],"version-history":[{"count":0,"href":"https:\/\/www.europesays.com\/es\/wp-json\/wp\/v2\/posts\/212504\/revisions"}],"wp:featuredmedia":[{"embeddable":true,"href":"https:\/\/www.europesays.com\/es\/wp-json\/wp\/v2\/media\/212505"}],"wp:attachment":[{"href":"https:\/\/www.europesays.com\/es\/wp-json\/wp\/v2\/media?parent=212504"}],"wp:term":[{"taxonomy":"category","embeddable":true,"href":"https:\/\/www.europesays.com\/es\/wp-json\/wp\/v2\/categories?post=212504"},{"taxonomy":"post_tag","embeddable":true,"href":"https:\/\/www.europesays.com\/es\/wp-json\/wp\/v2\/tags?post=212504"}],"curies":[{"name":"wp","href":"https:\/\/api.w.org\/{rel}","templated":true}]}}