{"id":212526,"date":"2025-11-01T11:09:09","date_gmt":"2025-11-01T11:09:09","guid":{"rendered":"https:\/\/www.europesays.com\/es\/212526\/"},"modified":"2025-11-01T11:09:09","modified_gmt":"2025-11-01T11:09:09","slug":"la-relacion-es-un-caos","status":"publish","type":"post","link":"https:\/\/www.europesays.com\/es\/212526\/","title":{"rendered":"La relaci\u00f3n es un caos"},"content":{"rendered":"<p class=\"c-paragraph\">La gran mayor\u00eda de parejas que deciden ir a<a href=\"https:\/\/www.20minutos.es\/television\/isla-las-tentaciones-9-ya-tiene-fecha-estreno-llega-con-novedades-que-pondran-aun-mas-limite-las-parejas_6661398_0.html\" title=\"&#039;La isla de las tentaciones 9&#039; ya tiene fecha de estreno y llega con novedades que pondr\u00e1n a\u00fan m\u00e1s al l\u00edmite a las parejas\" rel=\"nofollow noopener\" target=\"_blank\"> La isla de las tentaciones<\/a> buscan <b>poner su relaci\u00f3n bajo la m\u00e1s grande prueba.<\/b> Y es que someterse a la incertidumbre y poner en juego todos los celos y deseos puede ser, sin duda, el fin de una relaci\u00f3n. <b>Rodri y Helena<\/b>, ambos de 26 a\u00f1os, lo tienen claro, \u00absu objetivo en \u2018La Isla de las Tentaciones\u2019 es confirmar si realmente pueden estar juntos o es el momento de avanzar por separado\u00bb.<\/p>\n<p class=\"c-paragraph\">Crecieron en el mismo barrio en Madrid y aunque se conoc\u00edan desde hace tiempo,<b> <\/b>decidieron estar juntos <b>hace apenas un a\u00f1o.<\/b> El comienzo de su relaci\u00f3n estuvo marcada por la duda, en ese entonces <b>Rodri ten\u00eda novia al tiempo que estaba empezando algo con Helena. <\/b>\u00c9l se justifica en que \u00abno se fiaba de ella (Helena) y hasta que no lo tuvo claro no decidi\u00f3 romper su otra relaci\u00f3n\u00bb.\u00a0<\/p>\n<p>Helena no conoce a la familia de Rodri\u00a0<\/p>\n<p class=\"c-paragraph\">Uno de los pasos m\u00e1s importantes como pareja es<b> conocer a la familia del otro<\/b>, pues aunque no lo es todo, la opini\u00f3n de los seres queridos tiene, para muchos, un peso considerable en el desarrollo de una relaci\u00f3n. Sin embargo, <b>para Rodri, la idea de presentar a Helena a su familia ni siquiera le cruza por la mente.<\/b> En cambio, \u00e9l s\u00ed ha tenido la oportunidad de conocer a la madre de su novia.<\/p>\n<p class=\"c-paragraph\">Esta claro que la duda es clave en su relaci\u00f3n y lo que les impide seguir adelante con total libertad. <b>Rodri es muy celoso <\/b>y define su relaci\u00f3n con Helena como \u00abun caos\u00bb que combina buenos y malos momentos, por lo que pasar por La isla de las tentaciones ser\u00e1 el movimiento definitivo para <b>confirmar si realmente pueden seguir juntos<\/b>, o, por el contrario, deben dejarse ir para avanzar por separado.\u00a0<\/p>\n<p>\u00bfCu\u00e1ndo empieza La isla de las tentaciones 9?<\/p>\n<p class=\"c-paragraph\">A partir del pr\u00f3ximo<b> lunes 3 de noviembre en Telecinco y Mediaset<\/b> <b>Infinity,<\/b> las cinco parejas seleccionadas se enfrentar\u00e1n a la presi\u00f3n que implica someterse a la tentaci\u00f3n.\u00a0Telecinco emitir\u00e1 una triple entrega semanal que <b>arrancar\u00e1 a las 21:45 horas:<\/b> los lunes ofrecer\u00e1 un programa con su duraci\u00f3n habitual y los martes y los mi\u00e9rcoles la narraci\u00f3n de la experiencia continuar\u00e1 en la franja de access prime time.<\/p>\n","protected":false},"excerpt":{"rendered":"La gran mayor\u00eda de parejas que deciden ir a La isla de las tentaciones buscan poner su relaci\u00f3n&hellip;\n","protected":false},"author":2,"featured_media":212527,"comment_status":"","ping_status":"","sticky":false,"template":"","format":"standard","meta":{"footnotes":""},"categories":[171],"tags":[1733,146,160,147,25,24,42039,448,35098,23,214],"class_list":{"0":"post-212526","1":"post","2":"type-post","3":"status-publish","4":"format-standard","5":"has-post-thumbnail","7":"category-tv","8":"tag-amor","9":"tag-entertainment","10":"tag-entre","11":"tag-entretenimiento","12":"tag-es","13":"tag-espana","14":"tag-helena","15":"tag-historia","16":"tag-rodri","17":"tag-spain","18":"tag-tv"},"share_on_mastodon":{"url":"https:\/\/pubeurope.com\/@es\/115474134741866285","error":""},"_links":{"self":[{"href":"https:\/\/www.europesays.com\/es\/wp-json\/wp\/v2\/posts\/212526","targetHints":{"allow":["GET"]}}],"collection":[{"href":"https:\/\/www.europesays.com\/es\/wp-json\/wp\/v2\/posts"}],"about":[{"href":"https:\/\/www.europesays.com\/es\/wp-json\/wp\/v2\/types\/post"}],"author":[{"embeddable":true,"href":"https:\/\/www.europesays.com\/es\/wp-json\/wp\/v2\/users\/2"}],"replies":[{"embeddable":true,"href":"https:\/\/www.europesays.com\/es\/wp-json\/wp\/v2\/comments?post=212526"}],"version-history":[{"count":0,"href":"https:\/\/www.europesays.com\/es\/wp-json\/wp\/v2\/posts\/212526\/revisions"}],"wp:featuredmedia":[{"embeddable":true,"href":"https:\/\/www.europesays.com\/es\/wp-json\/wp\/v2\/media\/212527"}],"wp:attachment":[{"href":"https:\/\/www.europesays.com\/es\/wp-json\/wp\/v2\/media?parent=212526"}],"wp:term":[{"taxonomy":"category","embeddable":true,"href":"https:\/\/www.europesays.com\/es\/wp-json\/wp\/v2\/categories?post=212526"},{"taxonomy":"post_tag","embeddable":true,"href":"https:\/\/www.europesays.com\/es\/wp-json\/wp\/v2\/tags?post=212526"}],"curies":[{"name":"wp","href":"https:\/\/api.w.org\/{rel}","templated":true}]}}