{"id":212536,"date":"2025-11-01T11:14:08","date_gmt":"2025-11-01T11:14:08","guid":{"rendered":"https:\/\/www.europesays.com\/es\/212536\/"},"modified":"2025-11-01T11:14:08","modified_gmt":"2025-11-01T11:14:08","slug":"me-ha-costado-entender-que-mucha-gente-joven-ya-no-sepa-quien-era-david-delfin-el-mundo-del-disenador-resurge-con-el-primer-documental-sobre-su-vida-y-una-exposicion","status":"publish","type":"post","link":"https:\/\/www.europesays.com\/es\/212536\/","title":{"rendered":"\u201cMe ha costado entender que mucha gente joven ya no sepa qui\u00e9n era David Delf\u00edn\u201d: el mundo del dise\u00f1ador resurge con el primer documental sobre su vida y una exposici\u00f3n"},"content":{"rendered":"<p class=\"has-dropcap\">La noticia de la muerte de <a href=\"https:\/\/www.revistavanityfair.es\/poder\/articulos\/david-delfin-fallece-a-los-46-anos\/24561\" rel=\"nofollow noopener\" target=\"_blank\">David Delf\u00edn<\/a> en junio de 2017 recorri\u00f3 Espa\u00f1a como un escalofr\u00edo. Ten\u00eda 46 a\u00f1os, y aunque hab\u00eda construido su leyenda sobre un terreno menos firme que el del cine o la m\u00fasica (el de las ef\u00edmeras pasarelas) gozaba de una popularidad con pocos precedentes en la moda del pa\u00eds.<\/p>\n<p>Galardonado con el Premio Nacional de Dise\u00f1o de Moda de 2016, arras\u00f3 con sus <a href=\"https:\/\/www.revistavanityfair.es\/lujo\/articulos\/david-delfin-disenador-pasarela-bimba-bose-alaska-pelayo-diaz\/24311\" rel=\"nofollow noopener\" target=\"_blank\">colecciones de ropa<\/a> pero se prodig\u00f3 en otros campos como el dibujo o la interpretaci\u00f3n. Tambi\u00e9n se le conoc\u00eda por pertenecer a una popular pandilla de artistas: <a href=\"https:\/\/www.revistavanityfair.es\/articulos\/alaska-entrevista-mario-vaquerizo-derechas-izquierdas-cumpleanos\" rel=\"nofollow noopener\" target=\"_blank\">Alaska<\/a>, <strong>Pep\u00f3n Nieto<\/strong>, <strong>Pedro Almod\u00f3var<\/strong>, y sobre todo, <a href=\"https:\/\/www.revistavanityfair.es\/poder\/articulos\/fallece-bimba-bose\/23389\" rel=\"nofollow noopener\" target=\"_blank\">Bimba Bos\u00e9<\/a>, esa musa y alma gemela a la que solamente lleg\u00f3 a sobrevivir unos meses.<\/p>\n<p>Era, en fin, un dise\u00f1ador famoso, y de ah\u00ed el shock de <strong>Rafael Mu\u00f1oz<\/strong> cuando en una de sus charlas sobre moda a chavales de instituto habl\u00f3 de \u00e9l\u2026 y vio que a la mayor\u00eda ni les sonaba.<\/p>\n<p>\u201cMe pasa lo mismo con otros dise\u00f1adores importantes como Sybilla, pero es que David Delf\u00edn era muy medi\u00e1tico, sal\u00eda hasta en las revistas de coraz\u00f3n\u201d, razona este periodista experto en moda. \u201cY parec\u00eda siempre tan joven\u2026 Me ha costado entender que muchos chicos ya no sepan qui\u00e9n era\u201d.<\/p>\n<p>Estrenado este viernes en la Seminci de Valladolid (y pendiente de emisi\u00f3n el 9 de noviembre en La2) <strong>David Delf\u00edn. Muestra tu herida<\/strong> es el documental que a Mu\u00f1oz le pareci\u00f3 que hab\u00eda que dedicarle sin\u00a0esperar a una excusa como la que ofrecer\u00e1 el 10\u00ba aniversario de su muerte en 2017.<\/p>\n<p>Quiz\u00e1 pensando en esos chicos de la generaci\u00f3n zeta que no llegaron a conocerle, el documental arranca con el que en 2002 se convirti\u00f3 en el desfile fundacional de su fama de enfant terrible, Cour des miracles, una colecci\u00f3n que supuso su debut en la pasarela madrile\u00f1a y que gener\u00f3 <strong>una de las mayores pol\u00e9micas en la historia de Cibeles<\/strong>: bien por coincidir en el tiempo con las im\u00e1genes de mujeres con burka en el contexto de la guerra de Afganist\u00e1n o por el problema de luces que hizo que las modelos empezar a tropezar, muchos malinterpretaron las capuchas y sogas que llevaban puestas \u00e9stas como una apolog\u00eda al maltrato y pidieron boicotearle.<\/p>\n<p>En realidad, tales elementos respond\u00edan a referencias creativas del dise\u00f1ador como la escena final de Bailando en la oscuridad, de Lars von Trier, la pintura Los Amantes de Magritte, o las obras de <strong>Joseph Beuys<\/strong>, uno de sus artistas preferidos. Tambi\u00e9n a sus propios demonios, esas heridas que, creyendo como cre\u00eda que solo cicatrizar\u00edan al ser expuestas (la frase \u00abMuestra tu herida\u00bb es una cita de Beuys que llevaba tatuada), siempre mostraba sobre la pasarela. Pero pocos lo entendieron y Delf\u00edn se enfrent\u00f3 a un inusual consenso pol\u00edtico: PP y PSOE cargaron contra \u00e9l.<\/p>\n","protected":false},"excerpt":{"rendered":"La noticia de la muerte de David Delf\u00edn en junio de 2017 recorri\u00f3 Espa\u00f1a como un escalofr\u00edo. Ten\u00eda&hellip;\n","protected":false},"author":2,"featured_media":212537,"comment_status":"","ping_status":"","sticky":false,"template":"","format":"standard","meta":{"footnotes":""},"categories":[91],"tags":[229,177,57347,146,147,25,24,1023,23],"class_list":{"0":"post-212536","1":"post","2":"type-post","3":"status-publish","4":"format-standard","5":"has-post-thumbnail","7":"category-entretenimiento","8":"tag-arte","9":"tag-cine","10":"tag-davidelfin","11":"tag-entertainment","12":"tag-entretenimiento","13":"tag-es","14":"tag-espana","15":"tag-moda","16":"tag-spain"},"share_on_mastodon":{"url":"https:\/\/pubeurope.com\/@es\/115474154467674216","error":""},"_links":{"self":[{"href":"https:\/\/www.europesays.com\/es\/wp-json\/wp\/v2\/posts\/212536","targetHints":{"allow":["GET"]}}],"collection":[{"href":"https:\/\/www.europesays.com\/es\/wp-json\/wp\/v2\/posts"}],"about":[{"href":"https:\/\/www.europesays.com\/es\/wp-json\/wp\/v2\/types\/post"}],"author":[{"embeddable":true,"href":"https:\/\/www.europesays.com\/es\/wp-json\/wp\/v2\/users\/2"}],"replies":[{"embeddable":true,"href":"https:\/\/www.europesays.com\/es\/wp-json\/wp\/v2\/comments?post=212536"}],"version-history":[{"count":0,"href":"https:\/\/www.europesays.com\/es\/wp-json\/wp\/v2\/posts\/212536\/revisions"}],"wp:featuredmedia":[{"embeddable":true,"href":"https:\/\/www.europesays.com\/es\/wp-json\/wp\/v2\/media\/212537"}],"wp:attachment":[{"href":"https:\/\/www.europesays.com\/es\/wp-json\/wp\/v2\/media?parent=212536"}],"wp:term":[{"taxonomy":"category","embeddable":true,"href":"https:\/\/www.europesays.com\/es\/wp-json\/wp\/v2\/categories?post=212536"},{"taxonomy":"post_tag","embeddable":true,"href":"https:\/\/www.europesays.com\/es\/wp-json\/wp\/v2\/tags?post=212536"}],"curies":[{"name":"wp","href":"https:\/\/api.w.org\/{rel}","templated":true}]}}