{"id":212570,"date":"2025-11-01T11:38:19","date_gmt":"2025-11-01T11:38:19","guid":{"rendered":"https:\/\/www.europesays.com\/es\/212570\/"},"modified":"2025-11-01T11:38:19","modified_gmt":"2025-11-01T11:38:19","slug":"el-terror-zombi-mas-simpatico-en-girona","status":"publish","type":"post","link":"https:\/\/www.europesays.com\/es\/212570\/","title":{"rendered":"El terror zombi m\u00e1s simp\u00e1tico en Girona"},"content":{"rendered":"<p>                    <img decoding=\"async\" data-full-src=\"https:\/\/www.lavanguardia.com\/uploads\/2025\/11\/01\/6905c249e9802.jpeg\" alt=\"Zombiewalk en Girona.\" src=\"https:\/\/www.europesays.com\/es\/wp-content\/uploads\/2025\/11\/6905c249e9802.r_d.1597-2608-1397.jpeg\" class=\"lazy\"\/><\/p>\n<p>        \u201cEl Zombiewalk por el Barri Vell, con animaci\u00f3n y taller de maquillaje incluido, anuncia ya la pr\u00f3xima edici\u00f3n del Festival de Cine Fant\u00e1stico y de Terror Acocollona&#8217;t, que se celebrar\u00e1 la primera semana de diciembre\u201d\n<\/p>\n<p>                <img loading=\"lazy\" decoding=\"async\" width=\"40\" height=\"40\" alt=\"El terror zombi m\u00e1s simp\u00e1tico en Girona\" title=\"\" src=\"\/files\/image_40_40\/uploads\/2024\/02\/12\/65ca5b2adbfab.png\" class=\"lazy\"\/><\/p>\n<p>\n                01\/11\/2025 09:13<br \/>\n                Actualizado a  01\/11\/2025 09:24\n            <\/p>\n<p data-gtm-element-container=\"modulo-texto-link\" class=\"paragraph\"><a href=\"https:\/\/www.lavanguardia.com\/participacion\/20210124\/6185893\/guia-normas-participacion-comunidad-lectores-vanguardia.html\" target=\"_blank\" rel=\"nofollow noopener\">* La autora forma parte de la comunidad de lectores de La Vanguardia<\/a><\/p>\n<p>                         Ampliar<\/p>\n<p>                <img loading=\"lazy\" decoding=\"async\" data-full-src=\"https:\/\/www.lavanguardia.com\/uploads\/2025\/11\/01\/6905c2573341a.jpeg\" alt=\"Zombiewalk en Girona.\" width=\"449\" height=\"798\" src=\"https:\/\/www.europesays.com\/es\/wp-content\/uploads\/2025\/11\/6905c2573341a.jpeg\" class=\"lazy\"\/><\/p>\n<p class=\"caption-title \">Taller de maquillaje de Zombiewalk en Girona.<\/p>\n<p>                    Mar Rovira Batlle<\/p>\n<p>                         Ampliar<\/p>\n<p>                <img loading=\"lazy\" decoding=\"async\" data-full-src=\"https:\/\/www.lavanguardia.com\/uploads\/2025\/11\/01\/6905c25944e38.jpeg\" alt=\"Zombiewalk en Girona.\" width=\"449\" height=\"798\" src=\"https:\/\/www.europesays.com\/es\/wp-content\/uploads\/2025\/11\/6905c25944e38.jpeg\" class=\"lazy\"\/><\/p>\n<p class=\"caption-title \">Participante en Zombiewalk en Girona.<\/p>\n<p>                    Mar Rovira Batlle<\/p>\n<p>                         Ampliar<\/p>\n<p>                <img loading=\"lazy\" decoding=\"async\" data-full-src=\"https:\/\/www.lavanguardia.com\/uploads\/2025\/11\/01\/6905c25828921.jpeg\" alt=\"Zombiewalk en Girona.\" width=\"449\" height=\"798\" src=\"https:\/\/www.europesays.com\/es\/wp-content\/uploads\/2025\/11\/6905c25828921.jpeg\" class=\"lazy\"\/><\/p>\n<p class=\"caption-title \">Maquillaje zombi.<\/p>\n<p>                    Mar Rovira Batlle<\/p>\n<p>                         Ampliar<\/p>\n<p>                <img loading=\"lazy\" decoding=\"async\" data-full-src=\"https:\/\/www.lavanguardia.com\/uploads\/2025\/11\/01\/6905c2563baea.jpeg\" alt=\"Zombiewalk en Girona.\" width=\"449\" height=\"798\" src=\"https:\/\/www.europesays.com\/es\/wp-content\/uploads\/2025\/11\/6905c2563baea.jpeg\" class=\"lazy\"\/><\/p>\n<p class=\"caption-title \">Caminante del Zombiewalk en Girona.<\/p>\n<p>                    Mar Rovira Batlle<\/p>\n<p>                         Ampliar<\/p>\n<p>                <img loading=\"lazy\" decoding=\"async\" data-full-src=\"https:\/\/www.lavanguardia.com\/uploads\/2025\/11\/01\/6905c25395c29.jpeg\" alt=\"Zombiewalk en Girona.\" width=\"449\" height=\"798\" src=\"https:\/\/www.europesays.com\/es\/wp-content\/uploads\/2025\/11\/6905c25395c29.jpeg\" class=\"lazy\"\/><\/p>\n<p class=\"caption-title \">Terror\u00edfica monja en el Zombiewalk en Girona.<\/p>\n<p>                    Mar Rovira Batlle<\/p>\n<p>                         Ampliar<\/p>\n<p>                <img loading=\"lazy\" decoding=\"async\" data-full-src=\"https:\/\/www.lavanguardia.com\/uploads\/2025\/11\/01\/6905c251bb4aa.jpeg\" alt=\"Zombiewalk en Girona.\" width=\"449\" height=\"798\" src=\"https:\/\/www.europesays.com\/es\/wp-content\/uploads\/2025\/11\/6905c251bb4aa.jpeg\" class=\"lazy\"\/><\/p>\n<p class=\"caption-title \">Zombiewalk en Girona.<\/p>\n<p>                    Mar Rovira Batlle<\/p>\n<p>                         Ampliar<\/p>\n<p>                <img loading=\"lazy\" decoding=\"async\" data-full-src=\"https:\/\/www.lavanguardia.com\/uploads\/2025\/11\/01\/6905c2503cf1b.jpeg\" alt=\"Zombiewalk en Girona.\" width=\"449\" height=\"798\" src=\"https:\/\/www.europesays.com\/es\/wp-content\/uploads\/2025\/11\/6905c2503cf1b.jpeg\" class=\"lazy\"\/><\/p>\n<p class=\"caption-title \">Otra mirada al terror de Zombiewalk en Girona.<\/p>\n<p>                    Mar Rovira Batlle<\/p>\n<p>                         Ampliar<\/p>\n<p>                <img loading=\"lazy\" decoding=\"async\" data-full-src=\"https:\/\/www.lavanguardia.com\/uploads\/2025\/11\/01\/6905c24f2ec1c.jpeg\" alt=\"Zombiewalk en Girona.\" width=\"449\" height=\"798\" src=\"https:\/\/www.europesays.com\/es\/wp-content\/uploads\/2025\/11\/6905c24f2ec1c.jpeg\" class=\"lazy\"\/><\/p>\n<p class=\"caption-title \">Personaje fant\u00e1stico en el Zombiewalk en Girona.<\/p>\n<p>                    Mar Rovira Batlle<\/p>\n<p>                         Ampliar<\/p>\n<p>                <img loading=\"lazy\" decoding=\"async\" data-full-src=\"https:\/\/www.lavanguardia.com\/uploads\/2025\/11\/01\/6905c248f18b3.jpeg\" alt=\"Zombiewalk en Girona.\" width=\"449\" height=\"798\" src=\"https:\/\/www.europesays.com\/es\/wp-content\/uploads\/2025\/11\/6905c248f18b3.jpeg\" class=\"lazy\"\/><\/p>\n<p class=\"caption-title \">Noche de los muertos en el Zombiewalk en Girona.<\/p>\n<p>                    Mar Rovira Batlle<\/p>\n<p>                         Ampliar<\/p>\n<p>                <img loading=\"lazy\" decoding=\"async\" data-full-src=\"https:\/\/www.lavanguardia.com\/uploads\/2025\/11\/01\/6905c24819464.jpeg\" alt=\"Zombiewalk en Girona.\" width=\"449\" height=\"798\" src=\"https:\/\/www.europesays.com\/es\/wp-content\/uploads\/2025\/11\/6905c24819464.jpeg\" class=\"lazy\"\/><\/p>\n<p class=\"caption-title \">Animaci\u00f3n en el escenario del Zombiewalk en Girona.<\/p>\n<p>                    Mar Rovira Batlle<\/p>\n<p>                         Ampliar<\/p>\n<p>                <img loading=\"lazy\" decoding=\"async\" data-full-src=\"https:\/\/www.lavanguardia.com\/uploads\/2025\/11\/01\/6905c24be668b.jpeg\" alt=\"Zombiewalk en Girona.\" width=\"449\" height=\"798\" src=\"https:\/\/www.europesays.com\/es\/wp-content\/uploads\/2025\/11\/6905c24be668b.jpeg\" class=\"lazy\"\/><\/p>\n<p class=\"caption-title \">Caracterizada para el Zombiewalk en Girona.<\/p>\n<p>                    Mar Rovira Batlle<\/p>\n<p>                         Ampliar<\/p>\n<p>                <img loading=\"lazy\" decoding=\"async\" data-full-src=\"https:\/\/www.lavanguardia.com\/uploads\/2025\/11\/01\/6905c24d0a761.jpeg\" alt=\"Zombiewalk en Girona.\" width=\"449\" height=\"798\" src=\"https:\/\/www.europesays.com\/es\/wp-content\/uploads\/2025\/11\/6905c24d0a761.jpeg\" class=\"lazy\"\/><\/p>\n<p class=\"caption-title \">Desfile del Zombiewalk en Girona.<\/p>\n<p>                    Mar Rovira Batlle<\/p>\n<p>                         Ampliar<\/p>\n<p>                <img loading=\"lazy\" decoding=\"async\" data-full-src=\"https:\/\/www.lavanguardia.com\/uploads\/2025\/11\/01\/6905c24719a6b.jpeg\" alt=\"Zombiewalk en Girona.\" width=\"449\" height=\"253\" src=\"https:\/\/www.europesays.com\/es\/wp-content\/uploads\/2025\/11\/6905c24719a6b.jpeg\" class=\"lazy\"\/><\/p>\n<p class=\"caption-title \">Payasos de miedo en el Zombiewalk en Girona.<\/p>\n<p>                    Mar Rovira Batlle<\/p>\n<p>                         Ampliar<\/p>\n<p>                <img loading=\"lazy\" decoding=\"async\" data-full-src=\"https:\/\/www.lavanguardia.com\/uploads\/2025\/11\/01\/6905c24af2da1.jpeg\" alt=\"Zombiewalk en Girona.\" width=\"449\" height=\"798\" src=\"https:\/\/www.europesays.com\/es\/wp-content\/uploads\/2025\/11\/6905c24af2da1.jpeg\" class=\"lazy\"\/><\/p>\n<p class=\"caption-title \">Participante en Zombiewalk en Girona.<\/p>\n<p>                    Mar Rovira Batlle<\/p>\n<p>                         Ampliar<\/p>\n<p>                <img loading=\"lazy\" decoding=\"async\" data-full-src=\"https:\/\/www.lavanguardia.com\/uploads\/2025\/11\/01\/6905c24e0c528.jpeg\" alt=\"Zombiewalk en Girona.\" width=\"449\" height=\"798\" src=\"https:\/\/www.europesays.com\/es\/wp-content\/uploads\/2025\/11\/6905c24e0c528.jpeg\" class=\"lazy\"\/><\/p>\n<p class=\"caption-title \">Colof\u00f3n de muerte en el Zombiewalk en Girona.<\/p>\n<p>                    Mar Rovira Batlle<\/p>\n<p>                         Ampliar<\/p>\n<p>                <img loading=\"lazy\" decoding=\"async\" data-full-src=\"https:\/\/www.lavanguardia.com\/uploads\/2025\/11\/01\/6905c08f6743e.jpeg\" alt=\"Participante en el Zombiewalk.\" width=\"449\" height=\"798\" src=\"https:\/\/www.europesays.com\/es\/wp-content\/uploads\/2025\/11\/6905c08f6743e.r_d.650-558.jpeg\" class=\"lazy\"\/><\/p>\n<p class=\"caption-title \">Participante en el Zombiewalk.<\/p>\n<p>                    Mar Rovira Batlle<\/p>\n<p>    Lee tambi\u00e9n<\/p>\n<p><a href=\"https:\/\/www.lavanguardia.com\/participacion\/20210124\/6185893\/guia-normas-participacion-comunidad-lectores-vanguardia.html\" target=\"_blank\" rel=\"nofollow noopener\">\u25a0 \u00bfC\u00d3MO PUEDO PARTICIPAR EN LA COMUNIDAD DE LA VANGUARDIA?<\/a><\/p>\n<p>\u00a1Participa!<br \/>\n\u00bfQuieres mostrar tus fotograf\u00edas?<\/p>\n<p data-gtm-element-container=\"modulo-texto-link\" class=\"paragraph\">Los interesados en participar en Las Fotos de los Lectores tan solo deben escribir un email a la direcci\u00f3n de correo de nuestra secci\u00f3n de Participaci\u00f3n (participacion@lavanguardia.es) adjuntando la fotograf\u00eda, explicando detalles de c\u00f3mo y d\u00f3nde fue tomada y aportando los datos del autor para la firma de la imagen. Es importante indicar en el asunto del correo: \u00b4Fotos de los Lectores\u00b4.<\/p>\n<p>\n                            Mostrar comentarios\n                        <\/p>\n<p>{\u00aballowComment\u00bb:\u00bballowed\u00bb,\u00bbarticleId\u00bb:\u00bbarticle-11220392&#8243;,\u00bburl\u00bb:\u00bbhttps:\\\/\\\/www.lavanguardia.com\\\/participacion\\\/las-fotos-de-los-lectores\\\/20251101\\\/11220392\\\/terror-zombi-mas-simpatico-girona.html\u00bb,\u00bblivefyre-url\u00bb:\u00bbarticle-11220392&#8243;}<\/p>\n<p>\n                 CERRAR\n            <\/p>\n<p>            <img decoding=\"async\" src=\"\" alt=\"\" class=\"img-fluid lazy\"\/><\/p>\n<p>Cargando siguiente contenido&#8230;\n                <\/p>\n","protected":false},"excerpt":{"rendered":"\u201cEl Zombiewalk por el Barri Vell, con animaci\u00f3n y taller de maquillaje incluido, anuncia ya la pr\u00f3xima edici\u00f3n&hellip;\n","protected":false},"author":2,"featured_media":212571,"comment_status":"","ping_status":"","sticky":false,"template":"","format":"standard","meta":{"footnotes":""},"categories":[81],"tags":[119,123,124,25,24,117,121,122,23,118,120],"class_list":{"0":"post-212570","1":"post","2":"type-post","3":"status-publish","4":"format-standard","5":"has-post-thumbnail","7":"category-ciencia-y-tecnologia","8":"tag-ciencia","9":"tag-ciencia-y-tecnologia","10":"tag-cienciaytecnologia","11":"tag-es","12":"tag-espana","13":"tag-science","14":"tag-science-and-technology","15":"tag-scienceandtechnology","16":"tag-spain","17":"tag-technology","18":"tag-tecnologia"},"share_on_mastodon":{"url":"https:\/\/pubeurope.com\/@es\/115474249417311627","error":""},"_links":{"self":[{"href":"https:\/\/www.europesays.com\/es\/wp-json\/wp\/v2\/posts\/212570","targetHints":{"allow":["GET"]}}],"collection":[{"href":"https:\/\/www.europesays.com\/es\/wp-json\/wp\/v2\/posts"}],"about":[{"href":"https:\/\/www.europesays.com\/es\/wp-json\/wp\/v2\/types\/post"}],"author":[{"embeddable":true,"href":"https:\/\/www.europesays.com\/es\/wp-json\/wp\/v2\/users\/2"}],"replies":[{"embeddable":true,"href":"https:\/\/www.europesays.com\/es\/wp-json\/wp\/v2\/comments?post=212570"}],"version-history":[{"count":0,"href":"https:\/\/www.europesays.com\/es\/wp-json\/wp\/v2\/posts\/212570\/revisions"}],"wp:featuredmedia":[{"embeddable":true,"href":"https:\/\/www.europesays.com\/es\/wp-json\/wp\/v2\/media\/212571"}],"wp:attachment":[{"href":"https:\/\/www.europesays.com\/es\/wp-json\/wp\/v2\/media?parent=212570"}],"wp:term":[{"taxonomy":"category","embeddable":true,"href":"https:\/\/www.europesays.com\/es\/wp-json\/wp\/v2\/categories?post=212570"},{"taxonomy":"post_tag","embeddable":true,"href":"https:\/\/www.europesays.com\/es\/wp-json\/wp\/v2\/tags?post=212570"}],"curies":[{"name":"wp","href":"https:\/\/api.w.org\/{rel}","templated":true}]}}