{"id":212586,"date":"2025-11-01T11:50:12","date_gmt":"2025-11-01T11:50:12","guid":{"rendered":"https:\/\/www.europesays.com\/es\/212586\/"},"modified":"2025-11-01T11:50:12","modified_gmt":"2025-11-01T11:50:12","slug":"el-surne-bilbao-basket-ante-un-objetivo-que-se-repite","status":"publish","type":"post","link":"https:\/\/www.europesays.com\/es\/212586\/","title":{"rendered":"El Surne Bilbao Basket, ante un objetivo que se repite"},"content":{"rendered":"<p>\n        El <a href=\"https:\/\/www.deia.eus\/deportes\/bilbao-basket\/\" title=\"Surne Bilbao Basket\" class=\"link copy\" rel=\"nofollow noopener\" target=\"_blank\">Surne Bilbao Basket<\/a> afronta hoy el <strong>duelo ante el Baxi Manresa<\/strong> con el mismo objetivo que cada vez que ha salido de Miribilla desde que empez\u00f3 este a\u00f1o: lograr una victoria fuera de casa en la Liga Endesa. Los hombres de negro <strong>visitan la cancha m\u00e1s propicia de todas para ellos, con siete triunfos en diecisiete encuentros<\/strong>, pero tambi\u00e9n el equipo manresano se viene haciendo muy fuerte en el Nou Congost, lo que le ha permitido jugar la Copa las dos temporadas anteriores y el play-off hace dos. Por eso, Jaume Ponsarnau, que debut\u00f3 como entrenador en la ACB en la capital del Bag\u00e8s, advierte a sus jugadores, varios de los cuales juegan en Manresa por primera vez, de que \u201chay que estar muy fuerte mentalmente y vivir cada momento como se tiene que vivir en una pista con una atm\u00f3sfera muy importante que apoya much\u00edsimo a su equipo\u201d.\n<\/p>\n<p class=\"article-body__text \">\n        El <a href=\"https:\/\/www.deia.eus\/tags\/baxi-manresa\/\" title=\"Baxi Manresa\" class=\"link copy\" rel=\"nofollow noopener\" target=\"_blank\">Baxi Manresa<\/a> <strong>solo ha sumado un triunfo hasta ahora<\/strong> porque sus dos salidas fueron imposibles a Tenerife y Madrid y en casa ha ganado al Granada y ha perdido con el Gran Canaria. Diego Ocampo sigue al frente de un equipo que ha perdido algunas piezas importantes como Mario Saint-Supery, Cameron Hunt o Derrick Alston, pero mantiene con varios debutantes en la competici\u00f3n su apuesta por un estilo atl\u00e9tico, r\u00e1pido y agresivo en defensa y en ataque al que tendr\u00e1 que responder el Bilbao Basket, como apunta su t\u00e9cnico. \u201c<strong>Ellos corren muy bien y va a ser importante defender sus transiciones r\u00e1pidas y sus ataques<\/strong>, que empiezan con conceptos muy r\u00e1pidos y agresivos y son muy dif\u00edciles de controlar. El partido es muy exigente y creemos que podemos estar a la altura\u201d, explica Ponsarnau, que considera importantes aspectos como el rebote o las p\u00e9rdidas de bal\u00f3n, que en partidos a ritmo alto pueden decantar el marcador a uno u otro lado.\n<\/p>\n<p>            <a href=\"https:\/\/www.deia.eus\/bilbao-basket\/2025\/11\/01\/akobundu-habita-cerca-techo-baxi-manresa-10292648.html\" title=\"Akobundu habita cerca del techo\" class=\"new__media\" rel=\"nofollow noopener\" target=\"_blank\"><\/p>\n<p>                <img alt=\"Akobundu habita cerca del techo\" data-src=\"https:\/\/www.europesays.com\/es\/wp-content\/uploads\/2025\/11\/dfe4e18b-555d-4b7d-ab8b-c17b259527ae_16-9-aspect-ratio_default_0.jpg\" class=\"lozad\"\/><\/p>\n<p>        <\/a><\/p>\n<p>        <a href=\"https:\/\/www.deia.eus\/bilbao-basket\/2025\/11\/01\/akobundu-habita-cerca-techo-baxi-manresa-10292648.html\" title=\"Akobundu habita cerca del techo\" class=\"new__headline\" rel=\"nofollow noopener\" target=\"_blank\"><br \/>\n            Akobundu habita cerca del techo<br \/>\n        <\/a><\/p>\n<p class=\"article-body__text \">\n        \u201c<strong>Es muy importante que nuestra defensa sea igual de f\u00edsica que la suya<\/strong>, que lo va a ser seguro, y en ataque vamos a ver si encontramos esa mejora que estamos buscando para poder competir de la mejor manera posible\u201d, a\u00f1ade el entrenador del equipo bilbaino en busca de ese paso adelante que falta para mostrarse como un equipo fiable y s\u00f3lido cada fin de semana. <strong>Amar Sylla seguir\u00e1 siendo baja <\/strong>y se espera que est\u00e9 recuperado para viajar a Atenas este martes.\n<\/p>\n<p class=\"article-body__text \">\n        <strong>El Manresa llega de perder en casa en la Eurocup ante el Bah\u00e7esehir turco<\/strong> y espera sumar una victoria que le impulse hacia la zona tranquila de la clasificaci\u00f3n. La propuesta de Ocampo siempre requiere un tiempo de adaptaci\u00f3n y da la impresi\u00f3n de que el equipo ha perdido talento, aunque no por ello deja de ser peligroso, sobre todo cuando encadena una racha de acierto que es lo que le falt\u00f3 en su \u00faltimo compromiso. Dos exjugadores del Surne Bilbao Basket, \u00c1lex Reyes en su rol de tirador y Agust\u00edn Ubal como multiusos desde el banquillo, son importantes para el t\u00e9cnico ourensano.<\/p>\n","protected":false},"excerpt":{"rendered":"El Surne Bilbao Basket afronta hoy el duelo ante el Baxi Manresa con el mismo objetivo que cada&hellip;\n","protected":false},"author":2,"featured_media":212587,"comment_status":"","ping_status":"","sticky":false,"template":"","format":"standard","meta":{"footnotes":""},"categories":[269],"tags":[299,1918,298,31293,2601,168,25,24,11993,661,6610,23,167,40205],"class_list":{"0":"post-212586","1":"post","2":"type-post","3":"status-publish","4":"format-standard","5":"has-post-thumbnail","7":"category-baloncesto","8":"tag-baloncesto","9":"tag-basket","10":"tag-basketball","11":"tag-baxi","12":"tag-bilbao","13":"tag-deportes","14":"tag-es","15":"tag-espana","16":"tag-manresa","17":"tag-objetivo","18":"tag-repite","19":"tag-spain","20":"tag-sports","21":"tag-surne"},"share_on_mastodon":{"url":"https:\/\/pubeurope.com\/@es\/115474296013453723","error":""},"_links":{"self":[{"href":"https:\/\/www.europesays.com\/es\/wp-json\/wp\/v2\/posts\/212586","targetHints":{"allow":["GET"]}}],"collection":[{"href":"https:\/\/www.europesays.com\/es\/wp-json\/wp\/v2\/posts"}],"about":[{"href":"https:\/\/www.europesays.com\/es\/wp-json\/wp\/v2\/types\/post"}],"author":[{"embeddable":true,"href":"https:\/\/www.europesays.com\/es\/wp-json\/wp\/v2\/users\/2"}],"replies":[{"embeddable":true,"href":"https:\/\/www.europesays.com\/es\/wp-json\/wp\/v2\/comments?post=212586"}],"version-history":[{"count":0,"href":"https:\/\/www.europesays.com\/es\/wp-json\/wp\/v2\/posts\/212586\/revisions"}],"wp:featuredmedia":[{"embeddable":true,"href":"https:\/\/www.europesays.com\/es\/wp-json\/wp\/v2\/media\/212587"}],"wp:attachment":[{"href":"https:\/\/www.europesays.com\/es\/wp-json\/wp\/v2\/media?parent=212586"}],"wp:term":[{"taxonomy":"category","embeddable":true,"href":"https:\/\/www.europesays.com\/es\/wp-json\/wp\/v2\/categories?post=212586"},{"taxonomy":"post_tag","embeddable":true,"href":"https:\/\/www.europesays.com\/es\/wp-json\/wp\/v2\/tags?post=212586"}],"curies":[{"name":"wp","href":"https:\/\/api.w.org\/{rel}","templated":true}]}}