{"id":212589,"date":"2025-11-01T11:52:09","date_gmt":"2025-11-01T11:52:09","guid":{"rendered":"https:\/\/www.europesays.com\/es\/212589\/"},"modified":"2025-11-01T11:52:09","modified_gmt":"2025-11-01T11:52:09","slug":"cuanto-duele-echarte-de-menos","status":"publish","type":"post","link":"https:\/\/www.europesays.com\/es\/212589\/","title":{"rendered":"Cu\u00e1nto duele echarte de menos"},"content":{"rendered":"<p id=\"eP-PXLQ-FY\" data-wc=\"85\"><strong>Dani Rovira<\/strong> cumple 45 a\u00f1os este s\u00e1bado, 1 de noviembre, una celebraci\u00f3n que, lamentablemente, est\u00e1 marcada por <a class=\"hm-link ho-link\" href=\"https:\/\/www.hola.com\/actualidad\/20251015861794\/dani-rovira-despide-padre\/\" data-mrf-recirculation=\"article-body-link\" rel=\"nofollow noopener\" target=\"_blank\">el reciente fallecimiento de su padre<\/a>, a quien dedic\u00f3 unas emotivas palabras d\u00edas despu\u00e9s de su partida. \u00abNoto que algo falta. Como si hubiera perdido un poco el equilibrio de todo, <strong>como si tuviera que entender de nuevo la vida<\/strong>, como si doliera el aire. Ser\u00e1 que perder tu ra\u00edz dentro m\u00ed, hace que se me tambaleen todas las ramas. Y <strong>no paran de ca\u00e9rseme las hojas<\/strong>\u00ab, public\u00f3.\u00a0<\/p>\n<p> <img src=\"https:\/\/www.europesays.com\/es\/wp-content\/uploads\/2025\/11\/ae9c7cfa94a9-56581274518540837421059859146534590866471024n.jpg\"   width=\"768\" height=\"1024\" loading=\"lazy\" decoding=\"async\" alt=\"Dani Rovira con su padre\" fetchpriority=\"auto\" class=\"image ho-image\"\/>\u00a9 daniroviraDani Rovira en una foto de ni\u00f1o junto a su padre, fallecido recientemente<\/p>\n<p id=\"eo4sY5shHi\" data-wc=\"83\">\u00abTu bondad y nobleza traspasaba el pecho de cada persona que tuvo la dicha de cruzarse contigo. Porque ese era tu s\u00faper poder, el amor que irradiabas y <strong>tu risa<\/strong>, exagerada y disfrutona. <strong>Ojal\u00e1 volver a escucharte re\u00edr<\/strong> as\u00ed una vez m\u00e1s\u2026<strong>dar\u00eda lo que el diablo me pidiera<\/strong>. Est\u00e9s donde est\u00e9s, estate tranquilo. Aunque ahora no exista consuelo entre nosotros, estaremos bien, seguiremos cuid\u00e1ndonos los unos a los otros. Te honraremos, querremos y a\u00f1oraremos hasta el d\u00eda en que volvamos a encontrarnos\u00bb, a\u00f1adi\u00f3.\u00a0<\/p>\n<p> <img src=\"https:\/\/www.europesays.com\/es\/wp-content\/uploads\/2025\/11\/e8e66958ea53-564253478185408374300598593134779907209706122n.jpg\"   width=\"770\" height=\"1024\" loading=\"lazy\" decoding=\"async\" alt=\"Dani Rovira con su padre\" fetchpriority=\"auto\" class=\"image ho-image\"\/>\u00a9 daniroviraDani Rovira junto a su padre<\/p>\n<p id=\"e2N77KQa4l\" data-wc=\"78\">El actor atraviesa <a class=\"hm-link ho-link\" href=\"https:\/\/www.hola.com\/estar-bien\/20250207812615\/libros-duelo-que-no-son-de-autoayuda\/\" data-mrf-recirculation=\"article-body-link\" rel=\"nofollow noopener\" target=\"_blank\">un doloroso duelo<\/a><strong>\u00a0<\/strong>y, horas antes de su cumplea\u00f1os, tuvo un sue\u00f1o tan real que decidi\u00f3 compartirlo con sus seguidores de Instagram, junto a una imagen del amanecer y la canci\u00f3n Older Chests, de Damien Rice, que reflexiona sobre la p\u00e9rdida y el paso del tiempo. \u00ab<strong>No s\u00e9 si te he so\u00f1ado o me has so\u00f1ado. Pero gracias por el encuentro, pap\u00e1. Por dejarte abrazar desde casi la lucidez. Joder, cu\u00e1nto duele echarte de menos<\/strong>\u00ab.\u00a0<\/p>\n<p> <img src=\"https:\/\/www.europesays.com\/es\/wp-content\/uploads\/2025\/11\/7298b91d1413-dlu573350014.jpg\"   width=\"1080\" height=\"1080\" loading=\"lazy\" decoding=\"async\" alt=\"Actor Dani Rovira attending &quot; Vale la pena &quot; show presentation in Madrid on Monday, 13 January 2025\" fetchpriority=\"auto\" class=\"image ho-image\"\/>\u00a9 GTRESDani Rovira est\u00e1 recorriendo los teatros de toda Espa\u00f1a con el mon\u00f3logo &#8216;Vale la pena&#8217;<\/p>\n<p id=\"erM6Jq5CJ3\" data-wc=\"159\">A pesar del dolor que siente, el c\u00f3mico cuenta con una s\u00f3lida red que le sostiene en estos momentos de tristeza y que har\u00e1n que su cumplea\u00f1os sea menos amargo. Su madre, sus hermanos, sus sobrinos y su compa\u00f1ero m\u00e1s fiel, su perro Lobo, capaz de poner una nota de color hasta al d\u00eda m\u00e1s gris. \u00ab<strong>Cuando hueles la tristeza me sacas a pasear<\/strong>. <strong>Mi soporte cuando ya no soporto m\u00e1s<\/strong>. Te cuadras ante m\u00ed. No te importa que nada ni nadie me cuadre. Lames mis heridas. Te sales de sus contornos como un ni\u00f1o peque\u00f1o y torpe al dibujar, como si te sobrara el color. <strong>Me observas calmado si ves que mi calma es la que no reina<\/strong>. T\u00fa, testigo de una d\u00e9cada de despedidas. El viejo Lobo construye nuestra peque\u00f1a manada de dos, con sus zarpas buenas, su roce continuo, su mirada de humano, e <strong>insistes, incansable, mientras sigo empecinado en ser un lobo solitario<\/strong>\u00ab, ha escrito.\u00a0<\/p>\n<p> <img src=\"https:\/\/www.europesays.com\/es\/wp-content\/uploads\/2025\/11\/f2523095aa42-573534656185450121190598595923655162332951011n.jpg\"   width=\"819\" height=\"1024\" loading=\"lazy\" decoding=\"async\" alt=\"Dani Rovira con su perro Lobo\" fetchpriority=\"auto\" class=\"image ho-image\"\/>\u00a9 daniroviraDani Rovira con Lobo, su amigo m\u00e1s fiel<\/p>\n<p id=\"eiwJ-ST9bOX\" data-wc=\"66\">Rovira, adem\u00e1s, tiene un p\u00fablico que le arropa all\u00e1 donde vaya. En estos momentos, est\u00e1 recorriendo los teatros de toda Espa\u00f1a con\u00a0Vale la pena, un mon\u00f3logo sincero y divertido sobre encontrar la luz en los momentos m\u00e1s oscuros de la vida. En \u00e9l comparte experiencias personales, como el <a class=\"hm-link ho-link\" href=\"https:\/\/www.hola.com\/estar-bien\/20200325164062\/dani-rovira-cancer-linfoma-que-es\/\" data-mrf-recirculation=\"article-body-link\" rel=\"nofollow noopener\" target=\"_blank\">linfoma de Hodgkin<\/a> que sufri\u00f3 en plena pandemia o <a class=\"hm-link ho-link\" href=\"https:\/\/www.hola.com\/actualidad\/20250721845439\/dani-rovira-depresion-declaraciones\/\" data-mrf-recirculation=\"article-body-link\" rel=\"nofollow noopener\" target=\"_blank\">la depresi\u00f3n que padeci\u00f3 justo despu\u00e9s de superarlo<\/a>.\u00a0<\/p>\n<p> <img src=\"https:\/\/www.europesays.com\/es\/wp-content\/uploads\/2025\/11\/f9a1faedbcd5-dlu250052023.jpg\"   width=\"698\" height=\"1024\" loading=\"lazy\" decoding=\"async\" alt=\"El gran amor de Dani Rovira ha sido Clara Lago, a quien conoci\u00f3 en 'Ocho apellidos vascos'\" fetchpriority=\"auto\" class=\"image ho-image\"\/>\u00a9 GTRESEl gran amor de Dani Rovira ha sido Clara Lago, a quien conoci\u00f3 en &#8216;Ocho apellidos vascos&#8217;<\/p>\n<p id=\"enmqQY-p13\" data-wc=\"117\">Su regreso a los escenarios, el lugar del mundo en el que se siente m\u00e1s feliz, coincide con el pr\u00f3ximo estreno de la comedia Playa de Lobos, dirigida por <a class=\"hm-link ho-link\" href=\"https:\/\/www.hola.com\/actualidad\/20240705704228\/marta-hazas-y-javier-veiga-hablamos-con-la-pareja-de-moda-del-cine-espanol\/\" data-mrf-recirculation=\"article-body-link\" rel=\"nofollow noopener\" target=\"_blank\">Javier Veiga<\/a>. El 5 de diciembre llega a los cines esta cinta que Rovira protagoniza junto al actor argentino <strong>Guillermo Francella<\/strong>, conocido por la serie El encargado. En el filme, Rovira interpreta a Manu, un trabajador de un chiringuito de playa, y Francella da vida a Klaus, un turista que se niega a levantarse de la \u00faltima tumbona que queda por recoger. Lo que parece una discusi\u00f3n absurda entre dos desconocidos condenados a no entenderse pronto se transforma cuando Klaus hace a Manu una desconcertante y perturbadora propuesta.<\/p>\n<p> <img src=\"https:\/\/www.europesays.com\/es\/wp-content\/uploads\/2025\/11\/808d21066fa9-544131085179223910171117741053596755337322511n.jpg\"   width=\"819\" height=\"1024\" loading=\"lazy\" decoding=\"async\" alt=\"Playa de Lobos, la nueva pel\u00edcula de Dani Rovira\" fetchpriority=\"auto\" class=\"image ho-image\"\/>\u00a9 mediolimonproducciones&#8217;Playa de Lobos&#8217;, la nueva pel\u00edcula de Dani Rovira, se estrena el pr\u00f3ximo 5 de diciembre en cines<\/p>\n<p id=\"ef9JTlYuBvy\" data-wc=\"130\">Tras poner fin, hace m\u00e1s de cinco a\u00f1os, a <a class=\"hm-link ho-link\" href=\"https:\/\/www.hola.com\/actualidad\/20190523142581\/dani-rovira-clara-lago-ruptura\/\" data-mrf-recirculation=\"article-body-link\" rel=\"nofollow noopener\" target=\"_blank\">su noviazgo con la actriz Clara Lago<\/a>, poco o nada se ha sabido sobre sus posibles nuevas relaciones. La \u00faltima vez que fue fotografiado en actitud cari\u00f1osa fue en agosto de 2024, cuando las c\u00e1maras le captaron en Formentera junto a <strong>la actriz Mar del Corral<\/strong>, conocida por su participaci\u00f3n en pel\u00edculas como Temporal\u00a0y Capit\u00e1n Carver. Desde entonces, no ha vuelto a trascender ninguna imagen que confirme si este romance contin\u00faa o no. Lo que s\u00ed sabemos es que Dani sigue manteniendo una excelente relaci\u00f3n de amistad con Clara. <strong>\u00ab<\/strong><strong>Es que me cae muy bien \u00a0jam\u00e1s se extinguir\u00e1 el amor\u00bb<\/strong>, confes\u00f3 el actor malague\u00f1o. La actriz, por su parte, dijo: \u00ab<strong>Nos queremos un mont\u00f3n. Conf\u00edo en que siempre ser\u00e1 as\u00ed<\/strong>\u00ab.\u00a0<\/p>\n<p> <img src=\"https:\/\/www.europesays.com\/es\/wp-content\/uploads\/2025\/11\/ae6882f32130-dlu579203015.jpg\"   width=\"1024\" height=\"682\" loading=\"lazy\" decoding=\"async\" alt=\"Dani Rovira en el Festival de M\u00e1laga\" fetchpriority=\"auto\" class=\"image ho-image\"\/>\u00a9 GTRESEn los \u00faltimos cinco a\u00f1os, Dani Rovira ha superado un c\u00e1ncer muy grave y una profunda depresi\u00f3n<\/p>\n<p id=\"egmrutUpPe0\" data-wc=\"115\">A sus 45 a\u00f1os, con la reciente p\u00e9rdida de su padre y tras haber superado un complicado c\u00e1ncer y una profunda depresi\u00f3n, <strong>el verdadero \u00e9xito para Dani es algo muy distinto al que alcanz\u00f3 hace una d\u00e9cada<\/strong> con Ocho apellidos vascos, la pel\u00edcula espa\u00f1ola m\u00e1s taquillera de la historia. \u201cEn aquel momento parec\u00eda que no se pod\u00eda tener m\u00e1s \u00e9xito, y ahora, para m\u00ed, el \u00e9xito tiene otras connotaciones que quiz\u00e1 no tienen tanto que ver con una explosi\u00f3n, con la visibilidad o con una subida de espuma. <strong>Para m\u00ed, el \u00e9xito hoy es algo m\u00e1s calmado, m\u00e1s maduro y m\u00e1s profundo<\/strong>\u00ab, reflexion\u00f3 en Atenci\u00f3n Obras, el programa de Cayetana Guill\u00e9n Cuervo en Televisi\u00f3n Espa\u00f1ola.\u00a0<\/p>\n<p> <img src=\"https:\/\/www.europesays.com\/es\/wp-content\/uploads\/2025\/11\/746f90a37ed9-469336362183767069801056238507645809528552922n.jpg\"   width=\"1080\" height=\"1800\" loading=\"lazy\" decoding=\"async\" alt=\"Dani Rovira\" fetchpriority=\"auto\" class=\"image ho-image\"\/>\u00a9 daniroviraDani Rovira es un firme defensor de los animales<\/p>\n<p id=\"ebWlKvmPuQx\" data-wc=\"90\">En este instante, la felicidad de Dani no se mide en taquilla ni en premios, sino en los peque\u00f1os <strong>placeres de la vida<\/strong>: leer un buen libro, montar en bici, rodearse de buenos amigos o defender sus ideales como <strong>firme defensor de los animales<\/strong>, algo que le ha llevado a practicar el<strong>\u00a0veganismo<\/strong> y a dar vida a la Fundaci\u00f3n Ochotumbao, una iniciativa sin \u00e1nimo de lucro que tambi\u00e9n tiene como objetivo apoyar proyectos dirigidos a mejorar la vida de<strong>\u00a0las personas m\u00e1s desfavorecidas y la conservaci\u00f3n del medio ambiente<\/strong>.<\/p>\n","protected":false},"excerpt":{"rendered":"Dani Rovira cumple 45 a\u00f1os este s\u00e1bado, 1 de noviembre, una celebraci\u00f3n que, lamentablemente, est\u00e1 marcada por el&hellip;\n","protected":false},"author":2,"featured_media":212590,"comment_status":"","ping_status":"","sticky":false,"template":"","format":"standard","meta":{"footnotes":""},"categories":[174],"tags":[517,255,57350,146,147,25,24,256,23],"class_list":{"0":"post-212589","1":"post","2":"type-post","3":"status-publish","4":"format-standard","5":"has-post-thumbnail","7":"category-famosos","8":"tag-actualidad","9":"tag-celebrities","10":"tag-dani-rovira","11":"tag-entertainment","12":"tag-entretenimiento","13":"tag-es","14":"tag-espana","15":"tag-famosos","16":"tag-spain"},"share_on_mastodon":{"url":"https:\/\/pubeurope.com\/@es\/115474304246987932","error":""},"_links":{"self":[{"href":"https:\/\/www.europesays.com\/es\/wp-json\/wp\/v2\/posts\/212589","targetHints":{"allow":["GET"]}}],"collection":[{"href":"https:\/\/www.europesays.com\/es\/wp-json\/wp\/v2\/posts"}],"about":[{"href":"https:\/\/www.europesays.com\/es\/wp-json\/wp\/v2\/types\/post"}],"author":[{"embeddable":true,"href":"https:\/\/www.europesays.com\/es\/wp-json\/wp\/v2\/users\/2"}],"replies":[{"embeddable":true,"href":"https:\/\/www.europesays.com\/es\/wp-json\/wp\/v2\/comments?post=212589"}],"version-history":[{"count":0,"href":"https:\/\/www.europesays.com\/es\/wp-json\/wp\/v2\/posts\/212589\/revisions"}],"wp:featuredmedia":[{"embeddable":true,"href":"https:\/\/www.europesays.com\/es\/wp-json\/wp\/v2\/media\/212590"}],"wp:attachment":[{"href":"https:\/\/www.europesays.com\/es\/wp-json\/wp\/v2\/media?parent=212589"}],"wp:term":[{"taxonomy":"category","embeddable":true,"href":"https:\/\/www.europesays.com\/es\/wp-json\/wp\/v2\/categories?post=212589"},{"taxonomy":"post_tag","embeddable":true,"href":"https:\/\/www.europesays.com\/es\/wp-json\/wp\/v2\/tags?post=212589"}],"curies":[{"name":"wp","href":"https:\/\/api.w.org\/{rel}","templated":true}]}}