{"id":212663,"date":"2025-11-01T12:50:25","date_gmt":"2025-11-01T12:50:25","guid":{"rendered":"https:\/\/www.europesays.com\/es\/212663\/"},"modified":"2025-11-01T12:50:25","modified_gmt":"2025-11-01T12:50:25","slug":"gloria-camila-revela-como-se-organiza-con-su-sobrina-hija-de-michu-es-una-situacion-complicada","status":"publish","type":"post","link":"https:\/\/www.europesays.com\/es\/212663\/","title":{"rendered":"Gloria Camila revela c\u00f3mo se organiza con su sobrina, hija de Michu: \u00abEs una situaci\u00f3n complicada\u00bb"},"content":{"rendered":"<p data-journey-content=\"true\" data-node-id=\"3\" class=\"css-6wxqfj emevuu60\">Reci\u00e9n llegada de Honduras, tras pasar 54 d\u00edas en <a href=\"https:\/\/diezminutos.es\/supervivientes-television\" target=\"_blank\" data-node-id=\"3.1\" class=\"css-177bzfx emevuu60\" rel=\"nofollow noopener\">Supervivientes All Stars<strong data-node-id=\"3.1.1\">,<\/strong><\/a><strong data-node-id=\"3.2\"> <a href=\"https:\/\/diezminutos.es\/gloria-camila\" target=\"_blank\" data-node-id=\"3.2.1\" class=\"css-177bzfx emevuu60\" rel=\"nofollow noopener\">Gloria Camila<\/a> se est\u00e1 adaptando de nuevo a su vida en Espa\u00f1a.<\/strong> Y lo est\u00e1 haciendo con un gran cambio: la llegada de su <a href=\"https:\/\/www.diezminutos.es\/teleprograma\/programas-tv\/a66005321\/gloria-camila-recordar-michu-salto-supervivientes-all-stars-2025\/\" target=\"_blank\" data-vars-ga-outbound-link=\"https:\/\/www.diezminutos.es\/teleprograma\/programas-tv\/a66005321\/gloria-camila-recordar-michu-salto-supervivientes-all-stars-2025\/\" data-vars-ga-ux-element=\"Hyperlink\" data-vars-ga-call-to-action=\"sobrina Roc\u00edo, hija de Jos\u00e9 Fernando y Michu,\" data-node-id=\"3.4\" class=\"body-link css-177bzfx emevuu60\" rel=\"nofollow noopener\">sobrina Roc\u00edo, hija de Jos\u00e9 Fernando y Michu,<\/a> quien fallec\u00eda hace apenas un mes. Despu\u00e9s de la pol\u00e9mica sobre <a href=\"https:\/\/www.diezminutos.es\/famosos-corazon\/famosos-espanoles\/a65379085\/jose-fernando-primeras-imagenes-madrid-custodia-hija-michu\/\" target=\"_blank\" data-vars-ga-outbound-link=\"https:\/\/www.diezminutos.es\/famosos-corazon\/famosos-espanoles\/a65379085\/jose-fernando-primeras-imagenes-madrid-custodia-hija-michu\/\" data-vars-ga-ux-element=\"Hyperlink\" data-vars-ga-call-to-action=\"la custodia de la menor, \" data-node-id=\"3.6\" class=\"body-link css-177bzfx emevuu60\" rel=\"nofollow noopener\">la custodia de la menor, <\/a>ha sido Gloria Camila quien se ha encargado de ella. <\/p>\n<p data-journey-content=\"true\" data-node-id=\"6\" class=\"css-6wxqfj emevuu60\">\u00abLa \u00faltima voluntad <a href=\"https:\/\/www.diezminutos.es\/famosos-corazon\/famosos-espanoles\/a66003669\/madre-michu-opina-testamento-ana-maria-aldon-fiesta\/\" target=\"_blank\" data-vars-ga-outbound-link=\"https:\/\/www.diezminutos.es\/famosos-corazon\/famosos-espanoles\/a66003669\/madre-michu-opina-testamento-ana-maria-aldon-fiesta\/\" data-vars-ga-ux-element=\"Hyperlink\" data-vars-ga-call-to-action=\"fue estar con su abuelo paterno\" data-node-id=\"6.1\" class=\"body-link css-177bzfx emevuu60\" rel=\"nofollow noopener\">fue estar con su abuelo paterno<\/a> y en ese entonces tambi\u00e9n era con Ana\u00bb, ha explicado Gloria, y <strong data-node-id=\"6.3\">por ello se va a encargar \u00abmi familia completa\u00bb<\/strong>. Pero la joven ha asegurado que, hasta que todo encaje mejor, la menor convive con ella. <\/p>\n<p><img draggable=\"true\" alt=\"gloria camila y michu\" title=\"Gloria Camila y Michu\" loading=\"lazy\" width=\"2400\" height=\"1600\" decoding=\"async\" data-nimg=\"1\" style=\"color:transparent;width:100%;height:auto;\"   src=\"https:\/\/www.europesays.com\/es\/wp-content\/uploads\/2025\/11\/michu-y-gloria-camila-686cc53471984.jpg\" class=\"css-0 e1g79fud0\"\/><\/p>\n<p>\u00c1ngel D\u00edaz Bri\u00f1as \/ Europa Press<\/p>\n<p data-journey-content=\"true\" data-node-id=\"9\" class=\"css-6wxqfj emevuu60\">Seg\u00fan Gloria ha dado a entender, el hecho de que la menor conviva con ella es temporal: \u00abDe momento est\u00e1 conmigo, ahora vamos a organizar todo. Intento facilitar el proceso\u00bb. Y es que, ahora mismo Jos\u00e9 Ortega Cano convive con su hijo peque\u00f1o, con horarios diferentes a su sobrina.<strong data-node-id=\"9.1\"> \u00abEs la manera m\u00e1s f\u00e1cil de momento\u00bb,<\/strong> ha subrayado, aunque ha dejado claro que, todav\u00eda, \u00abno hay nada cerrado\u00bb.<\/p>\n<p>Gloria Camila, adapt\u00e1ndose a su nueva vida<\/p>\n<p data-journey-content=\"true\" data-node-id=\"14\" class=\"css-6wxqfj emevuu60\">Todo esto ha trastocado por completo la vida de Gloria. \u00abEs una situaci\u00f3n complicada, es nueva para mi, pero voy haciendo pasos peque\u00f1os para que se vaya haciendo amena y positiva la vida\u00bb, ha confesado. Y es que ahora, la peque\u00f1a se ha convertido en \u00absu prioridad\u00bb y la de toda la familia. \u00ab<strong data-node-id=\"14.1\">La ni\u00f1a necesita cari\u00f1o, atenci\u00f3n, estabilidad y rutina\u00bb.<\/strong><\/p>\n<p>La pol\u00e9mica familia de Michu<\/p>\n<p data-journey-content=\"true\" data-node-id=\"17\" class=\"css-6wxqfj emevuu60\">Mientras tanto, la familia de Michu han seguido realizando declaraciones incendiarias contra Gloria en los medios de comunicaci\u00f3n. Tanto es as\u00ed que Tamara, hermana de Michu, <strong data-node-id=\"17.1\">lleg\u00f3 a acusar a Gloria de hacer \u00abun circo\u00bb <\/strong>por <a href=\"https:\/\/www.diezminutos.es\/teleprograma\/programas-tv\/a68160107\/gloria-camila-recuerdo-michu-supervivientes-all-stras-2025\/\" target=\"_blank\" data-vars-ga-outbound-link=\"https:\/\/www.diezminutos.es\/teleprograma\/programas-tv\/a68160107\/gloria-camila-recuerdo-michu-supervivientes-all-stras-2025\/\" data-vars-ga-ux-element=\"Hyperlink\" data-vars-ga-call-to-action=\"acordarse de Michu durante su estancia en Honduras.\" data-node-id=\"17.3\" class=\"body-link css-177bzfx emevuu60\" rel=\"nofollow noopener\">acordarse de Michu durante su estancia en Honduras.<\/a> Una situaci\u00f3n que, seg\u00fan Gloria, no est\u00e1 empa\u00f1ando la relaci\u00f3n de la peque\u00f1a con ellas: \u00abcuando la abuela y la t\u00eda quieren hablar con la ni\u00f1a, habla. Sobre todo hablan con mi hermano, que es el padre\u00bb. <\/p>\n<p><img src=\"https:\/\/www.europesays.com\/es\/wp-content\/uploads\/2025\/11\/1762001425_328_323095e3-d675-4360-ad79-c3a735f161a1_1681830139.file\" alt=\"Headshot of Aroa D\u00edaz\" title=\"Headshot of Aroa D\u00edaz\" width=\"100%\" height=\"100%\" decoding=\"async\" loading=\"lazy\" class=\"css-o0wq4v ev8dhu53\"\/><\/p>\n<p>Aroa D\u00edaz es experta en realities, televisi\u00f3n y actualidad en general. No hay momento del d\u00eda en el que no tenga encendida la televisi\u00f3n conociendo los \u00faltimos desvelos de los famosos, disfrutando de los realities como Supervivientes o de los concursos m\u00e1s rocambolescos. Las \u00faltimas novedades de los famosos del coraz\u00f3n son su perdici\u00f3n y la actualidad de las Casas Reales, su gran pasi\u00f3n. \u00a0\u00a0<\/p>\n<p>En sus ratos libres disfruta de las pel\u00edculas y series de moda, y bucea por los cat\u00e1logos de las plataformas de podcast buscando nuevas entrevistas y charlas de famosos.<\/p>\n<p>Adem\u00e1s, no ha parado de formarse en todos los aspectos convirti\u00e9ndose en una periodista 360: locuci\u00f3n, doblaje, grabaci\u00f3n de v\u00eddeo, periodismo m\u00f3vil, producci\u00f3n de podcast y SEO. Actualmente est\u00e1 form\u00e1ndose en el M\u00e1ster universitario de Periodismo y Comunicaci\u00f3n Digital: Datos y Nuevas Narrativas de la UOC.<\/p>\n<p>Graduada en periodismo por la Universidad Rey Juan Carlos, no ha parado de trabajar desde que obtuvo su t\u00edtulo all\u00e1 por el 2013. Despu\u00e9s de un breve impass en Palma de Mallorca, volvi\u00f3 a Legan\u00e9s donde arranc\u00f3 su experiencia con Legan\u00e9s Activo. En este tiempo he pasado por las redacciones de varios medios recayendo finalmente en Hearst Espa\u00f1a (Telenovela, Qu\u00e9 me dices y Diez Minutos). Tambi\u00e9n tiene experiencia en diferentes radios. \u00a0<\/p>\n","protected":false},"excerpt":{"rendered":"Reci\u00e9n llegada de Honduras, tras pasar 54 d\u00edas en Supervivientes All Stars, Gloria Camila se est\u00e1 adaptando de&hellip;\n","protected":false},"author":2,"featured_media":212664,"comment_status":"","ping_status":"","sticky":false,"template":"","format":"standard","meta":{"footnotes":""},"categories":[91],"tags":[253,146,147,25,24,23],"class_list":{"0":"post-212663","1":"post","2":"type-post","3":"status-publish","4":"format-standard","5":"has-post-thumbnail","7":"category-entretenimiento","8":"tag-discover","9":"tag-entertainment","10":"tag-entretenimiento","11":"tag-es","12":"tag-espana","13":"tag-spain"},"share_on_mastodon":{"url":"https:\/\/pubeurope.com\/@es\/115474532491193911","error":""},"_links":{"self":[{"href":"https:\/\/www.europesays.com\/es\/wp-json\/wp\/v2\/posts\/212663","targetHints":{"allow":["GET"]}}],"collection":[{"href":"https:\/\/www.europesays.com\/es\/wp-json\/wp\/v2\/posts"}],"about":[{"href":"https:\/\/www.europesays.com\/es\/wp-json\/wp\/v2\/types\/post"}],"author":[{"embeddable":true,"href":"https:\/\/www.europesays.com\/es\/wp-json\/wp\/v2\/users\/2"}],"replies":[{"embeddable":true,"href":"https:\/\/www.europesays.com\/es\/wp-json\/wp\/v2\/comments?post=212663"}],"version-history":[{"count":0,"href":"https:\/\/www.europesays.com\/es\/wp-json\/wp\/v2\/posts\/212663\/revisions"}],"wp:featuredmedia":[{"embeddable":true,"href":"https:\/\/www.europesays.com\/es\/wp-json\/wp\/v2\/media\/212664"}],"wp:attachment":[{"href":"https:\/\/www.europesays.com\/es\/wp-json\/wp\/v2\/media?parent=212663"}],"wp:term":[{"taxonomy":"category","embeddable":true,"href":"https:\/\/www.europesays.com\/es\/wp-json\/wp\/v2\/categories?post=212663"},{"taxonomy":"post_tag","embeddable":true,"href":"https:\/\/www.europesays.com\/es\/wp-json\/wp\/v2\/tags?post=212663"}],"curies":[{"name":"wp","href":"https:\/\/api.w.org\/{rel}","templated":true}]}}