{"id":212691,"date":"2025-11-01T13:12:13","date_gmt":"2025-11-01T13:12:13","guid":{"rendered":"https:\/\/www.europesays.com\/es\/212691\/"},"modified":"2025-11-01T13:12:13","modified_gmt":"2025-11-01T13:12:13","slug":"meningitis-sintomas-vacunas-y-prevencion","status":"publish","type":"post","link":"https:\/\/www.europesays.com\/es\/212691\/","title":{"rendered":"Meningitis: s\u00edntomas, vacunas y prevenci\u00f3n"},"content":{"rendered":"<p>\n        <strong>La Meningitis, una <\/strong><a href=\"https:\/\/www.noticiasdegipuzkoa.eus\/tags\/enfermedad\/\" title=\"enfermedad\" target=\"_blank\" class=\"link copy\" rel=\"nofollow noopener\"><strong>enfermedad <\/strong><\/a><strong>grave caracterizada por producir inflamaci\u00f3n en las membranas que rodean el cerebro y la m\u00e9dula espinal<\/strong>, afecta a unos 2,5 millones de personas, seg\u00fan\u00a0datos de la Organizaci\u00f3n Mundial de la Salud (OMS), y<strong> causa unas 250.000 defunciones cada a\u00f1o en el mundo<\/strong>.\u00a0\n<\/p>\n<p class=\"article-body__text \">\n        Aunque la meningitis <strong>puede ser causada por virus, bacterias, hongos o par\u00e1sitos<\/strong>, la <strong>forma bacteriana es la m\u00e1s peligrosa<\/strong> y puede provocar la muerte en pocas horas si no se trata de inmediato. De hecho, alrededor de 1 de cada 6 personas que contraen este tipo de meningitis, muere \u2013<strong>especialmente la meningitis meningoc\u00f3cica y neumoc\u00f3cica<\/strong>\u2013 y hasta un 20% de los pacientes desarrolla una <strong>discapacidad grave<\/strong>.\n<\/p>\n<p class=\"article-body__text \">\n        \u00a0Entre las posibles <strong>secuelas <\/strong>destacan <strong>problemas auditivos, de vista, del habla, del lenguaje, de memoria <\/strong>y otros <strong>problemas neurol\u00f3gicos<\/strong> derivados del da\u00f1o cerebral producido por la enfermedad, as\u00ed como <strong>amputaciones de extremidades<\/strong> (cuando la infecci\u00f3n de la meningitis se extiende al torrente sangu\u00edneo produciendo sepsis) que afectan seriamente la calidad de vida.\n<\/p>\n<p>  Secuelas y muertes<\/p>\n<p class=\"article-body__text \">\n        En 2024 se produjeron en todo el mundo 1,6 millones de casos de meningitis bacteriana que provocaron aproximadamente 250.000 muertes. Y aunque,<strong> a nivel mundial, la mayor carga<\/strong> de morbilidad se observa en un \u00e1rea conocida como el \u201ccintur\u00f3n africano de la meningitis\u201d, que se extiende<strong> desde Senegal hasta Etiop\u00eda<\/strong>, <strong>ning\u00fan pa\u00eds est\u00e1 exento<\/strong> de que, de forma ocasional o en forma de <strong>brotes<\/strong>, se notifiquen casos de esta enfermedad.\n<\/p>\n<p class=\"article-body__text \">\n        Seg\u00fan datos de la <a href=\"https:\/\/www.sen.es\/\" title=\"Sociedad Espa\u00f1ola de Neurolog\u00eda\" rel=\"nofollow noopener\" target=\"_blank\" class=\"link copy\">Sociedad Espa\u00f1ola de Neurolog\u00eda<\/a> (SEN), cada a\u00f1o se identifican unos<strong> 1.000 casos de meningitis en el Estado espa\u00f1ol, de los cuales un 10% son muy graves<\/strong>. \u201cAunque en nuestro pa\u00eds la incidencia de la meningitis sigue siendo baja, esta enfermedad sigue siendo una de las<strong> primeras causas de muerte por infecci\u00f3n en ni\u00f1os y adolescentes <\/strong>en Espa\u00f1a, adem\u00e1s, estamos observando una ligera tendencia ascendente de los casos desde el a\u00f1o 2014\u201d, comenta la doctora <strong>Saima Bashir, coordinadora del Grupo de Estudio de Neurolog\u00eda Cr\u00edtica e Intensivista de la Sociedad Espa\u00f1ola de Neurolog\u00eda.<\/strong>\n<\/p>\n<p class=\"article-body__text \">\n        \u201cPor ejemplo, en el Estado,<strong> en 2024 se produjeron 330 casos de meningitis meningoc\u00f3cica, frente a los 270 del a\u00f1o anterior, <\/strong>por lo que desde la Sociedad Espa\u00f1ola de Neurolog\u00eda instamos a <strong>reforzar la prevenci\u00f3n y <\/strong><a href=\"https:\/\/www.noticiasdegipuzkoa.eus\/tags\/vacunas\/\" title=\"vacunaci\u00f3n\" target=\"_blank\" class=\"link copy\" rel=\"nofollow noopener\">vacunaci\u00f3n<\/a>, animando a padres y cuidadores a que sigan el calendario de vacunaci\u00f3n de ni\u00f1os y adolescentes y tengan precauci\u00f3n en los contactos con personas que hayan sido diagnosticadas con esta enfermedad\u201d.\n<\/p>\n<p>  S\u00edntomas<\/p>\n<p class=\"article-body__text \">\n        Por otra parte, se\u00f1ala, es importante tener en cuenta que, <strong>ante cualquier sospecha de meningitis, es aconsejable acudir de inmediato al m\u00e9dico o al hospital, ya que la detecci\u00f3n y el tratamiento precoz son fundamentales<\/strong> para salvar vidas y reducir secuelas una vez que se ha desarrollado esta enfermedad.<strong> \u201cLa meningitis puede producir la muerte en menos de 24 horas,<\/strong> por lo que es una enfermedad que requiere atenci\u00f3n m\u00e9dica urgente\u201d, afirma.\n<\/p>\n<p class=\"article-body__text \">\n        Entre los <strong>s\u00edntomas m\u00e1s comunes destacan fiebre repentina, dolor de cabeza intenso, rigidez en el cuello, n\u00e1useas, v\u00f3mitos, sensibilidad a la luz y erupciones cut\u00e1neas<\/strong>. En<strong> beb\u00e9s y ni\u00f1os peque\u00f1os puede manifestarse con irritabilidad inexplicable, v\u00f3mitos y abultamiento de la fontanela<\/strong>. Y aunque cualquier persona puede contraer meningitis,<strong> los grupos de mayor riesgo son los ni\u00f1os menores de 5 a\u00f1os, sobre todo cuando no est\u00e1n vacunados, y los j\u00f3venes de entre 15 y 24 a\u00f1os<\/strong>. Las <strong>personas inmunodeprimidas tambi\u00e9n tienen mayor riesgo<\/strong> de padecer diferentes tipos de meningitis, as\u00ed como aquellas que viven o trabajan en entornos especialmente concurridos.\n<\/p>\n<p>  Vacunaci\u00f3n<\/p>\n<p class=\"article-body__text \">\n        <strong>Aunque la medida m\u00e1s eficaz contra la meningitis es la vacunaci\u00f3n, tambi\u00e9n lo son los h\u00e1bitos de higiene personal<\/strong>. \u201cDe hecho, al dejar atr\u00e1s las medidas de contenci\u00f3n por la pandemia de la COVID-19, se ha observado una tendencia creciente de incidencia de la meningitis meningoc\u00f3cica desde el a\u00f1o 2022, lo que resalta la importancia de las medidas de higiene personal para evitar esta enfermedad\u201d.\n<\/p>\n<p class=\"article-body__text \">\n        As\u00ed pues,<strong> lavarse las manos frecuentemente, no compartir utensilios, desinfectar y ventilar los espacios comunes, cubrirse al toser o estornudar<\/strong>, o usar repelente y ropa protectora en zonas con mosquitos u otros animales que puedan transmitir infecciones son h\u00e1bitos importantes para evitar su contagio. Por otra parte, \u201cen casos de contacto cercano con alguien con meningitis bacteriana, aconsejamos tambi\u00e9n acudir al m\u00e9dico, que le dar\u00e1 pautas para prevenir la enfermedad\u201d, concluye la experta.<\/p>\n","protected":false},"excerpt":{"rendered":"La Meningitis, una enfermedad grave caracterizada por producir inflamaci\u00f3n en las membranas que rodean el cerebro y la&hellip;\n","protected":false},"author":2,"featured_media":212692,"comment_status":"","ping_status":"","sticky":false,"template":"","format":"standard","meta":{"footnotes":""},"categories":[92],"tags":[5609,858,6365,25,24,7116,165,7678,166,23],"class_list":{"0":"post-212691","1":"post","2":"type-post","3":"status-publish","4":"format-standard","5":"has-post-thumbnail","7":"category-salud","8":"tag-aumento","9":"tag-casos","10":"tag-claves","11":"tag-es","12":"tag-espana","13":"tag-frenar","14":"tag-health","15":"tag-meningitis","16":"tag-salud","17":"tag-spain"},"share_on_mastodon":{"url":"https:\/\/pubeurope.com\/@es\/115474618467320079","error":""},"_links":{"self":[{"href":"https:\/\/www.europesays.com\/es\/wp-json\/wp\/v2\/posts\/212691","targetHints":{"allow":["GET"]}}],"collection":[{"href":"https:\/\/www.europesays.com\/es\/wp-json\/wp\/v2\/posts"}],"about":[{"href":"https:\/\/www.europesays.com\/es\/wp-json\/wp\/v2\/types\/post"}],"author":[{"embeddable":true,"href":"https:\/\/www.europesays.com\/es\/wp-json\/wp\/v2\/users\/2"}],"replies":[{"embeddable":true,"href":"https:\/\/www.europesays.com\/es\/wp-json\/wp\/v2\/comments?post=212691"}],"version-history":[{"count":0,"href":"https:\/\/www.europesays.com\/es\/wp-json\/wp\/v2\/posts\/212691\/revisions"}],"wp:featuredmedia":[{"embeddable":true,"href":"https:\/\/www.europesays.com\/es\/wp-json\/wp\/v2\/media\/212692"}],"wp:attachment":[{"href":"https:\/\/www.europesays.com\/es\/wp-json\/wp\/v2\/media?parent=212691"}],"wp:term":[{"taxonomy":"category","embeddable":true,"href":"https:\/\/www.europesays.com\/es\/wp-json\/wp\/v2\/categories?post=212691"},{"taxonomy":"post_tag","embeddable":true,"href":"https:\/\/www.europesays.com\/es\/wp-json\/wp\/v2\/tags?post=212691"}],"curies":[{"name":"wp","href":"https:\/\/api.w.org\/{rel}","templated":true}]}}