{"id":212707,"date":"2025-11-01T13:24:07","date_gmt":"2025-11-01T13:24:07","guid":{"rendered":"https:\/\/www.europesays.com\/es\/212707\/"},"modified":"2025-11-01T13:24:07","modified_gmt":"2025-11-01T13:24:07","slug":"se-con-certeza-que-me-salvo-la-vida-gracias","status":"publish","type":"post","link":"https:\/\/www.europesays.com\/es\/212707\/","title":{"rendered":"\u201cS\u00e9 con certeza que me salv\u00f3 la vida, \u00a1gracias!\u00bb"},"content":{"rendered":"<p data-mrf-recirculation=\"Links P\u00e1rrafos\" class=\"ue-c-article__paragraph paragraph ue-c-article--first-letter-highlighted\">La brit\u00e1nica <strong>Zo\u00eb B\u00e4ckstedt<\/strong> ha vivido una semana para olvidar. La joven de 21 a\u00f1os del equipo <strong>CANYON\/\/SRAM,<\/strong> que ven\u00eda de cerrar una sobresaliente campa\u00f1a en carretera, ten\u00eda previsto estrenarse entre la \u00e9lite del ciclocross. Sin embargo, sus planes se han visto truncados tras sufrir un accidente en entrenamiento que ella misma ha calificado como \u201cpotencialmente mortal\u201d.<\/p>\n<p data-mrf-recirculation=\"Links P\u00e1rrafos\" class=\"ue-c-article__paragraph paragraph\">Hija del exprofesional Magnus B\u00e4ckstedt y conocida por su versatilidad en carretera, pista y barro, Zo\u00eb se ha ganado un hueco entre las grandes promesas del ciclismo internacional. Campeona del mundo j\u00fanior de ciclocross en 2022 y doble campeona sub-23 (2024 y 2025), este a\u00f1o hab\u00eda firmado adem\u00e1s un brillante curso en ruta: t\u00edtulo nacional contrarreloj, tres etapas y la general del Baloise Ladies Tour y un cuarto puesto en el Simac Ladies Tour antes de proclamarse campeona del mundo sub-23 de contrarreloj en Ruanda.<\/p>\n<p data-mrf-recirculation=\"Links P\u00e1rrafos\" class=\"ue-c-article__paragraph paragraph\">Tras unos d\u00edas de descanso, B\u00e4ckstedt hab\u00eda retomado su preparaci\u00f3n de cara al barro con sesiones tanto en el lluvioso Reino Unido como en zonas de monta\u00f1a m\u00e1s soleadas. Todo marchaba seg\u00fan lo previsto hasta la ca\u00edda del pasado viernes. <strong>\u201cUn mes de entrenamientos y \u2018vacaciones\u2019 perfectos&#8230; hasta ahora\u201d, escribi\u00f3 en sus redes. <\/strong>Las pruebas m\u00e9dicas revelaron dos peque\u00f1as fracturas en la mano y la mu\u00f1eca, lo que le obligar\u00e1 a parar unas semanas.<\/p>\n<p data-mrf-recirculation=\"Links P\u00e1rrafos\" class=\"ue-c-article__paragraph paragraph\">\u201cEs una pena perderme las primeras carreras, pero necesito tiempo para recuperarme. Volver\u00e9 m\u00e1s fuerte\u201d, asegur\u00f3 la corredora. En su mensaje, quiso dejar tambi\u00e9n una advertencia: <strong>\u201cS\u00e9 con certeza que mi casco me salv\u00f3 la vida. Gracias, Giro\u201d.<\/strong>\u00a0<\/p>\n","protected":false},"excerpt":{"rendered":"La brit\u00e1nica Zo\u00eb B\u00e4ckstedt ha vivido una semana para olvidar. La joven de 21 a\u00f1os del equipo CANYON\/\/SRAM,&hellip;\n","protected":false},"author":2,"featured_media":212708,"comment_status":"","ping_status":"","sticky":false,"template":"","format":"standard","meta":{"footnotes":""},"categories":[273],"tags":[313,312,168,25,24,23,167],"class_list":{"0":"post-212707","1":"post","2":"type-post","3":"status-publish","4":"format-standard","5":"has-post-thumbnail","7":"category-ciclismo","8":"tag-ciclismo","9":"tag-cycling","10":"tag-deportes","11":"tag-es","12":"tag-espana","13":"tag-spain","14":"tag-sports"},"share_on_mastodon":{"url":"https:\/\/pubeurope.com\/@es\/115474665489757673","error":""},"_links":{"self":[{"href":"https:\/\/www.europesays.com\/es\/wp-json\/wp\/v2\/posts\/212707","targetHints":{"allow":["GET"]}}],"collection":[{"href":"https:\/\/www.europesays.com\/es\/wp-json\/wp\/v2\/posts"}],"about":[{"href":"https:\/\/www.europesays.com\/es\/wp-json\/wp\/v2\/types\/post"}],"author":[{"embeddable":true,"href":"https:\/\/www.europesays.com\/es\/wp-json\/wp\/v2\/users\/2"}],"replies":[{"embeddable":true,"href":"https:\/\/www.europesays.com\/es\/wp-json\/wp\/v2\/comments?post=212707"}],"version-history":[{"count":0,"href":"https:\/\/www.europesays.com\/es\/wp-json\/wp\/v2\/posts\/212707\/revisions"}],"wp:featuredmedia":[{"embeddable":true,"href":"https:\/\/www.europesays.com\/es\/wp-json\/wp\/v2\/media\/212708"}],"wp:attachment":[{"href":"https:\/\/www.europesays.com\/es\/wp-json\/wp\/v2\/media?parent=212707"}],"wp:term":[{"taxonomy":"category","embeddable":true,"href":"https:\/\/www.europesays.com\/es\/wp-json\/wp\/v2\/categories?post=212707"},{"taxonomy":"post_tag","embeddable":true,"href":"https:\/\/www.europesays.com\/es\/wp-json\/wp\/v2\/tags?post=212707"}],"curies":[{"name":"wp","href":"https:\/\/api.w.org\/{rel}","templated":true}]}}