{"id":212717,"date":"2025-11-01T13:31:15","date_gmt":"2025-11-01T13:31:15","guid":{"rendered":"https:\/\/www.europesays.com\/es\/212717\/"},"modified":"2025-11-01T13:31:15","modified_gmt":"2025-11-01T13:31:15","slug":"un-regreso-de-entre-los-muertos-2","status":"publish","type":"post","link":"https:\/\/www.europesays.com\/es\/212717\/","title":{"rendered":"\u00a1Un regreso de entre los muertos!"},"content":{"rendered":"<p data-journey-content=\"true\" data-node-id=\"3\" class=\"css-6wxqfj emevuu60\">Esta semana en &#8216;<a href=\"https:\/\/www.diezminutos.es\/valle-salvaje\/\" target=\"_blank\" data-vars-ga-outbound-link=\"https:\/\/www.diezminutos.es\/valle-salvaje\/\" data-vars-ga-ux-element=\"Hyperlink\" data-vars-ga-call-to-action=\"Valle Salvaje\" data-node-id=\"3.1\" class=\"body-link css-177bzfx emevuu60\" rel=\"nofollow noopener\">Valle Salvaje<\/a>&#8216; hubo un episodio menos de lo habitual debido al funeral de Estado que tuvo lugar el mi\u00e9rcoles 29 de octubre por las v\u00edctimas de la DANA del a\u00f1o 2024, pero eso no implic\u00f3 que los otros cuatro fueran menos interesantes. Atanasio, siempre atento a lo que ocurr\u00eda a su alrededor, alert\u00f3 a Alejo sobre la situaci\u00f3n de Luisa. Preocupado, <strong data-node-id=\"3.3\">Alejo intent\u00f3 hablar con ella<\/strong>, pero se encontr\u00f3 con una mujer decidida y firme. Luisa, con una mezcla de dolor y determinaci\u00f3n, lo desarm\u00f3 con sus palabras y le dej\u00f3 claro que hab\u00eda tomado una decisi\u00f3n: regresar a casa de sus hermanos. Mientras tanto, en la Casa Grande, <a href=\"https:\/\/www.diezminutos.es\/telenovela\/espanolas\/a69118397\/valle-salvaje-capitulos-279-al-282-resumen-semanal-20-al-23-octubre-tve-netflix\/\" target=\"_blank\" data-vars-ga-outbound-link=\"https:\/\/www.diezminutos.es\/telenovela\/espanolas\/a69118397\/valle-salvaje-capitulos-279-al-282-resumen-semanal-20-al-23-octubre-tve-netflix\/\" data-vars-ga-ux-element=\"Hyperlink\" data-vars-ga-call-to-action=\"Victoria vivi\u00f3 un momento desconcertante\" data-node-id=\"3.5\" class=\"body-link css-177bzfx emevuu60\" rel=\"nofollow noopener\">Victoria vivi\u00f3 un momento desconcertante<\/a> al encontrarse cara a cara con alguien que cre\u00eda perdido para siempre\u2026 un fantasma del pasado que hab\u00eda regresado de entre los muertos.<\/p>\n<p><img draggable=\"true\" alt=\"victoria llora ante jose luis en valle salvaje\" title=\"Victoria llora ante Jose Luis en Valle Salvaje\" loading=\"lazy\" width=\"4096\" height=\"2730\" decoding=\"async\" data-nimg=\"1\" style=\"color:transparent;width:100%;height:auto;\"   src=\"https:\/\/www.europesays.com\/es\/wp-content\/uploads\/2025\/10\/g25xqx6xyaapbqc-68ee38b91dcf0.jpeg\" class=\"css-0 e1g79fud0\"\/><\/p>\n<p>RTVE<\/p>\n<p>Alejo tom\u00f3 una dr\u00e1stica decisi\u00f3n en &#8216;Valle Salvaje&#8217;<\/p>\n<p data-journey-content=\"true\" data-node-id=\"8\" class=\"css-6wxqfj emevuu60\">Victoria volvi\u00f3 tarde al palacio y se enfrent\u00f3 al enfado de Jos\u00e9 Luis. Sin embargo, su actitud sorprendi\u00f3: se mostr\u00f3 m\u00e1s sumisa y afectuosa que nunca, lo que despert\u00f3 sospechas sobre sus verdaderas intenciones. Esa misma noche, <strong data-node-id=\"8.1\">Alejo tom\u00f3 una decisi\u00f3n crucial<\/strong> y se present\u00f3 ante Luisa con una pregunta que podr\u00eda haber cambiado el destino de su relaci\u00f3n para siempre.<\/p>\n<p>B\u00e1rbara quiso alejarse de Leonardo en &#8216;Valle Salvaje&#8217;<img draggable=\"true\" alt=\"valle salvaje\" title=\"Valle Salvaje\" loading=\"lazy\" width=\"4096\" height=\"2730\" decoding=\"async\" data-nimg=\"1\" style=\"color:transparent;width:100%;height:auto;\"   src=\"https:\/\/www.europesays.com\/es\/wp-content\/uploads\/2025\/11\/g3exkerxgaa9hhe-6901e8dc9e29c.jpg\" class=\"css-0 e1g79fud0\"\/><\/p>\n<p>Add RTVE<\/p>\n<p data-journey-content=\"true\" data-node-id=\"12\" class=\"css-6wxqfj emevuu60\">Luisa vivi\u00f3 un momento trascendental junto a Alejo, que podr\u00eda haber consolidado su historia de amor. Pero no todo fueron buenas noticias: Pepa recibi\u00f3 una informaci\u00f3n devastadora que la sumi\u00f3 en la tristeza. En paralelo, la Casa Grande se vio sacudida por la llegada de la Santa Hermandad, que investig\u00f3 el robo de la talla. Para sorpresa de todos, los agentes parecieron tener muy claro qui\u00e9n fue el responsable del delito.<\/p>\n<p data-journey-content=\"true\" data-node-id=\"16\" class=\"css-6wxqfj emevuu60\">B\u00e1rbara, enfrentada a sus emociones, le asegur\u00f3 a Leonardo que no hab\u00eda intentado quitarse la vida, pero le pidi\u00f3 que no volvieran a verse: necesitaba alejarse de \u00e9l para encontrar su felicidad. Por otro lado, <strong data-node-id=\"16.1\">la inesperada aparici\u00f3n de D\u00e1maso descoloc\u00f3 por completo a Jos\u00e9 Luis<\/strong>, quien temi\u00f3 que su presencia pudiera arruinar sus planes de ascenso social, tan cuidadosamente trazados con el apoyo de don Hernando.<\/p>\n<p><img src=\"https:\/\/www.europesays.com\/es\/wp-content\/uploads\/2025\/11\/43af9b8f-983e-4e74-8e74-9a7479b0966b_1681831601.file\" alt=\"Headshot of Pilar Mart\u00ednez\" title=\"Headshot of Pilar Mart\u00ednez\" width=\"100%\" height=\"100%\" decoding=\"async\" loading=\"lazy\" class=\"css-o0wq4v ev8dhu53\"\/><\/p>\n<p>Pilar Mart\u00ednez es periodista especializada en contenidos de televisi\u00f3n y cultura, se gradu\u00f3 en la carrera en Periodismo en la Facultad de Ciencias de la Informaci\u00f3n (Universidad Complutense de Madrid) en el a\u00f1o 2018. Desde entonces ha pasado por las redacciones de Ecoteuve (El Economista), donde realiz\u00f3 sus primeras pr\u00e1cticas durante el verano del 2016.<\/p>\n<p>Posteriormente, concretamente, en el a\u00f1o 2017 se pas\u00f3 al grupo Hearst Espa\u00f1a, donde comenz\u00f3 su andadura en las revistas de televisi\u00f3n: Supertele, Teleprograma, Telenovela. Ahora colabora con Diez Minutos, en su versi\u00f3n web, donde se encarga de realizar los avances semanales de las ficciones diarias de moda, as\u00ed como entrevistas y art\u00edculos sobre los melodramas o telenovelas que aterrizan en nuestro pa\u00eds y aquellos que est\u00e1n por venir.<\/p>\n<p>Toda una cazadora de exclusivas. A esto, se suma su puesto como redactora jefe de la secci\u00f3n de novela narrativa en la revista Culturamas, medio digital de alto impacto al que lleva unida desde el a\u00f1o 2013. \u00c1vida lectora, cin\u00e9fila y seri\u00e9fila de primer nivel, ha hecho de su vocaci\u00f3n su oficio. \u00a0<\/p>\n","protected":false},"excerpt":{"rendered":"Esta semana en &#8216;Valle Salvaje&#8216; hubo un episodio menos de lo habitual debido al funeral de Estado que&hellip;\n","protected":false},"author":2,"featured_media":212718,"comment_status":"","ping_status":"","sticky":false,"template":"","format":"standard","meta":{"footnotes":""},"categories":[171],"tags":[253,146,147,25,24,23,214],"class_list":{"0":"post-212717","1":"post","2":"type-post","3":"status-publish","4":"format-standard","5":"has-post-thumbnail","7":"category-tv","8":"tag-discover","9":"tag-entertainment","10":"tag-entretenimiento","11":"tag-es","12":"tag-espana","13":"tag-spain","14":"tag-tv"},"share_on_mastodon":{"url":"https:\/\/pubeurope.com\/@es\/115474693472194900","error":""},"_links":{"self":[{"href":"https:\/\/www.europesays.com\/es\/wp-json\/wp\/v2\/posts\/212717","targetHints":{"allow":["GET"]}}],"collection":[{"href":"https:\/\/www.europesays.com\/es\/wp-json\/wp\/v2\/posts"}],"about":[{"href":"https:\/\/www.europesays.com\/es\/wp-json\/wp\/v2\/types\/post"}],"author":[{"embeddable":true,"href":"https:\/\/www.europesays.com\/es\/wp-json\/wp\/v2\/users\/2"}],"replies":[{"embeddable":true,"href":"https:\/\/www.europesays.com\/es\/wp-json\/wp\/v2\/comments?post=212717"}],"version-history":[{"count":0,"href":"https:\/\/www.europesays.com\/es\/wp-json\/wp\/v2\/posts\/212717\/revisions"}],"wp:featuredmedia":[{"embeddable":true,"href":"https:\/\/www.europesays.com\/es\/wp-json\/wp\/v2\/media\/212718"}],"wp:attachment":[{"href":"https:\/\/www.europesays.com\/es\/wp-json\/wp\/v2\/media?parent=212717"}],"wp:term":[{"taxonomy":"category","embeddable":true,"href":"https:\/\/www.europesays.com\/es\/wp-json\/wp\/v2\/categories?post=212717"},{"taxonomy":"post_tag","embeddable":true,"href":"https:\/\/www.europesays.com\/es\/wp-json\/wp\/v2\/tags?post=212717"}],"curies":[{"name":"wp","href":"https:\/\/api.w.org\/{rel}","templated":true}]}}