{"id":212766,"date":"2025-11-01T14:10:18","date_gmt":"2025-11-01T14:10:18","guid":{"rendered":"https:\/\/www.europesays.com\/es\/212766\/"},"modified":"2025-11-01T14:10:18","modified_gmt":"2025-11-01T14:10:18","slug":"copa-espana-ciclocross-suarez-y-gonzalez-ganan-en-amurrio","status":"publish","type":"post","link":"https:\/\/www.europesays.com\/es\/212766\/","title":{"rendered":"Copa Espa\u00f1a ciclocross: Su\u00e1rez y Gonz\u00e1lez ganan en Amurrio"},"content":{"rendered":"<p><a href=\"https:\/\/www.europesays.com\/es\/wp-content\/uploads\/2025\/11\/Captura-de-pantalla-2020-12-10-a-las-12.43.57.png\" target=\"_blank\" rel=\"noopener\"><img fetchpriority=\"high\" decoding=\"async\" aria-describedby=\"caption-attachment-281055\" class=\"wp-image-281055  lazy\" src=\"data:image\/svg+xml,%3Csvg%20xmlns=\" http:=\"\" data-src=\"https:\/\/www.europesays.com\/es\/wp-content\/uploads\/2025\/11\/Captura-de-pantalla-2020-12-10-a-las-12.43.57.png\" alt=\"\" width=\"770\" height=\"331\" data- data-\/><\/a><\/p>\n<p id=\"caption-attachment-281055\" class=\"wp-caption-text\">Logotipo oficial \u00a9 RFEC<\/p>\n<p><strong>Redacci\u00f3n \/ <a href=\"https:\/\/www.ciclo21.com\/whatsapp-telegram-2025\/\" target=\"_blank\" rel=\"noopener nofollow\">Ciclo 21<\/a><\/strong><\/p>\n<p><strong>1 noviembre: Amurrio (\u00c1lava)<\/strong><\/p>\n<p><a href=\"https:\/\/x.com\/RFECiclismo\" target=\"_blank\" rel=\"noopener nofollow\"><strong>DIRECTO X (TWITER)<\/strong><\/a><\/p>\n<p><a href=\"https:\/\/becrono.es\/G-Live\/g-live.html?f=\/resultados25\/CXAmurrio25\/AMURRIOKO%20ZIKLO-KROSSA.clax\" target=\"_blank\" rel=\"noopener nofollow\"><strong>TIEMPOS EN DIRECTO<\/strong><\/a><\/p>\n<p><strong>CLASIFICACIONES<\/strong><\/p>\n<p><a href=\"https:\/\/becrono.es\/wp-content\/uploads\/2025\/11\/AMURRIOKO-ZIKLO-KROSSA-clasificacion-ELITE-SUB23.pdf\" target=\"_blank\" rel=\"noopener nofollow\"><strong>\u00c9lite hombres<\/strong><\/a>: Kevin SU\u00c1REZ<\/p>\n<p><a href=\"https:\/\/becrono.es\/wp-content\/uploads\/2025\/11\/AMURRIOKO-ZIKLO-KROSSA-clasificacion-FEM-ELITE-SUB23.pdf\" target=\"_blank\" rel=\"noopener nofollow\"><strong>\u00c9lite f\u00e9minas<\/strong><\/a>: Luc\u00eda GONZ\u00c1LEZ<\/p>\n<p><a href=\"https:\/\/becrono.es\/wp-content\/uploads\/2025\/11\/AMURRIOKO-ZIKLO-KROSSA-clasificacion-ELITE-SUB23.pdf\" target=\"_blank\" rel=\"noopener nofollow\"><strong>Sub-23 hombres<\/strong><\/a>: Unax GAL\u00c1N<\/p>\n<p><a href=\"https:\/\/becrono.es\/wp-content\/uploads\/2025\/11\/AMURRIOKO-ZIKLO-KROSSA-clasificacion-FEM-ELITE-SUB23.pdf\" target=\"_blank\" rel=\"noopener nofollow\"><strong>Sub-23 f\u00e9minas<\/strong><\/a>: Lorena PATI\u00d1O<\/p>\n<p><a href=\"https:\/\/becrono.es\/wp-content\/uploads\/2025\/11\/AMURRIOKO-ZIKLO-KROSSA-clasificacion-JUNIOR.pdf\" target=\"_blank\" rel=\"noopener nofollow\"><strong>Junior hombres<\/strong><\/a>: Mart\u00edn FERN\u00c1NDEZ<\/p>\n<p><a href=\"https:\/\/becrono.es\/wp-content\/uploads\/2025\/11\/AMURRIOKO-ZIKLO-KROSSA-clasificacion-FEM-JUNIOR.pdf\" target=\"_blank\" rel=\"noopener nofollow\"><strong>Junior f\u00e9minas<\/strong><\/a>: Aitana GUTI\u00c9RREZ<\/p>\n<p><a href=\"https:\/\/becrono.es\/wp-content\/uploads\/2025\/11\/AMURRIOKO-ZIKLO-KROSSA-clasificacion-CADETE.pdf\" target=\"_blank\" rel=\"noopener nofollow\"><strong>Cadete hombres<\/strong><\/a>: Guillermo GARC\u00cdA<\/p>\n<p><a href=\"https:\/\/becrono.es\/wp-content\/uploads\/2025\/11\/AMURRIOKO-ZIKLO-KROSSA-clasificacion-FEM-CADETE.pdf\" target=\"_blank\" rel=\"noopener nofollow\"><strong>Cadete f\u00e9minas<\/strong><\/a>: Gisela HERRERO<\/p>\n<p><strong>M\u00e1ster 30 hombres<\/strong>:\u00a0<\/p>\n<p><a href=\"https:\/\/becrono.es\/wp-content\/uploads\/2025\/11\/AMURRIOKO-ZIKLO-KROSSA-clasificacion-MASTER-40.pdf\" target=\"_blank\" rel=\"noopener nofollow\"><strong>M\u00e1ster 40 hombres<\/strong><\/a>: I\u00f1aki CARRO<\/p>\n<p><strong>M\u00e1ster 50 hombres<\/strong>:\u00a0<\/p>\n<p><strong>M\u00e1ster 60 hombres<\/strong>:\u00a0<\/p>\n<p><strong>M\u00e1ster f\u00e9minas<\/strong>:\u00a0<\/p>\n<p style=\"text-align: justify;\">Este fin de semana del<strong> 1 y 2 de noviembre<\/strong>, la Copa de Espa\u00f1a de Ciclocross se traslada al Pa\u00eds Vasco para vivir una doble cita en <strong>Amurrio<\/strong> y en <strong><a href=\"https:\/\/www.ciclo21.com\/ciclocross-karrantza-2025-previa\/\" target=\"_blank\" rel=\"noopener nofollow\">Karrantza<\/a><\/strong>, a la que llegan como l\u00edderes de la competici\u00f3n Gonzalo Inguanzo y Luc\u00eda Gonz\u00e1lez.\u00a0<\/p>\n<p style=\"text-align: justify;\">El s\u00e1bado, la localidad alavesa de Amurrio ser\u00e1 la encargada de abrir este d\u00edptico vasco con su debut en la competici\u00f3n nacional, tras haber sido sede del Campeonato de Espa\u00f1a el 2024. Bajo la organizaci\u00f3n de Kuskumendi MTB y <strong>a orillas del r\u00edo Nervi\u00f3n<\/strong>, se ha preparado un <strong>circuito de 2.900 metros de longitud<\/strong> donde se dar\u00e1n cita m\u00e1s de 650 corredores para luchar por la victoria.\u00a0<\/p>\n<p style=\"text-align: justify;\">La categor\u00eda cadete se la que abra la competici\u00f3n a partir de las 9:30 h, seguido los juniors a las 10:25 h. <strong>Las \u00e9lite-sub23 arrancar\u00e1n a las 11:20 h,<\/strong> mientras <strong>los \u00e9lite-sub23 lo har\u00e1n a las 12:30 h<\/strong>. Por su parte, los master 40 iniciar\u00e1n a las 14:15 h, dejando al resto de categor\u00edas su participaci\u00f3n a partir de las 15:15 h.\u00a0<\/p>\n<p style=\"text-align: justify;\">En la doble cita vasca participar\u00e1n en categor\u00eda masculina grandes nombres del ciclocross nacional como <strong>Kevin Su\u00e1rez, Mario Junquera, Ra\u00fal Mira, Miguel Rodr\u00edguez<\/strong> y el l\u00edder <strong>Gonzalo Inguanzo<\/strong>, adem\u00e1s de otros corredores for\u00e1neos como el galo <strong>Cyprien Gilles<\/strong>. Entre las mujeres, destacan <strong>Luc\u00eda Gonz\u00e1lez, Sof\u00eda Rodr\u00edguez, Sara Cueto, Lorena Pati\u00f1o o Maier Olano<\/strong>, junto con la gala <strong>Anais Morichon<\/strong>.\u00a0<\/p>\n<p><strong>RECORRIDO<\/strong><\/p>\n<p><a href=\"https:\/\/www.ciclo21.com\/wp-content\/uploads\/2025\/10\/circuito-cx-amurrio.png\" target=\"_blank\" rel=\"noopener nofollow\"><img loading=\"lazy\" decoding=\"async\" aria-describedby=\"caption-attachment-451703\" class=\"wp-image-451703 size-full lazy\" src=\"data:image\/svg+xml,%3Csvg%20xmlns=\" http:=\"\" data-src=\"https:\/\/www.europesays.com\/es\/wp-content\/uploads\/2025\/11\/circuito-cx-amurrio.png.webp.webp\" alt=\"\" width=\"519\" height=\"739\" data- data-\/><\/a><\/p>\n<p id=\"caption-attachment-451703\" class=\"wp-caption-text\">Circuito de ciclocross de Amurrio \u00a9 RFEC<\/p>\n<p><strong>PR\u00d3XIMAS PRUEBAS<\/strong><\/p>\n<p><a href=\"https:\/\/www.ciclo21.com\/ciclocross-karrantza-2025-previa\/\" target=\"_blank\" rel=\"noopener nofollow\"><strong>2 noviembre: Karrantza (Vizcaya)<\/strong><\/a><\/p>\n<p><strong>16 noviembre: Alcobendas (Madrid)<\/strong><\/p>\n<p><strong>23 noviembre: GP Ciutat de Vic (Barcelona)<\/strong><\/p>\n<p><strong>6 diciembre: Ciutat de X\u00e1tiva (Valencia)<\/strong><\/p>\n<p><strong>7 diciembre: Trofeo Rafa Valls-Fira Tots Sants (Cocentaina, Alicante)<\/strong><\/p>\n<p><strong>9 octubre. 2\u00aa prueba Ciclocross XaxanCX Mar\u00edn (Pontevedra)<\/strong><\/p>\n<p style=\"text-align: justify;\">La Copa de Espa\u00f1a de Ciclocross 2025 ha celebrado este domingo en Mar\u00edn su segunda prueba puntuable con la disputa del Ciclocross Internacional XaxanCX, que ha coronado como vencedores a la asturiana Luc\u00eda Gonz\u00e1lez y al c\u00e1ntabro Gonzalo Inguanzo, quienes lideran adem\u00e1s el certamen nacional.<\/p>\n<p style=\"text-align: justify;\">El XSM Clube Ciclista ha sido el encargado de organizar una cita de la clase C2 que se ha disputado en Chan de Gag\u00e1n, Mar\u00edn. El circuito gallego, de 2600 metros de longitud, ha puesto a prueba a los alrededor de 350 participantes en las distintas categor\u00edas, que han disfrutado de un soleado d\u00eda en el que el polvo ha sido protagonista.<\/p>\n<p style=\"text-align: justify;\">Luc\u00eda Gonz\u00e1lez, ganadora de la primera cita en Gij\u00f3n, ha sido la clara dominadora de la prueba \u00e9lite-sub23 femenina. Salvo en el primer giro, donde perdi\u00f3 contacto con la cabeza de carrera y sufri\u00f3 una peque\u00f1a ca\u00edda, la asturiana se ha mostrado intratable, dando caza a Sara Cueto primero y a sus compa\u00f1eras del Nesta posteriormente. Sof\u00eda Rodr\u00edguez y Alicia Gonz\u00e1lez han completado el d\u00eda perfecto del Nesta, cerrando el podio de la prueba. En categor\u00eda sub23 la victoria ha sido para una sensacional Maier Olano, que ha realizado una carrera claramente de menos a m\u00e1s para alzarse con la victoria y el liderato de Copa de Espa\u00f1a sub23. A Olano la han escoltado en el podio Nahia Arana y la ciclista gallega Mar\u00eda Filgueiras, arropada por su p\u00fablico durante toda la prueba. Luc\u00eda Gonz\u00e1lez y Maier Olano lideran tambi\u00e9n sus respectivas clasificaciones en la general de la Copa.<\/p>\n<p style=\"text-align: justify;\">La prueba \u00e9lite-sub23 masculina ha tenido unos derroteros similares a la prueba femenina, con claro dominio por parte de Gonzalo Inguanzo. El c\u00e1ntabro del Froiz no ha dado tregua desde el inicio imponiendo un fort\u00edsimo ritmo inalcanzable para sus rivales hoy. Por detr\u00e1s se formaba un grupo compuesto por Ra\u00fal Mira, Mario Junquera y Unax Gal\u00e1n, quienes se han jugado en el \u00faltimo giro la segunda y tercera posici\u00f3n. Mira ha finalizado segundo y como mejor sub23, con Mario Junquera cerrando el podio. El podio sub23 lo han completado junto a Ra\u00fal Mira un gran Unax Gal\u00e1n y el portugu\u00e9s Rafael Sousa. Inguanzo pasa de esta forma a liderar el certamen nacional, mientras que en sub23 lo hace Ra\u00fal Mira.<\/p>\n<p><strong>Carla Ba\u00f1uls y Mart\u00edn Fern\u00e1ndez brillan entre los j\u00fanior<\/strong><\/p>\n<p style=\"text-align: justify;\">La ciclista de la Comunidad Valenciana y del equipo Mirat Carla Ba\u00f1uls se ha hecho con la victoria en categor\u00eda j\u00fanior tras romper la carrera en el tramo final alejando a Aitana Guti\u00e9rrez, con la que ha mantenido una preciosa batalla. Guti\u00e9rrez ha finalizado en segunda posici\u00f3n, mientras que Mirari Gotxi ha sido tercera.<\/p>\n<p>Entre los chicos j\u00fanior Mart\u00edn Fern\u00e1ndez ha demostrado un fabuloso golpe de pedal, march\u00e1ndose en solitario desde el inicio hasta completar una gran exhibici\u00f3n. El del Nesta ha estado acompa\u00f1ado en el podio por Pelayo Gancedo y Marc Moncho. Ba\u00f1uls y Fern\u00e1ndez lideran la Copa de Espa\u00f1a<\/p>\n<p><strong>Carreras cadete y m\u00e1ster<\/strong><\/p>\n<p style=\"text-align: justify;\">Pedro Cidras y Gisela Herrero se han impuesto en las carreras cadetes en sesi\u00f3n matutina tras romper la carrera en los giros finales.<\/p>\n<p style=\"text-align: justify;\"><strong>En sesi\u00f3n vespertina se han celebrado las carreras m\u00e1ster, que han coronado a los siguientes ciclistas:<\/strong><\/p>\n<p style=\"text-align: justify;\">M\u00e1ster 30: Miguel Llaneza<\/p>\n<p style=\"text-align: justify;\">M\u00e1ster 40: Javier Encinas<\/p>\n<p style=\"text-align: justify;\">M\u00e1ster 50: Antonio Passos<\/p>\n<p style=\"text-align: justify;\">M\u00e1ster 60: Marcial Rodr\u00edguez<\/p>\n<p style=\"text-align: justify;\">M\u00e1ster 30 fem.: Carolina Palomanes<\/p>\n<p style=\"text-align: justify;\">M\u00e1ster 40 fem.: Marina Gonz\u00e1lez<\/p>\n<p style=\"text-align: justify;\">M\u00e1ster 50 fem.: Ruth Moll<\/p>\n<p><strong>CLASIFICACI\u00d3N<\/strong><\/p>\n<p><strong><a href=\"https:\/\/firstcycling.com\/race.php?r=7070&amp;y=2025\" target=\"_blank\" rel=\"noopener nofollow\">Hombres<\/a>: Gonzalo INGUANZO \/ <a href=\"https:\/\/firstcycling.com\/race.php?r=16597&amp;y=2025\" target=\"_blank\" rel=\"noopener nofollow\">F\u00e9minas<\/a>: Luc\u00eda GONZ\u00c1LEZ<\/strong><\/p>\n<p><a href=\"https:\/\/x.com\/RFECiclismo\" target=\"_blank\" rel=\"noopener nofollow\"><strong>DIRECTO RFEC<\/strong><\/a><\/p>\n<p><a href=\"https:\/\/www.ciclo21.com\/wp-content\/uploads\/2025\/10\/Gonzalo-Inguanzo-vencio-en-Marin-c-RFEC-scaled.jpg\" target=\"_blank\" rel=\"noopener nofollow\"><img loading=\"lazy\" decoding=\"async\" aria-describedby=\"caption-attachment-450164\" class=\"wp-image-450164 size-full lazy\" src=\"data:image\/svg+xml,%3Csvg%20xmlns=\" http:=\"\" data-src=\"https:\/\/www.europesays.com\/es\/wp-content\/uploads\/2025\/11\/Gonzalo-Inguanzo-vencio-en-Marin-c-RFEC-scaled.jpg.webp.webp\" alt=\"\" width=\"2560\" height=\"1707\" data- data-\/><\/a><\/p>\n<p id=\"caption-attachment-450164\" class=\"wp-caption-text\">Gonzalo Inguanzo venci\u00f3 en Mar\u00edn (c) RFEC<\/p>\n<p><strong>5 octubre: XV Trofeo Villa de Gij\u00f3n<\/strong><\/p>\n<p style=\"text-align: justify;\">La Copa de Espa\u00f1a de Ciclocross ha dado comienzo hoy en Gij\u00f3n, con la disputa del XV Trofeo Villa de Gij\u00f3n, en el circuito desarrollado en torno al complejo municipal de Las Mestas donde ya, gracias a las lluvias ca\u00eddas en el d\u00eda de ayer, hemos podido disfrutar de algo de barro. Kevin Suarez y Luc\u00eda Gonz\u00e1lez, los dos grandes favoritos, han encontrado un trazado donde han podido explotar todas sus virtudes para hacerse con la victoria en la carrera \u00e9lite-sub-23 y colocarse como primeros l\u00edderes de la Copa de Espa\u00f1a de Ciclocross.<\/p>\n<p><a href=\"https:\/\/www.ciclo21.com\/wp-content\/uploads\/2025\/10\/doc_68e2acd2a5dc32.30236761__DLA0074-scaled.jpg\" target=\"_blank\" rel=\"noopener nofollow\"><img loading=\"lazy\" decoding=\"async\" aria-describedby=\"caption-attachment-449485\" class=\"wp-image-449485 size-full lazy\" src=\"data:image\/svg+xml,%3Csvg%20xmlns=\" http:=\"\" data-src=\"https:\/\/www.europesays.com\/es\/wp-content\/uploads\/2025\/11\/doc_68e2acd2a5dc32.30236761__DLA0074-scaled.jpg.webp.webp\" alt=\"\" width=\"2560\" height=\"1707\" data- data-\/><\/a><\/p>\n<p id=\"caption-attachment-449485\" class=\"wp-caption-text\">Kevin Su\u00e1rez y Luc\u00eda Gonz\u00e1lez vencen en Gij\u00f3n y se colocan como l\u00edderes de la Copa de Espa\u00f1a de CX (c) RFEC<\/p>\n<p style=\"text-align: justify;\">Al comienzo de la categor\u00eda reina femenina, reservada para las ciclistas \u00e9lite-sub23, el circuito ya se encontraba mucho m\u00e1s seco y pesado tras la disputa de las pruebas anteriores. Las ciclistas del equipo Nesta, Alicia y Luc\u00eda Gonz\u00e1lez y la campeona de Espa\u00f1a Sof\u00eda Rodr\u00edguez, part\u00edan como claras favoritas ante la oposici\u00f3n de Sara Cueto, del equipo Unicaja, como principal rival.<\/p>\n<p style=\"text-align: justify;\">Los ataques y la presi\u00f3n a la que han sometido las corredoras del Nesta-MMR a Sara Cueto, que ha empezado rodando en cabeza de carrera junto a Luc\u00eda Gonz\u00e1lez, ha provocado que la corredora naveta haya comenzado a perder ritmo a partir de la tercera vuelta. Esta circunstancia, ha permitido a Luc\u00eda Gonz\u00e1lez poner la directa hacia la victoria, mientras Sof\u00eda Rodr\u00edguez y Alicia Gonz\u00e1lez superaban a Cueto para hacerse con la segunda y la tercera posici\u00f3n en meta respectivamente. En cuarta plaza ha cruzado el arco final Sara Cueto y quinta ha sido Nahia Arana, que ha vencido en categor\u00eda sub-23.<\/p>\n<p style=\"text-align: justify;\">En la carrera \u00e9lite-sub23 masculina, todo hacia anticipar una batalla entre Kevin Su\u00e1rez y el amplio y potente equipo del Supermercados Froiz. Una arrancada explosiva de Javier Zaera le ha permitido alcanzar la cabeza de carrera, pero r\u00e1pidamente ha encontrado respuesta por parte de Kevin Suarez, que no estaba dispuesto a conceder ninguna oportunidad a sus rivales.<\/p>\n<p><a href=\"https:\/\/www.ciclo21.com\/wp-content\/uploads\/2025\/10\/c-scaled.jpg\" target=\"_blank\" rel=\"noopener nofollow\"><img loading=\"lazy\" decoding=\"async\" aria-describedby=\"caption-attachment-449486\" class=\"wp-image-449486 size-full lazy\" src=\"data:image\/svg+xml,%3Csvg%20xmlns=\" http:=\"\" data-src=\"https:\/\/www.europesays.com\/es\/wp-content\/uploads\/2025\/11\/c-scaled.jpg.webp.webp\" alt=\"\" width=\"2560\" height=\"1707\" data- data-\/><\/a><\/p>\n<p id=\"caption-attachment-449486\" class=\"wp-caption-text\">Kevin Su\u00e1rez y Luc\u00eda Gonz\u00e1lez vencen en Gij\u00f3n y se colocan como l\u00edderes de la Copa de Espa\u00f1a de CX (c) RFEC<\/p>\n<p style=\"text-align: justify;\">El c\u00e1ntabro ha tomado la cabeza para no cederla durante toda la prueba y exhibir su superioridad. Por detr\u00e1s, un ramillete de corredores se iba alternando las posiciones hasta que a partir de la tercera vuelta lleg\u00f3 al grupo perseguidor Mario Junquera, que como es costumbre tom\u00f3 la cabeza del grupo e impuso un ritmo machac\u00f3n que fue eliminando corredores para concluir en segunda posici\u00f3n. Por detr\u00e1s, Ra\u00fal Mira se hizo con el tercer puesto y la victoria en la categor\u00eda sub23 despu\u00e9s de una meritoria remontada.<\/p>\n<p style=\"font-weight: 400; text-align: justify;\"><b><strong>Los j\u00fanior y cadetes brillan en Gij\u00f3n<\/strong><\/b><\/p>\n<p style=\"font-weight: 400; text-align: justify;\">A las 11:00 h, con m\u00e1xima puntualidad, se ha dado comienzo a las pruebas internacionales j\u00fanior de este Trofeo Villa de Gij\u00f3n. En una carrera muy competida, el asturiano Mart\u00edn Fern\u00e1ndez ha ido ampliando su ventaja vuelta a vuelta para terminar no dando opci\u00f3n al franc\u00e9s Matis Debenne, que a pesar de partir desde posiciones muy retrasadas en la parrilla de salida ha realizado una espectacular remontada para ser segundo.\u00a0\u00a0El tercer puesto se lo ha llevado el local Samuel Castiello.<\/p>\n<p style=\"font-weight: 400; text-align: justify;\">En la categor\u00eda j\u00fanior femenina, ha sido la armada francesa la que impondr\u00eda su potencial. Laly Pich\u00f3n se ha hecho con la victoria por delante de su compatriota Noemie Jurado, mientras que la tercera posici\u00f3n del podio se la ha llevado la c\u00e1ntabra Aitana Guti\u00e9rrez.<\/p>\n<p style=\"font-weight: 400; text-align: justify;\">En lo que respecta a la competici\u00f3n cadete, cabe destacar la numerosa participaci\u00f3n de la categor\u00eda, puesto que hemos disfrutado de la presencia de 101 chicos y 43 chicas. El gallego Guillermo Garc\u00eda ha impuesto su fortaleza para alzarse con una victoria incontestable. Por detr\u00e1s, Aar\u00f3n Rodr\u00edguez ha superado a Marc Sancho en la pelea por el segundo puesto. Entre las chicas, la gran favorita y campeona de Espa\u00f1a Noa Vega no ha dado opci\u00f3n a sus rivales, que han estado lejos de su ritmo. La segunda posici\u00f3n se la ha adjudicado la asturiana de primer a\u00f1o Laura Solares y la tercera ha sido para Claudia de Diego.<\/p>\n<p style=\"font-weight: 400; text-align: justify;\"><b><strong>Gran participaci\u00f3n en la categor\u00eda m\u00e1ster en el Trofeo Villa de Gij\u00f3n<\/strong><\/b><\/p>\n<p style=\"font-weight: 400; text-align: justify;\">Despu\u00e9s de la celebraci\u00f3n de las carreras \u00e9lite-sub23, ha llegado el turno para la categor\u00eda m\u00e1ster 30 masculina y f\u00e9minas m\u00e1ster. Miguel Llaneza ha impuesto su buen estado de forma y ha conseguido levantar los brazos en su ciudad, algo que llevaba a\u00f1os anhelando. Mikel Santamar\u00eda, que ha mantenido un bonito duelo con Llaneza ha concluido en segunda posici\u00f3n y Gerard Moya, tercero. En la categor\u00eda m\u00e1ster femenina, Felisa Ares no ha concedido ninguna opci\u00f3n a sus rivales, liderando la prueba de principio a final. Han completado el podium m\u00e1ster 40, Isabel Borrero como segunda y Beatriz Vicente como tercera. En M\u00e1ster 50, Ruth Moll tampoco ha dado oportunidades a sus rivales y Noelia Gonz\u00e1lez y Raquel Monta\u00f1\u00e9s han tenido que conformarse con la segunda y tercera posici\u00f3n respectivamente.<\/p>\n<p style=\"font-weight: 400; text-align: justify;\">En M\u00e1ster 60 Aitor Zabaleta se ha impuesto a Juan Marcelino Huerdo en una carrera muy disputada entre ambos. El tercer puesto del caj\u00f3n ha sido para el catal\u00e1n Xabier Marti. En M\u00e1ster 50, Manu Quintanilla no ha dado opci\u00f3n alguna al resto de competidores, mientras que Eloy Otero ha finalizado segundo y Andoni Jim\u00e9nez, tercero.<\/p>\n<p style=\"font-weight: 400; text-align: justify;\">Los encargados de cerrar el XV Trofeo Villa de Gij\u00f3n han sido los ciclistas m\u00e1ster 40 entre los que el campe\u00f3n de Europa de la categor\u00eda, Isaac Suarez, ha impuesto su experiencia y buen hacer para alzarse con la victoria. I\u00f1aki Carro ha finalizado segundo y Alberto S\u00e1nchez ha completado el podium.\u00a0\u00a0<\/p>\n<p><strong>CLASIFICACI\u00d3N<\/strong><\/p>\n<p><strong><a href=\"https:\/\/firstcycling.com\/race.php?r=17014&amp;y=2025\" target=\"_blank\" rel=\"noopener nofollow\">Hombres:<\/a> Kevin SU\u00c1REZ \/ <a href=\"https:\/\/firstcycling.com\/race.php?r=17048&amp;y=2025\" target=\"_blank\" rel=\"noopener nofollow\">F\u00e9minas<\/a>: Luc\u00eda GONZ\u00c1LEZ<\/strong><\/p>\n","protected":false},"excerpt":{"rendered":"Logotipo oficial \u00a9 RFEC Redacci\u00f3n \/ Ciclo 21 1 noviembre: Amurrio (\u00c1lava) DIRECTO X (TWITER) TIEMPOS EN DIRECTO&hellip;\n","protected":false},"author":2,"featured_media":212767,"comment_status":"","ping_status":"","sticky":false,"template":"","format":"standard","meta":{"footnotes":""},"categories":[273],"tags":[313,57367,312,168,25,24,23,167],"class_list":{"0":"post-212766","1":"post","2":"type-post","3":"status-publish","4":"format-standard","5":"has-post-thumbnail","7":"category-ciclismo","8":"tag-ciclismo","9":"tag-copa-espana-ciclocross","10":"tag-cycling","11":"tag-deportes","12":"tag-es","13":"tag-espana","14":"tag-spain","15":"tag-sports"},"share_on_mastodon":{"url":"https:\/\/pubeurope.com\/@es\/115474846376193597","error":""},"_links":{"self":[{"href":"https:\/\/www.europesays.com\/es\/wp-json\/wp\/v2\/posts\/212766","targetHints":{"allow":["GET"]}}],"collection":[{"href":"https:\/\/www.europesays.com\/es\/wp-json\/wp\/v2\/posts"}],"about":[{"href":"https:\/\/www.europesays.com\/es\/wp-json\/wp\/v2\/types\/post"}],"author":[{"embeddable":true,"href":"https:\/\/www.europesays.com\/es\/wp-json\/wp\/v2\/users\/2"}],"replies":[{"embeddable":true,"href":"https:\/\/www.europesays.com\/es\/wp-json\/wp\/v2\/comments?post=212766"}],"version-history":[{"count":0,"href":"https:\/\/www.europesays.com\/es\/wp-json\/wp\/v2\/posts\/212766\/revisions"}],"wp:featuredmedia":[{"embeddable":true,"href":"https:\/\/www.europesays.com\/es\/wp-json\/wp\/v2\/media\/212767"}],"wp:attachment":[{"href":"https:\/\/www.europesays.com\/es\/wp-json\/wp\/v2\/media?parent=212766"}],"wp:term":[{"taxonomy":"category","embeddable":true,"href":"https:\/\/www.europesays.com\/es\/wp-json\/wp\/v2\/categories?post=212766"},{"taxonomy":"post_tag","embeddable":true,"href":"https:\/\/www.europesays.com\/es\/wp-json\/wp\/v2\/tags?post=212766"}],"curies":[{"name":"wp","href":"https:\/\/api.w.org\/{rel}","templated":true}]}}