{"id":212772,"date":"2025-11-01T14:14:08","date_gmt":"2025-11-01T14:14:08","guid":{"rendered":"https:\/\/www.europesays.com\/es\/212772\/"},"modified":"2025-11-01T14:14:08","modified_gmt":"2025-11-01T14:14:08","slug":"es-una-persona-violenta-me-arrastro-y-me-piso","status":"publish","type":"post","link":"https:\/\/www.europesays.com\/es\/212772\/","title":{"rendered":"Es una persona violenta, me arrastr\u00f3 y me pis\u00f3"},"content":{"rendered":"<p class=\"paragraph\">La disoluci\u00f3n de Andy y Lucas tras m\u00e1s de dos d\u00e9cadas de trayectoria en la m\u00fasica, <a href=\"https:\/\/www.heraldo.es\/noticias\/ocio-y-cultura\/2025\/10\/13\/gente-el-agrio-adios-de-andy-y-lucas-1861497.html\" title=\"El agrio adi\u00f3s de Andy y Lucas: \u00bfcu\u00e1les han sido los motivos de su ruptura?\" rel=\"nofollow noopener\" target=\"_blank\">ha dado pie a m\u00faltiples acusaciones y especulaciones. Ha sido el caso de lo sucedido en el programa &#8216;De viernes&#8217;, de Telencico, <\/a>al que ha acudido \u00c1lvaro Molina, expromotor del d\u00fao, que <b>ha hablado alto y claro de sus vivencias.\u00a0<\/b><\/p>\n<p class=\"paragraph\">Ha comenzado su intervenci\u00f3n manifestando que la relaci\u00f3n entre Andy y Lucas era totalmente inexistente desde hace tiempo. En concreto, \u00e9l lo vivi\u00f3 desde 2015, cuando comenz\u00f3 a trabajar con la formaci\u00f3n. \u00abConoci\u00e9ndolos del tiempo que los he conocido, <b>no he visto que tengan ninguna relaci\u00f3n de amistad. <\/b>Cuando se hac\u00edan grabaciones, Lucas hac\u00eda las cosas por un lado y Andy por otro, ellos no se juntaban para nada&#8230; Nunca los he visto hablar\u00bb, se\u00f1al\u00f3.\u00a0<\/p>\n<p class=\"paragraph\">Molina tambi\u00e9n abord\u00f3 la presunta pelea que los dos cantantes habr\u00edan protagonizado en los camerinos en su gira de 2025. Le dio total verosimilitud. \u00abLa gente empez\u00f3 a decir que es mentira, pero yo, con lo que he vivido&#8230; eso es verdad. <b>No me ha sorprendido porque yo lo he sufrido tambi\u00e9n. <\/b>Es lo mismo que me ha hecho a m\u00ed. Claro que me lo creo\u00bb, apunt\u00f3.<\/p>\n<p class=\"paragraph\">El expromotor revel\u00f3 que en un principio tuvo una excelente relaci\u00f3n con Lucas, pero que est\u00e9 le traicion\u00f3 gravemente al mantener relaciones con su mujer. \u00abNo me hab\u00eda dado cuenta de antes. <b>Lucas ten\u00eda su mujer su ni\u00f1o peque\u00f1o, no puedes imaginarte eso&#8230; <\/b>Le contaba cosas \u00edntimas de mi matrimonio. Ella cogi\u00f3 un d\u00eda y se fue sin ninguna explicaci\u00f3n. Me dejo los cr\u00edos y se fue\u00bb.<\/p>\n<p class=\"paragraph\">Incluso denunci\u00f3 una agresi\u00f3n que sufri\u00f3 por parte de Lucas en una cena celebrada en su casa: \u00abEstaba de espaldas,<b> tir\u00f3 la silla, me arrastr\u00f3 por el suelo y me pis\u00f3 la pierna. <\/b>Ella, en vez de defenderme a m\u00ed, empez\u00f3 a defender al otro.\u00a0Es una persona violenta, yo le tengo miedo\u00bb.<\/p>\n","protected":false},"excerpt":{"rendered":"La disoluci\u00f3n de Andy y Lucas tras m\u00e1s de dos d\u00e9cadas de trayectoria en la m\u00fasica, ha dado&hellip;\n","protected":false},"author":2,"featured_media":212773,"comment_status":"","ping_status":"","sticky":false,"template":"","format":"standard","meta":{"footnotes":""},"categories":[174],"tags":[29524,36191,255,146,147,25,24,256,23],"class_list":{"0":"post-212772","1":"post","2":"type-post","3":"status-publish","4":"format-standard","5":"has-post-thumbnail","7":"category-famosos","8":"tag-acusacion","9":"tag-andy-y-lucas","10":"tag-celebrities","11":"tag-entertainment","12":"tag-entretenimiento","13":"tag-es","14":"tag-espana","15":"tag-famosos","16":"tag-spain"},"share_on_mastodon":{"url":"https:\/\/pubeurope.com\/@es\/115474862241123321","error":""},"_links":{"self":[{"href":"https:\/\/www.europesays.com\/es\/wp-json\/wp\/v2\/posts\/212772","targetHints":{"allow":["GET"]}}],"collection":[{"href":"https:\/\/www.europesays.com\/es\/wp-json\/wp\/v2\/posts"}],"about":[{"href":"https:\/\/www.europesays.com\/es\/wp-json\/wp\/v2\/types\/post"}],"author":[{"embeddable":true,"href":"https:\/\/www.europesays.com\/es\/wp-json\/wp\/v2\/users\/2"}],"replies":[{"embeddable":true,"href":"https:\/\/www.europesays.com\/es\/wp-json\/wp\/v2\/comments?post=212772"}],"version-history":[{"count":0,"href":"https:\/\/www.europesays.com\/es\/wp-json\/wp\/v2\/posts\/212772\/revisions"}],"wp:featuredmedia":[{"embeddable":true,"href":"https:\/\/www.europesays.com\/es\/wp-json\/wp\/v2\/media\/212773"}],"wp:attachment":[{"href":"https:\/\/www.europesays.com\/es\/wp-json\/wp\/v2\/media?parent=212772"}],"wp:term":[{"taxonomy":"category","embeddable":true,"href":"https:\/\/www.europesays.com\/es\/wp-json\/wp\/v2\/categories?post=212772"},{"taxonomy":"post_tag","embeddable":true,"href":"https:\/\/www.europesays.com\/es\/wp-json\/wp\/v2\/tags?post=212772"}],"curies":[{"name":"wp","href":"https:\/\/api.w.org\/{rel}","templated":true}]}}