{"id":212794,"date":"2025-11-01T14:26:13","date_gmt":"2025-11-01T14:26:13","guid":{"rendered":"https:\/\/www.europesays.com\/es\/212794\/"},"modified":"2025-11-01T14:26:13","modified_gmt":"2025-11-01T14:26:13","slug":"el-coche-implicado-en-el-accidente-mortal-figura-como-robado-y-tenia-las-matriculas-dobladas","status":"publish","type":"post","link":"https:\/\/www.europesays.com\/es\/212794\/","title":{"rendered":"El coche implicado en el accidente mortal figura como robado y ten\u00eda las matr\u00edculas &#8216;dobladas&#8217;"},"content":{"rendered":"<p>El veh\u00edculo implicado en el accidente mortal de la carretera de S\u00f3ller de esta ma\u00f1ana figura como robado y ten\u00eda las matr\u00edculas &#8216;dobladas&#8217;, <strong>seg\u00fan ha podido saber Ultima Hora.<\/strong> En el interior del mismo viajaban cuatro personas, dos hombres y dos mujeres, que <strong>han huido a pie tras el siniestro, dejando al motorista en el suelo, que fue desplazado un centenar de metros.<\/strong> Los dos veh\u00edculos quedaron calcinados. <strong>La Polic\u00eda Local y la Polic\u00eda Nacional trabaja para localizarlos.<\/strong><\/p>\n<p>El tr\u00e1gico accidente ha tenido lugar sobre las 6.00 horas en la rotonda de la ITV de Son Castell\u00f3. Seg\u00fan ha informado el 061 el motorista circulaba en sentido contrario y el veh\u00edculo ha impactado contra \u00e9l, arrastr\u00e1ndolo varios metros. <strong>El var\u00f3n, de 27 a\u00f1os de edad, fue desplazado m\u00e1s de 100 metros tras el impacto.<\/strong> El turismo, que empez\u00f3 a arder tras el choque, y la motocicleta han acabado calcinados.<\/p>\n<p>Tras el aviso de los testigos se han desplazado al lugar tres ambulancias, una de ella privada, los Bombers de Palma y varias patrullas de la Polic\u00eda Local. <strong>Los sanitarios s\u00f3lo han podido confirmar a su llegada la muerte del motorista implicado en la colisi\u00f3n frontal. <\/strong>Los agentes polic\u00eda han comprobado que los ocupantes del coche que ha impactado con el motorista no se encontraban en el lugar, por lo que se trata de dar con ellos para que puedan explicar lo sucedido. <strong>Las primeras pesquisas apuntan a que el motorista ha tomado la rotonda en direcci\u00f3n contraria.<\/strong><\/p>\n<p>Los polic\u00edas han estado durante horas en el lugar del suceso, <strong>realizando las distintas comprobaciones para elaborar el correspondiente atestado.<\/strong> Pasadas las 10.30 horas una gr\u00faa municipal ha retirado los veh\u00edculos, que han quedado completamente calcinados. El tr\u00e1fico en la zona se ha visto afectado mientras los operarios limpiaban la calzada.<\/p>\n","protected":false},"excerpt":{"rendered":"El veh\u00edculo implicado en el accidente mortal de la carretera de S\u00f3ller de esta ma\u00f1ana figura como robado&hellip;\n","protected":false},"author":2,"featured_media":212795,"comment_status":"","ping_status":"","sticky":false,"template":"","format":"standard","meta":{"footnotes":""},"categories":[8],"tags":[5254,17,18,25,24,13,14,11,19,20,9,10,15,5253,16,23,5255,12,1529,21,22],"class_list":{"0":"post-212794","1":"post","2":"type-post","3":"status-publish","4":"format-standard","5":"has-post-thumbnail","7":"category-espana","8":"tag-accidente-de-trafico","9":"tag-breaking-news","10":"tag-breakingnews","11":"tag-es","12":"tag-espana","13":"tag-featured-news","14":"tag-featurednews","15":"tag-headlines","16":"tag-latest-news","17":"tag-latestnews","18":"tag-news","19":"tag-noticias","20":"tag-noticias-destacadas","21":"tag-noticias-sucesos-hoy","22":"tag-noticiasdestacadas","23":"tag-spain","24":"tag-sucesos-en-mallorca","25":"tag-titulares","26":"tag-ultima-hora","27":"tag-ultimas-noticias","28":"tag-ultimasnoticias"},"share_on_mastodon":{"url":"https:\/\/pubeurope.com\/@es\/115474909365119586","error":""},"_links":{"self":[{"href":"https:\/\/www.europesays.com\/es\/wp-json\/wp\/v2\/posts\/212794","targetHints":{"allow":["GET"]}}],"collection":[{"href":"https:\/\/www.europesays.com\/es\/wp-json\/wp\/v2\/posts"}],"about":[{"href":"https:\/\/www.europesays.com\/es\/wp-json\/wp\/v2\/types\/post"}],"author":[{"embeddable":true,"href":"https:\/\/www.europesays.com\/es\/wp-json\/wp\/v2\/users\/2"}],"replies":[{"embeddable":true,"href":"https:\/\/www.europesays.com\/es\/wp-json\/wp\/v2\/comments?post=212794"}],"version-history":[{"count":0,"href":"https:\/\/www.europesays.com\/es\/wp-json\/wp\/v2\/posts\/212794\/revisions"}],"wp:featuredmedia":[{"embeddable":true,"href":"https:\/\/www.europesays.com\/es\/wp-json\/wp\/v2\/media\/212795"}],"wp:attachment":[{"href":"https:\/\/www.europesays.com\/es\/wp-json\/wp\/v2\/media?parent=212794"}],"wp:term":[{"taxonomy":"category","embeddable":true,"href":"https:\/\/www.europesays.com\/es\/wp-json\/wp\/v2\/categories?post=212794"},{"taxonomy":"post_tag","embeddable":true,"href":"https:\/\/www.europesays.com\/es\/wp-json\/wp\/v2\/tags?post=212794"}],"curies":[{"name":"wp","href":"https:\/\/api.w.org\/{rel}","templated":true}]}}