{"id":212796,"date":"2025-11-01T14:27:11","date_gmt":"2025-11-01T14:27:11","guid":{"rendered":"https:\/\/www.europesays.com\/es\/212796\/"},"modified":"2025-11-01T14:27:11","modified_gmt":"2025-11-01T14:27:11","slug":"elpuerto-de-santa-maria-la-jornada-friki-halloween-se-disfruta-hoy-en-la-sala-de-la-juventud-con-numerosas-actividades-hasta-las-2100-horas","status":"publish","type":"post","link":"https:\/\/www.europesays.com\/es\/212796\/","title":{"rendered":"#ElPuerto de Santa Mar\u00eda &#8211; La &#8216;Jornada Friki Halloween&#8217; se disfruta hoy en la Sala de la Juventud con numerosas actividades hasta las 21:00 horas"},"content":{"rendered":"<p>La propuesta, dirigida preferentemente a j\u00f3venes de 14 a 35 a\u00f1os, aunque abierta a todos los p\u00fablicos, est\u00e1 generando un gran ambiente en la Sala de la Juventud (Vald\u00e9s, 3), que desde las 10:00 horas se ha convertido en un punto de encuentro donde compartir aficiones, descubrir actividades y disfrutar de un ocio alternativo, creativo y saludable.<\/p>\n<p>La programaci\u00f3n incluye zona de videojuegos, juegos de mesa, artesan\u00eda, exposici\u00f3n de mu\u00f1ecas g\u00f3ticas a cargo de la Asociaci\u00f3n Cultural Gremio del Ars Goetia, concurso de baile K-pop con coordinaci\u00f3n de la Asociaci\u00f3n Yongsang y escenario libre para karaoke y actuaciones. Todo ello con una respuesta sobresaliente por parte del p\u00fablico.<\/p>\n<p>El concejal Jos\u00e9 Ignacio Gonz\u00e1lez ha acudido durante la jornada para acompa\u00f1ar a los j\u00f3venes y asociaciones participantes, subrayando que este tipo de iniciativas \u00abponen en valor el talento y la implicaci\u00f3n de nuestra juventud, que aporta ideas, impulsa actividades y dinamiza la ciudad\u00bb. Asimismo, ha recordado que desde el Ayuntamiento se seguir\u00e1 apostando por una programaci\u00f3n juvenil variada, que permita a los j\u00f3venes de El Puerto expresar sus intereses y disponer de espacios propios para disfrutar de su tiempo libre.<\/p>\n<p>Gonz\u00e1lez Nieto ha agradecido especialmente el trabajo de la Asociaci\u00f3n Juvenil Sala de la Juventud, que preside Luc\u00eda Cuevas, y la colaboraci\u00f3n de las entidades involucradas, animando a quienes a\u00fan no se han acercado a hacerlo durante la tarde: \u00abLa Sala est\u00e1 este s\u00e1bado primer d\u00eda de noviembre llena de vida y ganas de pasarlo bien. Invitamos a todos los j\u00f3venes a aprovechar esta jornada hasta las nueve de la noche\u00bb.<\/p>\n","protected":false},"excerpt":{"rendered":"La propuesta, dirigida preferentemente a j\u00f3venes de 14 a 35 a\u00f1os, aunque abierta a todos los p\u00fablicos, est\u00e1&hellip;\n","protected":false},"author":2,"featured_media":212797,"comment_status":"","ping_status":"","sticky":false,"template":"","format":"standard","meta":{"footnotes":""},"categories":[5],"tags":[7825,17,18,5446,25,24,13,14,11,57374,19,20,9,10,15,16,57375,23,12,21,22],"class_list":{"0":"post-212796","1":"post","2":"type-post","3":"status-publish","4":"format-standard","5":"has-post-thumbnail","7":"category-titulares","8":"tag-actividades","9":"tag-breaking-news","10":"tag-breakingnews","11":"tag-el-puerto","12":"tag-es","13":"tag-espana","14":"tag-featured-news","15":"tag-featurednews","16":"tag-headlines","17":"tag-jornada-friki-halloween","18":"tag-latest-news","19":"tag-latestnews","20":"tag-news","21":"tag-noticias","22":"tag-noticias-destacadas","23":"tag-noticiasdestacadas","24":"tag-sala-de-la-juventud","25":"tag-spain","26":"tag-titulares","27":"tag-ultimas-noticias","28":"tag-ultimasnoticias"},"share_on_mastodon":{"url":"https:\/\/pubeurope.com\/@es\/115474913235163219","error":""},"_links":{"self":[{"href":"https:\/\/www.europesays.com\/es\/wp-json\/wp\/v2\/posts\/212796","targetHints":{"allow":["GET"]}}],"collection":[{"href":"https:\/\/www.europesays.com\/es\/wp-json\/wp\/v2\/posts"}],"about":[{"href":"https:\/\/www.europesays.com\/es\/wp-json\/wp\/v2\/types\/post"}],"author":[{"embeddable":true,"href":"https:\/\/www.europesays.com\/es\/wp-json\/wp\/v2\/users\/2"}],"replies":[{"embeddable":true,"href":"https:\/\/www.europesays.com\/es\/wp-json\/wp\/v2\/comments?post=212796"}],"version-history":[{"count":0,"href":"https:\/\/www.europesays.com\/es\/wp-json\/wp\/v2\/posts\/212796\/revisions"}],"wp:featuredmedia":[{"embeddable":true,"href":"https:\/\/www.europesays.com\/es\/wp-json\/wp\/v2\/media\/212797"}],"wp:attachment":[{"href":"https:\/\/www.europesays.com\/es\/wp-json\/wp\/v2\/media?parent=212796"}],"wp:term":[{"taxonomy":"category","embeddable":true,"href":"https:\/\/www.europesays.com\/es\/wp-json\/wp\/v2\/categories?post=212796"},{"taxonomy":"post_tag","embeddable":true,"href":"https:\/\/www.europesays.com\/es\/wp-json\/wp\/v2\/tags?post=212796"}],"curies":[{"name":"wp","href":"https:\/\/api.w.org\/{rel}","templated":true}]}}