{"id":212798,"date":"2025-11-01T14:32:13","date_gmt":"2025-11-01T14:32:13","guid":{"rendered":"https:\/\/www.europesays.com\/es\/212798\/"},"modified":"2025-11-01T14:32:13","modified_gmt":"2025-11-01T14:32:13","slug":"boris-becker-carcel-boris-becker-extenista-57-anos-desvela-como-era-su-vida-en-la-carcel-los-presos-querian-mucho-a-nadal","status":"publish","type":"post","link":"https:\/\/www.europesays.com\/es\/212798\/","title":{"rendered":"BORIS BECKER C\u00c1RCEL | Boris Becker, extenista (57 a\u00f1os), desvela c\u00f3mo era su vida en la c\u00e1rcel: \u00abLos presos quer\u00edan mucho a Nadal\u00bb"},"content":{"rendered":"<p class=\"ft-text\"><strong>Boris Becker<\/strong>\u00a0fue una leyenda del tenis. Un talento prematuro que destac\u00f3 con tan solo 17 a\u00f1os, levantando el t\u00edtulo de\u00a0<strong>Wimbledon<\/strong>\u00a0y lanzando un mensaje al mundo del tenis. Hab\u00eda aparecido en el circuito para hacer historia. Y la hizo: seis t\u00edtulos de<strong>\u00a0Grand Slam<\/strong>\u00a0y un talento que\u00a0<strong>desbordaba personalidad y carisma<\/strong>. El alem\u00e1n no dejaba a nadie indiferente y as\u00ed sigui\u00f3 tras su retirada.<\/p>\n<p class=\"ft-text\">Nunca quiso desvincularse del tenis. El deporte de raqueta hab\u00eda sido su vida y seguir\u00eda si\u00e9ndolo hasta el final de sus d\u00edas. Por eso se hizo entrenador, y no de cualquiera.\u00a0<strong>Junto a Novak Djokovic lograron grandes \u00e9xitos, en uno de los per\u00edodos m\u00e1s exitosos de la carrera del serbio<\/strong>. Se juntaron dos tenistas legendarios para seguir haciendo historia en el circuito. Hasta que en el a\u00f1o 2016 separaron sus caminos.<\/p>\n<p class=\"ft-text\">Su conocimiento sobre el tenis le vali\u00f3 para que su voz la escucharan miles de hogares en todo el mundo. En televisi\u00f3n,<strong>\u00a0tambi\u00e9n aport\u00f3 su grano de arena para compartir su pasi\u00f3n por un deporte que estaba al alza<\/strong>. El &#8216;Big Three&#8217; al completo estaba a punto de despedirse a ra\u00edz de Roger Federer,<strong>\u00a0pero los esp\u00edritus de Nadal y Djokovic segu\u00edan muy vivos.<\/strong>\u00a0Aunque todo se torci\u00f3 en el a\u00f1o 2022.<\/p>\n<p class=\"ft-text\">En abril de ese mismo a\u00f1o,\u00a0<strong>Boris Becker fue condenado a dos a\u00f1os y medio de prisi\u00f3n<\/strong>. Culpable de cuatro cargos al no declarar correctamente parte de su patrimonio en su procedimiento de quiebra. \u00ab<strong>Claro que era culpable<\/strong>\u00ab, confes\u00f3 a\u00f1os despu\u00e9s. \u00ab<strong>El jurado ni siquiera sab\u00eda qui\u00e9n estaba sentado frente a ellos. La mitad ten\u00edan menos de 30 a\u00f1os<\/strong>\u00ab. Estuvo un total de ocho meses en la prisi\u00f3n de Wandsworth, el peor centro penitenciario de Inglaterra.<\/p>\n<p class=\"ft-text\">All\u00ed vivi\u00f3 un tormento.<strong>\u00a0\u00abUn preso quer\u00eda matarme y otro me amenaz\u00f3 con violarme. Me explic\u00f3 verbalmente todo lo que iba a hacerme<\/strong>\u00ab, confes\u00f3. Sin embargo, el tenis, una vez m\u00e1s, le volvi\u00f3 a salvar. Wimbledon volv\u00eda a ser el escenario mundial y los reclusos se reun\u00edan en el gimnasio para ver los partidos que proyectaban en la televisi\u00f3n.<strong>\u00a0Todos se acercaban a Becker<\/strong>, pregunt\u00e1ndole qui\u00e9n iba a ser el campe\u00f3n del torneo masculino.<\/p>\n<p class=\"ft-text\">\u00ab<strong>Los europeos del este apoyaban a Novak a muerte y hab\u00eda mucho cari\u00f1o hacia Rafa Nadal, porque es Rafa Nadal\u00bb<\/strong>, aseguraba. Tambi\u00e9n desvel\u00f3 lo importante que fue para \u00e9l ver a su familia desde la televisi\u00f3n. Novak Djokovic les regalaba entradas tanto a su mujer como a sus hijos para que fueran a ver los partidos. Gracias a eso, ten\u00eda la oportunidad de ver c\u00f3mo estaban si la c\u00e1mara les enfocaba.<\/p>\n<p class=\"ft-text\">\u00abRecuerdo ver a Rafa luchar a brazo partido contra Taylor Fritz, superando lesiones, dolor y todo tipo de dudas para acabar ganando en la quinta manga. En un tie-break digno de campe\u00f3n.\u00a0<strong>Detect\u00e9 el momento en que Fritz empezaba a agobiarse. Le ve\u00eda nervioso y asustado. Todos esos pensamientos eran una v\u00eda de escape para esas horas<\/strong>\u00ab, describ\u00eda en &#8216;Inside&#8217;.<\/p>\n<p><img decoding=\"async\" src=\"https:\/\/www.europesays.com\/es\/wp-content\/uploads\/2025\/11\/36ee564f-c527-4849-8cf2-08a666e8f537_alta-libre-aspect-ratio_default_0.jpg\" width=\"1200\" height=\"787\" alt=\"Rafa Nadal, el mejor tenista de la historia al conseguir su 21 Grand Slam.\" class=\"ft-helper-img-rd\" loading=\"lazy\" hasdataaida=\"true\"\/><\/p>\n<p class=\"ft-helper-fontColor-quaternary ft-helper-fontSize-body-S ft-helper-spacer-t-xxs\">Rafa Nadal  \/ \/<\/p>\n<p class=\"ft-text\">Tambi\u00e9n explic\u00f3 c\u00f3mo vivi\u00f3 la final de Wimbledon entre Novak Djokovic y Nick Kyrgios. \u00ab<strong>Todos estaban viendo el partido. Todos iban con Novak. Todos iban conmigo.<\/strong>\u00a0Cuando gan\u00f3, levant\u00e9 los brazos, y cuando lo hice, el ruido a lo largo de la galer\u00eda estall\u00f3 de nuevo, m\u00e1s fuerte que nunca. Los golpes se prolongaron diez minutos. En las paredes, en las puertas.\u00a0<strong>Me qued\u00e9 all\u00ed plantado y llor\u00e9.<\/strong>\u00a0Todo afloraba: la tensi\u00f3n, las dudas, el estr\u00e9s, la esperanza. El amor que sent\u00eda por Lilian y mis hijos, el amor que sent\u00eda por Novak (..).\u00a0<strong>Mi vida estaba entre rejas. Pero tambi\u00e9n estaba volando. Estaba volando<\/strong>\u00ab.<\/p>\n<p class=\"ft-text\">Tras cumplir una tercera parte de su condena, Boris Becker sali\u00f3 de la c\u00e1rcel ocho meses despu\u00e9s.\u00a0<strong>Deportado por Reino Unido, volvi\u00f3 a su Alemania natal para empezar una nueva vida<\/strong>. \u00abPor primera vez puedo pensar en qu\u00e9 quiero hacer el resto de mi vida, d\u00f3nde vivir, d\u00f3nde quiero envejecer\u00bb, coment\u00f3 al abandonar Inglaterra. Tres a\u00f1os despu\u00e9s, ha estrenado un libro y sigue disfrutando del tenis. Ahora desde casa.<\/p>\n","protected":false},"excerpt":{"rendered":"Boris Becker\u00a0fue una leyenda del tenis. Un talento prematuro que destac\u00f3 con tan solo 17 a\u00f1os, levantando el&hellip;\n","protected":false},"author":2,"featured_media":212799,"comment_status":"","ping_status":"","sticky":false,"template":"","format":"standard","meta":{"footnotes":""},"categories":[274],"tags":[57376,988,36386,38106,57377,168,25,24,21316,23,167,327,326],"class_list":{"0":"post-212798","1":"post","2":"type-post","3":"status-publish","4":"format-standard","5":"has-post-thumbnail","7":"category-tenis","8":"tag-57376","9":"tag-anos","10":"tag-becker","11":"tag-boris","12":"tag-carcel-rafa-nadal-dv","13":"tag-deportes","14":"tag-es","15":"tag-espana","16":"tag-extenista","17":"tag-spain","18":"tag-sports","19":"tag-tenis","20":"tag-tennis"},"share_on_mastodon":{"url":"https:\/\/pubeurope.com\/@es\/115474933307144304","error":""},"_links":{"self":[{"href":"https:\/\/www.europesays.com\/es\/wp-json\/wp\/v2\/posts\/212798","targetHints":{"allow":["GET"]}}],"collection":[{"href":"https:\/\/www.europesays.com\/es\/wp-json\/wp\/v2\/posts"}],"about":[{"href":"https:\/\/www.europesays.com\/es\/wp-json\/wp\/v2\/types\/post"}],"author":[{"embeddable":true,"href":"https:\/\/www.europesays.com\/es\/wp-json\/wp\/v2\/users\/2"}],"replies":[{"embeddable":true,"href":"https:\/\/www.europesays.com\/es\/wp-json\/wp\/v2\/comments?post=212798"}],"version-history":[{"count":0,"href":"https:\/\/www.europesays.com\/es\/wp-json\/wp\/v2\/posts\/212798\/revisions"}],"wp:featuredmedia":[{"embeddable":true,"href":"https:\/\/www.europesays.com\/es\/wp-json\/wp\/v2\/media\/212799"}],"wp:attachment":[{"href":"https:\/\/www.europesays.com\/es\/wp-json\/wp\/v2\/media?parent=212798"}],"wp:term":[{"taxonomy":"category","embeddable":true,"href":"https:\/\/www.europesays.com\/es\/wp-json\/wp\/v2\/categories?post=212798"},{"taxonomy":"post_tag","embeddable":true,"href":"https:\/\/www.europesays.com\/es\/wp-json\/wp\/v2\/tags?post=212798"}],"curies":[{"name":"wp","href":"https:\/\/api.w.org\/{rel}","templated":true}]}}