{"id":212861,"date":"2025-11-01T15:17:09","date_gmt":"2025-11-01T15:17:09","guid":{"rendered":"https:\/\/www.europesays.com\/es\/212861\/"},"modified":"2025-11-01T15:17:09","modified_gmt":"2025-11-01T15:17:09","slug":"la-ryder-baraja-una-solucion-increible-para-sus-problemas-de-alojamiento","status":"publish","type":"post","link":"https:\/\/www.europesays.com\/es\/212861\/","title":{"rendered":"La Ryder baraja una soluci\u00f3n incre\u00edble para sus problemas de alojamiento"},"content":{"rendered":"<p class=\"\">La <a href=\"https:\/\/as.com\/masdeporte\/golf\/\" target=\"_self\" rel=\"nofollow noopener\" title=\"https:\/\/as.com\/masdeporte\/golf\/\"><b>Ryder Cup<\/b><\/a> del pr\u00f3ximo 2027 ser\u00e1 especial. Desde el punto de vista hist\u00f3rico, pues ser\u00e1 la edici\u00f3n que marque el centenario de una competici\u00f3n que ech\u00f3 a andar en 2027, y desde el log\u00edstico, por <b>los desaf\u00edos que supone su emplazamiento en <\/b><a href=\"https:\/\/as.com\/masdeporte\/2019\/07\/25\/golf\/1564065927_792259.html\" target=\"_self\" rel=\"nofollow noopener\" title=\"https:\/\/as.com\/masdeporte\/2019\/07\/25\/golf\/1564065927_792259.html\"><b>Adare Manor<\/b><\/a>, el flamante resort de <b>J.P. McManus<\/b> en el <b>Condado de Limerick<\/b> (<b>Irlanda<\/b>). <\/p>\n<p class=\"\">Precisamente esa adjudicaci\u00f3n, que recompensa los esfuerzos hechos por el magnate en la propiedad, con un redise\u00f1o del campo de golf por parte de uno de los arquitectos m\u00e1s reputados del mundo, <b>Tom Fazio<\/b>, plantea una problem\u00e1tica importante en lo que se refiere a d\u00f3nde se alojar\u00e1n los cientos de miles de espectadores que acuden cada a\u00f1o a seguir en directo la bienal (unos 250.000 el pasado septiembre en <b>Bethpage Black<\/b>). <\/p>\n<p class=\"\">A una media hora en coche est\u00e1 Limerick, la capital regional, pero al fin y al cabo <b>una ciudad de tama\u00f1o modesto, con cerca de 100.000 habitantes<\/b>, y por tanto con una capacidad hotelera limitada para un evento de esta magnitud. El establecimiento insignia de la ciudad, el <b>Clayton Hotel<\/b>, apenas cuenta con 158 habitaciones. As\u00ed que en la organizaci\u00f3n ya barajan <b>varias alternativas para acomodar a los visitantes<\/b>, y alguna de las que surgieron en la \u00faltima reuni\u00f3n del grupo de trabajo encargado de estos asuntos, publicadas por la prensa local, es cuanto menos insospechada. <\/p>\n<blockquote class=\"twitter-tweet\">\n<p lang=\"en\" dir=\"ltr\">This is Adare Manor \ud83c\uddee\ud83c\uddea<\/p>\n<p>The \u00abAugusta of Ireland\u00bb, that will host the Ryder Cup in two years time.<\/p>\n<p>Here&#8217;s everything you to know about the course \ud83e\uddf5 <a href=\"https:\/\/t.co\/sCvNOmIy9O\" rel=\"nofollow\">pic.twitter.com\/sCvNOmIy9O<\/a><\/p>\n<p>\u2014 Jamie Kennedy (@jamierkennedy) <a href=\"https:\/\/twitter.com\/jamierkennedy\/status\/1973732938119606601?ref_src=twsrc%5Etfw\" rel=\"nofollow noopener\" target=\"_blank\">October 2, 2025<\/a><\/p><\/blockquote>\n<p class=\"\">Aunque todav\u00eda no se ha tomado ninguna decisi\u00f3n final,<b> una posibilidad que se est\u00e1 rumiando pasar\u00eda por utilizar barcos<\/b>. S\u00ed, barcos. Una idea que sorprende a\u00fan m\u00e1s echando un vistazo al mapa de Irlanda, porque Limerick se encuentra en el interior. \u00bfC\u00f3mo llegar\u00edan las naves a Adare Manor? A trav\u00e9s del estuario del r\u00edo <b>Shannon<\/b>, el m\u00e1s grande de la isla, que parte pr\u00e1cticamente en dos de norte a sur. Una vez en \u00e9l, quedar\u00edan fondeados en la zona de <b>Foynes<\/b>, a apenas media hora en coche de Adare Manor, que cabe recordar que <b>es un resort, pero uno de ultralujo<\/b>, cuyos aposentos, en caso de no estar reservados para los integrantes de los equipos, tampoco ser\u00edan asequibles para la mayor parte del p\u00fablico. <\/p>\n<p class=\"\">Por otro lado, para agilizar las idas y venidas de las masas, se est\u00e1 elaborando<b> un plan ferroviario importante<\/b>, y el gobierno irland\u00e9s ha invertido unos 150 millones de euros en <b>agilizar las obras del <\/b><b>bypass<\/b><b> en la carretera que lleva de Limerick a Foynes<\/b>, que est\u00e1 previsto que se completen para junio de 2027, a unos tres meses del inicio de una Ryder Cup que se prev\u00e9 tan memorable como operativamente compleja. <\/p>\n<p>Noticias relacionadas<\/p>\n<p class=\"\"><b>\u00a1Tus opiniones importan!<\/b> Comenta en los art\u00edculos y suscr\u00edbete gratis a nuestra <a href=\"https:\/\/asfan.as.com\/newsletters\/\" target=\"_blank\" rel=\"nofollow noopener\" title=\"https:\/\/asfan.as.com\/newsletters\/\">newsletter<\/a> y a las alertas informativas en la <a href=\"https:\/\/as.com\/aplicacion-de-as-n\/\" target=\"_blank\" rel=\"nofollow noopener\" title=\"https:\/\/as.com\/aplicacion-de-as-n\/\">App<\/a> o el canal de <a href=\"https:\/\/www.whatsapp.com\/channel\/0029VaAasdA7j6g745nz9M10\" target=\"_blank\" rel=\"nofollow noopener\" title=\"https:\/\/www.whatsapp.com\/channel\/0029VaAasdA7j6g745nz9M10\">WhatsApp<\/a>.<\/p>\n<p class=\"\">\u00bfBuscas licenciar contenido? Haz clic <a href=\"https:\/\/profesional.elpais.com\/soluciones-sindicacion?utm_medium=interno&amp;utm_source=crosslinking&amp;utm_campaign=sindicacion_as_pie_articulos\" target=\"_blank\" rel=\"nofollow noopener\" title=\"https:\/\/profesional.elpais.com\/soluciones-sindicacion?utm_medium=interno&amp;utm_source=crosslinking&amp;utm_campaign=sindicacion_as_pie_articulos\">aqu\u00ed<\/a><\/p>\n<p><script async src=\"https:\/\/platform.twitter.com\/widgets.js\" charset=\"utf-8\"><\/script><\/p>\n","protected":false},"excerpt":{"rendered":"La Ryder Cup del pr\u00f3ximo 2027 ser\u00e1 especial. Desde el punto de vista hist\u00f3rico, pues ser\u00e1 la edici\u00f3n&hellip;\n","protected":false},"author":2,"featured_media":212862,"comment_status":"","ping_status":"","sticky":false,"template":"","format":"standard","meta":{"footnotes":""},"categories":[275],"tags":[168,25,24,329,23,167],"class_list":{"0":"post-212861","1":"post","2":"type-post","3":"status-publish","4":"format-standard","5":"has-post-thumbnail","7":"category-golf","8":"tag-deportes","9":"tag-es","10":"tag-espana","11":"tag-golf","12":"tag-spain","13":"tag-sports"},"share_on_mastodon":{"url":"https:\/\/pubeurope.com\/@es\/115475109952174622","error":""},"_links":{"self":[{"href":"https:\/\/www.europesays.com\/es\/wp-json\/wp\/v2\/posts\/212861","targetHints":{"allow":["GET"]}}],"collection":[{"href":"https:\/\/www.europesays.com\/es\/wp-json\/wp\/v2\/posts"}],"about":[{"href":"https:\/\/www.europesays.com\/es\/wp-json\/wp\/v2\/types\/post"}],"author":[{"embeddable":true,"href":"https:\/\/www.europesays.com\/es\/wp-json\/wp\/v2\/users\/2"}],"replies":[{"embeddable":true,"href":"https:\/\/www.europesays.com\/es\/wp-json\/wp\/v2\/comments?post=212861"}],"version-history":[{"count":0,"href":"https:\/\/www.europesays.com\/es\/wp-json\/wp\/v2\/posts\/212861\/revisions"}],"wp:featuredmedia":[{"embeddable":true,"href":"https:\/\/www.europesays.com\/es\/wp-json\/wp\/v2\/media\/212862"}],"wp:attachment":[{"href":"https:\/\/www.europesays.com\/es\/wp-json\/wp\/v2\/media?parent=212861"}],"wp:term":[{"taxonomy":"category","embeddable":true,"href":"https:\/\/www.europesays.com\/es\/wp-json\/wp\/v2\/categories?post=212861"},{"taxonomy":"post_tag","embeddable":true,"href":"https:\/\/www.europesays.com\/es\/wp-json\/wp\/v2\/tags?post=212861"}],"curies":[{"name":"wp","href":"https:\/\/api.w.org\/{rel}","templated":true}]}}