{"id":212881,"date":"2025-11-01T15:31:09","date_gmt":"2025-11-01T15:31:09","guid":{"rendered":"https:\/\/www.europesays.com\/es\/212881\/"},"modified":"2025-11-01T15:31:09","modified_gmt":"2025-11-01T15:31:09","slug":"lamine-yamal-anuncia-su-ruptura-con-nicki-nicole-gente","status":"publish","type":"post","link":"https:\/\/www.europesays.com\/es\/212881\/","title":{"rendered":"Lamine Yamal anuncia su ruptura con Nicki Nicole | Gente"},"content":{"rendered":"<p class=\"\">Lamine Yamal ha terminado su relaci\u00f3n con la cantante Nicki Nicole.<b> <\/b>As\u00ed lo ha confirmado el futbolista del FC Barcelona al programa D Coraz\u00f3n de Televisi\u00f3n Espa\u00f1ola, donde <a href=\"https:\/\/elpais.com\/noticias\/lamine-yamal\/\" target=\"_blank\" rel=\"noreferrer nofollow noopener\" title=\"https:\/\/elpais.com\/noticias\/lamine-yamal\/\">ha aclarado algunos detalles sobre su ruptura<\/a>. \u201cNo estamos juntos y no ha sido por ninguna infidelidad. Simplemente, nos hemos separado y ya. Todo lo que est\u00e1 saliendo no tiene nada que ver con nuestra relaci\u00f3n\u201d, ha reconocido al periodista Javier Hoyos.<\/p>\n<p class=\"\">Yamal sal\u00eda al paso as\u00ed de los rumores de infidelidad que circulaban en las redes sociales tras un viaje del futbolista a Mil\u00e1n, donde celebr\u00f3 una fiesta rodeado de amigos y amigas. \u201cNo le he sido infiel ni he estado con otra persona\u201d, ha subrayado el deportista al ente p\u00fablico para tratar de zanjar la pol\u00e9mica. Yamal manten\u00eda un romance con Nicole al menos desde finales del verano, como anunci\u00f3 la propia cantante en sus redes sociales.<\/p>\n<p class=\"\">Se hab\u00edan conocido tan solo unos meses antes durante una fiesta de cumplea\u00f1os en la que <a href=\"https:\/\/elpais.com\/deportes\/futbol\/2025-07-14\/lamine-yamal-publica-un-video-de-su-polemica-fiesta-cumpleanos.html\" target=\"_blank\" rel=\"noreferrer nofollow noopener\" title=\"https:\/\/elpais.com\/deportes\/futbol\/2025-07-14\/lamine-yamal-publica-un-video-de-su-polemica-fiesta-cumpleanos.html\">el futbolista festej\u00f3 su mayor\u00eda de edad<\/a>. La celebraci\u00f3n acapar\u00f3 titulares tras publicar Yamal un video en el que pod\u00eda advertirse la presencia de personas con enanismo, tal y como denunciaron distintas asociaciones de personas con acondroplasia, que aseguraron que hab\u00edan sido contratados como parte del entretenimiento y anunciaron acciones legales por ese motivo. Yamal estuvo entonces rodeado de compa\u00f1eros de equipo y numerosos famosos de la industria de la m\u00fasica, como Morad, Duki, Quevedo, Bad Gyal o Bizarrap.<\/p>\n","protected":false},"excerpt":{"rendered":"Lamine Yamal ha terminado su relaci\u00f3n con la cantante Nicki Nicole. As\u00ed lo ha confirmado el futbolista del&hellip;\n","protected":false},"author":2,"featured_media":212882,"comment_status":"","ping_status":"","sticky":false,"template":"","format":"standard","meta":{"footnotes":""},"categories":[91],"tags":[146,147,25,24,881,282,260,8138,26142,34672,23],"class_list":{"0":"post-212881","1":"post","2":"type-post","3":"status-publish","4":"format-standard","5":"has-post-thumbnail","7":"category-entretenimiento","8":"tag-entertainment","9":"tag-entretenimiento","10":"tag-es","11":"tag-espana","12":"tag-fc-barcelona","13":"tag-futbol","14":"tag-gente","15":"tag-lamine-yamal","16":"tag-nicki-nicole","17":"tag-ruptura-sentimental","18":"tag-spain"},"share_on_mastodon":{"url":"https:\/\/pubeurope.com\/@es\/115475164996984316","error":""},"_links":{"self":[{"href":"https:\/\/www.europesays.com\/es\/wp-json\/wp\/v2\/posts\/212881","targetHints":{"allow":["GET"]}}],"collection":[{"href":"https:\/\/www.europesays.com\/es\/wp-json\/wp\/v2\/posts"}],"about":[{"href":"https:\/\/www.europesays.com\/es\/wp-json\/wp\/v2\/types\/post"}],"author":[{"embeddable":true,"href":"https:\/\/www.europesays.com\/es\/wp-json\/wp\/v2\/users\/2"}],"replies":[{"embeddable":true,"href":"https:\/\/www.europesays.com\/es\/wp-json\/wp\/v2\/comments?post=212881"}],"version-history":[{"count":0,"href":"https:\/\/www.europesays.com\/es\/wp-json\/wp\/v2\/posts\/212881\/revisions"}],"wp:featuredmedia":[{"embeddable":true,"href":"https:\/\/www.europesays.com\/es\/wp-json\/wp\/v2\/media\/212882"}],"wp:attachment":[{"href":"https:\/\/www.europesays.com\/es\/wp-json\/wp\/v2\/media?parent=212881"}],"wp:term":[{"taxonomy":"category","embeddable":true,"href":"https:\/\/www.europesays.com\/es\/wp-json\/wp\/v2\/categories?post=212881"},{"taxonomy":"post_tag","embeddable":true,"href":"https:\/\/www.europesays.com\/es\/wp-json\/wp\/v2\/tags?post=212881"}],"curies":[{"name":"wp","href":"https:\/\/api.w.org\/{rel}","templated":true}]}}