{"id":212961,"date":"2025-11-01T16:42:09","date_gmt":"2025-11-01T16:42:09","guid":{"rendered":"https:\/\/www.europesays.com\/es\/212961\/"},"modified":"2025-11-01T16:42:09","modified_gmt":"2025-11-01T16:42:09","slug":"asi-ha-sido-el-reestreno-de-regreso-al-futuro-40-anos-despues","status":"publish","type":"post","link":"https:\/\/www.europesays.com\/es\/212961\/","title":{"rendered":"as\u00ed ha sido el reestreno de \u00abRegreso al futuro\u00bb 40 a\u00f1os despu\u00e9s"},"content":{"rendered":"<p>\t\t\t \t\t \t\t\t\t\t\t\t <strong class=\"pd-l\">XOAN A. SOLER  <\/strong><\/p>\n<p>\t\t\t\t\t\tAut\u00e9nticos fan\u00e1ticos de la saga, j\u00f3venes que la ve\u00edan por primera vez y quien llevaba esperando desde su infancia para poder verla en pantalla grande se dieron cita en Cinesa As Cancelas para revivir las aventuras de Marty McFly y Doc Brown<br \/>\n\t\t\t\t\t\t\t\t\t\t\t\t<strong>01 nov 2025<\/strong> . Actualizado a las 16:59 h.\t\t\t\t\t\t<\/p>\n<p class=\"first-paragraph txt\">\u2014\u00bfMe est\u00e1s diciendo que has construido una m\u00e1quina del tiempo con un DeLorean?<\/p>\n<p class=\"txt\">\u2014Yo creo que si vas a construir una m\u00e1quina del tiempo en\u00a0 un coche, \u00bfpor qu\u00e9 no hacerlo con clase? Adem\u00e1s, la construcci\u00f3n de acero inoxidable produjo la dispersi\u00f3n del fluzo&#8230;<\/p>\n<p class=\"txt\">La escena la ha visto Camilo m\u00e1s de cien veces. Este viernes, ha sido, como m\u00ednimo, la 101, otra vez en pantalla grande, como cuando ten\u00eda 13 o14 a\u00f1os y conoci\u00f3 por vez primera a <strong>Marty McFly<\/strong>. Era 1985. El tiempo ha pasado igual, porque en realidad no hace falta un DeLorean. El ma\u00f1ana siempre te alcanza. Cuarenta a\u00f1os despu\u00e9s, est\u00e1 a punto de volver. De regresar al futuro.\u00a0\u00abEst\u00e1 superbien contada. No hay a hacer spoiler para los que no la vieron, pero en el final, cuando parece que llega, que no llega, que se cuelga&#8230;Todav\u00eda me sigue sobresaltando esa parte, aun sabiendo que termina bien\u00bb.<\/p>\n<p class=\"txt\">A su lado est\u00e1 Nicol\u00e1s. Para \u00e9l es la primera vez. Para su madre, Irene, no.\u00a0\u00abTen\u00eda el <strong>DeLorean<\/strong> de juguete y nunca he visto la pel\u00edcula entera\u00bb, dice el peque\u00f1o. In\u00e9s resalta que era una pel\u00edcula adelantada a su tiempo. La clave de todo esto es esa palabra. Tiempo.<\/p>\n<p class=\"txt\">\n<p>\t\t\t\t\t\t\t\t\t\t\t\t&#13;<br \/>\n\t\t\t\t\t\t\t\t&#13;<br \/>\n&#13;<br \/>\n&#13;<\/p>\n<p>\t\t\t&#13;<br \/>\n\t&#13;<\/p>\n<p>\t\t\t<a href=\"https:\/\/www.lavozdegalicia.es\/noticia\/cultura\/2024\/02\/19\/michael-j-fox-protagoniza-momento-emotivo-bafta-2024\/00031708337418935107664.htm\" data-analytics=\"link-embed\" rel=\"nofollow noopener\" target=\"_blank\">Michael J. Fox protagoniza el momento m\u00e1s emotivo de los Bafta 2024<\/a><\/p>\n<p class=\"a-min-author\">La Voz<\/p>\n<p>\t&#13;<br \/>\n\t&#13;<br \/>\n&#13;<\/p>\n<p class=\"txt\">26 de octubre de 1985, 1.18 horas. El doctor Emmett Brown llega al centro comercial Twin Pines con su DeLorean. Marty McFly, con una c\u00e1mara de v\u00eddeo. Einstein, el perro, se sube al DeLorean, que cuando llega a 140 kil\u00f3metros por hora, desaparece. Se ha producido el primer viaje en el tiempo. No ser\u00e1 el \u00faltimo, porque el propio Marty McFly acabar\u00e1 en 1955, conociendo a sus padres antes de que fuesen eso&#8230; Sus padres.<\/p>\n<p class=\"txt\">Bob Gale se pregunt\u00f3 un d\u00eda si \u00e9l se habr\u00eda hecho amigo de su padre si ambos hubiesen ido juntos al instituto. De ese pensamiento surgi\u00f3 un guion, escrito junto a Robert Zemeckis, que no fue f\u00e1cil llevar a la pantalla. Lo rechazaron varos estudios hasta que Zemeckis tuvo un \u00e9xito de taquilla con Romancing the Stone. Universal Pictures decidi\u00f3 entonces darle luz verde a esa historia de viajes en el tiempo. <strong>Regreso al futuro<\/strong> hab\u00eda nacido y llevaba el sello del mism\u00edsimo <a href=\"https:\/\/www.lavozdegalicia.es\/temas\/steven-spielberg\" rel=\"nofollow noopener\" target=\"_blank\">Steven Spielberg<\/a> como productor ejecutivo.\u00a0<\/p>\n<p class=\"txt\">\u00abCreo que la deb\u00ed de ver por primera vez cuando ten\u00eda&#8230; \u00bftres meses?\u00bb, dice una joven. Es lo que ocurre cuando tus padres son fans de una saga de pel\u00edculas que resolvi\u00f3 muy bien la segunda parte, en la que Marty McFly viaja a un futuro que hoy ya es pasado: el 21 de octubre del 2015.\u00a0\u00abCreo que no estaba pensado que hubiese una secuela\u00bb, dice otro de los fans de la pel\u00edcula a las puertas de la sala 5 de Cinesa <a href=\"https:\/\/www.lavozdegalicia.es\/temas\/as-cancelas\" rel=\"nofollow noopener\" target=\"_blank\">As Cancelas<\/a>. Efectivamente, pero el \u00e9xito del primer <strong>Regreso al futuro<\/strong> fue tal que se rodaron dos m\u00e1s.\u00a0<\/p>\n<p class=\"txt\">\u00abLa segunda est\u00e1 muy bien casada. Cuadra todo perfecto\u00bb. Tanto, que cuando el 21 de octubre lleg\u00f3,\u00a0la botella de Pepsi Perfect que Marty se bebe en la pel\u00edcula se hizo realidad. La marca produjo 6.500 unidades. Lexus, por su parte, sac\u00f3 una r\u00e9plica del monopat\u00edn volador que imaginaron 30 a\u00f1os antes los guionistas. No, el mundo del 2015 poco se parec\u00eda a lo que hab\u00edan representado. En el fondo, lo sab\u00edan: \u00abSab\u00edamos que no \u00edbamos a tener coches voladores para el a\u00f1o 2015, pero, \u00a1Dios!, ten\u00edamos que tenerlos en nuestra pel\u00edcula, dijo Bob Gale.<\/p>\n<p class=\"txt\">\u00ab\u00c9 a mi\u00f1a primeira pel\u00edcula de ciencia ficci\u00f3n que lembro\u00bb. Ignacio es de la quinta de Regreso al futuro, as\u00ed que nunca tuvo la oportunidad de verla en el <a href=\"https:\/\/www.lavozdegalicia.es\/temas\/cine\" rel=\"nofollow noopener\" target=\"_blank\">cine<\/a>. Donde s\u00ed la ha visto siete u ocho veces es en el televisor.\u00a0\u00abO intr\u00edngulis de ir ao futuro, volver ao pasado.. iso \u00e9 algo que de cativo v\u00f3lveche a cabeza tola, pensas que molar\u00eda que pasara\u00bb.\u00a0<\/p>\n<p class=\"txt\">Lo que parece que no mola es la tercera pel\u00edcula de la saga, esa en la que acaban en el Salvaje Oeste. Prescindible para la mayor\u00eda de los fans que esta tarde se dan cita en As Cancelas.\u00a0Es la menos querida de las tres pel\u00edculas, aunque tiene su p\u00fablico.\u00a0\u00abA m\u00ed me gusta\u00bb, dice una espectadora antes de entrar en la sala y poner en marcha el condensador de fluzo.\u00a0<\/p>\n<p>&#13;<br \/>\n\tArchivado en:&#13;<br \/>\n\t\t\t\t\t<a href=\"https:\/\/www.lavozdegalicia.es\/temas\/cine\/\" target=\"_blank\" class=\"mg-l\" rel=\"nofollow noopener\">Cine<\/a>&#13;<br \/>\n\t\t\t\t\t<a href=\"https:\/\/www.lavozdegalicia.es\/temas\/as-cancelas\/\" target=\"_blank\" class=\"mg-l\" rel=\"nofollow noopener\">As Cancelas<\/a>&#13;<br \/>\n\t\t\t\t\t<a href=\"https:\/\/www.lavozdegalicia.es\/temas\/steven-spielberg\/\" target=\"_blank\" class=\"mg-l\" rel=\"nofollow noopener\">Steven Spielberg<\/a>&#13;<br \/>\n\t\t\t\t\t<a href=\"https:\/\/www.lavozdegalicia.es\/temas\/santiago-ciudad\/\" target=\"_blank\" class=\"mg-l\" rel=\"nofollow noopener\">Santiago ciudad<\/a>&#13;<br \/>\n\t&#13;<\/p>\n","protected":false},"excerpt":{"rendered":"XOAN A. SOLER Aut\u00e9nticos fan\u00e1ticos de la saga, j\u00f3venes que la ve\u00edan por primera vez y quien llevaba&hellip;\n","protected":false},"author":2,"featured_media":212962,"comment_status":"","ping_status":"","sticky":false,"template":"","format":"standard","meta":{"footnotes":""},"categories":[169],"tags":[57414,177,146,147,25,24,176,175,30524,23,6828],"class_list":{"0":"post-212961","1":"post","2":"type-post","3":"status-publish","4":"format-standard","5":"has-post-thumbnail","7":"category-cine","8":"tag-as-cancelas","9":"tag-cine","10":"tag-entertainment","11":"tag-entretenimiento","12":"tag-es","13":"tag-espana","14":"tag-film","15":"tag-movies","16":"tag-santiago-ciudad","17":"tag-spain","18":"tag-steven-spielberg"},"share_on_mastodon":{"url":"https:\/\/pubeurope.com\/@es\/115475444172770647","error":""},"_links":{"self":[{"href":"https:\/\/www.europesays.com\/es\/wp-json\/wp\/v2\/posts\/212961","targetHints":{"allow":["GET"]}}],"collection":[{"href":"https:\/\/www.europesays.com\/es\/wp-json\/wp\/v2\/posts"}],"about":[{"href":"https:\/\/www.europesays.com\/es\/wp-json\/wp\/v2\/types\/post"}],"author":[{"embeddable":true,"href":"https:\/\/www.europesays.com\/es\/wp-json\/wp\/v2\/users\/2"}],"replies":[{"embeddable":true,"href":"https:\/\/www.europesays.com\/es\/wp-json\/wp\/v2\/comments?post=212961"}],"version-history":[{"count":0,"href":"https:\/\/www.europesays.com\/es\/wp-json\/wp\/v2\/posts\/212961\/revisions"}],"wp:featuredmedia":[{"embeddable":true,"href":"https:\/\/www.europesays.com\/es\/wp-json\/wp\/v2\/media\/212962"}],"wp:attachment":[{"href":"https:\/\/www.europesays.com\/es\/wp-json\/wp\/v2\/media?parent=212961"}],"wp:term":[{"taxonomy":"category","embeddable":true,"href":"https:\/\/www.europesays.com\/es\/wp-json\/wp\/v2\/categories?post=212961"},{"taxonomy":"post_tag","embeddable":true,"href":"https:\/\/www.europesays.com\/es\/wp-json\/wp\/v2\/tags?post=212961"}],"curies":[{"name":"wp","href":"https:\/\/api.w.org\/{rel}","templated":true}]}}