{"id":212983,"date":"2025-11-01T17:00:09","date_gmt":"2025-11-01T17:00:09","guid":{"rendered":"https:\/\/www.europesays.com\/es\/212983\/"},"modified":"2025-11-01T17:00:09","modified_gmt":"2025-11-01T17:00:09","slug":"el-expromotor-de-andy-y-lucas-revela-la-verdad-sobre-su-relacion-y-carga-contra-lucas-es-una-persona-violenta","status":"publish","type":"post","link":"https:\/\/www.europesays.com\/es\/212983\/","title":{"rendered":"El expromotor de Andy y Lucas revela la verdad sobre su relaci\u00f3n y carga contra Lucas: \u00abEs una persona violenta\u00bb"},"content":{"rendered":"<p class=\"v-mdl-ath__p v-mdl-ath__p--6\">\nS\u00e1bado, 1 de noviembre 2025, 11:40<\/p>\n<p class=\"v-p\">La separaci\u00f3n de Andy y Lucas sigue dando de qu\u00e9 hablar. Si hace solo unas semanas, Andy confirmaba una <a href=\"https:\/\/www.elcorreo.com\/gente-estilo\/andy-confirma-agresion-fisica-lucas-ultima-gira-20251018174849-nt.html\" target=\"_blank\" title=\"Andy confirma una agresi\u00f3n f\u00edsica de Lucas durante su \u00faltima gira como d\u00fao\" data-voc-vtm-id=\"in-text-traffic\" data-mrf-link=\"www.elcorreo.com\" rel=\"nofollow noopener\">\u00abagresi\u00f3n f\u00edsica\u00bb<\/a> de su excompa\u00f1ero de d\u00fao durante su \u00faltima gira, ahora el que fuera promotor de la formaci\u00f3n en sus primeros a\u00f1os ha roto su silencio y ha revelado la verdadera relaci\u00f3n entre los dos cantantes. Asimismo, ha arremetido contra Lucas tild\u00e1ndole de \u00abpersona violenta\u00bb.<\/p>\n<p class=\"v-p\">Las declaraciones de \u00c1lvaro Molina en &#8216;De Viernes&#8217; han tenido gran repercusi\u00f3n. El expromotor, que comenz\u00f3 a trabajar con ellos en 2015, revel\u00f3 que no exist\u00eda una relaci\u00f3n de amistad entre ellos. \u00abLucas hac\u00eda las cosas por un lado y Andy por otro, ellos no se juntaban para nada&#8230; \u00abDesde que los conoc\u00ed, nunca los he visto juntos fuera del trabajo\u00bb, manifest\u00f3 en el programa de Telecinco.<\/p>\n<p class=\"v-p\">Los colaboradores le preguntaron por el forcejeo entre ambos durante su gira de despedida, pero Molina lo desconoce. No obstante, ofreci\u00f3 su opini\u00f3n: \u00abLa gente empez\u00f3 a decir que es mentira, pero yo, con lo que he vivido&#8230; eso es verdad. No me ha sorprendido porque yo lo he sufrido tambi\u00e9n. Es lo mismo que me ha hecho a mi. Claro que me lo creo\u00bb.<\/p>\n<p>Traici\u00f3n e infidelidad<\/p>\n<p class=\"v-p\">\u00c1lvaro Molina dej\u00f3 al d\u00fao a ra\u00edz de la infidelidad de su mujer con Lucas, quien ahora es la esposa del artista gaditano. La relaci\u00f3n entre el grupo y su entonces promotor se rompi\u00f3 de muy malas maneras, con agresi\u00f3n incluida, seg\u00fan detall\u00f3 Molina. \u00abMe arrastr\u00f3 por el suelo y me pis\u00f3 la pierna. Es una persona violenta, yo le tengo miedo\u00bb, apunt\u00f3. <\/p>\n<p class=\"v-p\">La separaci\u00f3n de Andy y Lucas puso punto final a m\u00e1s de dos d\u00e9cadas de trayectoria musical conjunta. Desde el inicio de la ronda de conciertos, los rumores sobre las diferencias personales o profesionales entre los dos fueron constantes. La gira &#8216;Nuestros \u00faltimos acordes&#8217; cerr\u00f3 el pasado 10 de octubre en el Palacio Vistalegre de Madrid,<a href=\"https:\/\/www.elcorreo.com\/gente-estilo\/final-polemico-andy-lucas-tension-ultimo-concierto-20251011175149-nt.html\" target=\"_blank\" title=\"www.elcorreo.com\" data-voc-vtm-id=\"in-text-traffic\" data-mrf-link=\"www.elcorreo.com\" rel=\"nofollow noopener\"> un concierto en el que se palp\u00f3 la tensi\u00f3n <\/a>entre ambos. Al d\u00eda siguiente, Andy anunci\u00f3 su carrera en solitario.<\/p>\n<p>Reporta un error<\/p>\n","protected":false},"excerpt":{"rendered":"S\u00e1bado, 1 de noviembre 2025, 11:40 La separaci\u00f3n de Andy y Lucas sigue dando de qu\u00e9 hablar. Si&hellip;\n","protected":false},"author":2,"featured_media":212984,"comment_status":"","ping_status":"","sticky":false,"template":"","format":"standard","meta":{"footnotes":""},"categories":[174],"tags":[16221,6514,255,146,147,25,24,57321,256,7357,3638,5977,1789,57,23,24195,57419],"class_list":{"0":"post-212983","1":"post","2":"type-post","3":"status-publish","4":"format-standard","5":"has-post-thumbnail","7":"category-famosos","8":"tag-andy","9":"tag-carga","10":"tag-celebrities","11":"tag-entertainment","12":"tag-entretenimiento","13":"tag-es","14":"tag-espana","15":"tag-expromotor","16":"tag-famosos","17":"tag-lucas","18":"tag-persona","19":"tag-relacion","20":"tag-revela","21":"tag-sobre","22":"tag-spain","23":"tag-verdad","24":"tag-violenta"},"share_on_mastodon":{"url":"https:\/\/pubeurope.com\/@es\/115475515103361067","error":""},"_links":{"self":[{"href":"https:\/\/www.europesays.com\/es\/wp-json\/wp\/v2\/posts\/212983","targetHints":{"allow":["GET"]}}],"collection":[{"href":"https:\/\/www.europesays.com\/es\/wp-json\/wp\/v2\/posts"}],"about":[{"href":"https:\/\/www.europesays.com\/es\/wp-json\/wp\/v2\/types\/post"}],"author":[{"embeddable":true,"href":"https:\/\/www.europesays.com\/es\/wp-json\/wp\/v2\/users\/2"}],"replies":[{"embeddable":true,"href":"https:\/\/www.europesays.com\/es\/wp-json\/wp\/v2\/comments?post=212983"}],"version-history":[{"count":0,"href":"https:\/\/www.europesays.com\/es\/wp-json\/wp\/v2\/posts\/212983\/revisions"}],"wp:featuredmedia":[{"embeddable":true,"href":"https:\/\/www.europesays.com\/es\/wp-json\/wp\/v2\/media\/212984"}],"wp:attachment":[{"href":"https:\/\/www.europesays.com\/es\/wp-json\/wp\/v2\/media?parent=212983"}],"wp:term":[{"taxonomy":"category","embeddable":true,"href":"https:\/\/www.europesays.com\/es\/wp-json\/wp\/v2\/categories?post=212983"},{"taxonomy":"post_tag","embeddable":true,"href":"https:\/\/www.europesays.com\/es\/wp-json\/wp\/v2\/tags?post=212983"}],"curies":[{"name":"wp","href":"https:\/\/api.w.org\/{rel}","templated":true}]}}