{"id":212995,"date":"2025-11-01T17:08:18","date_gmt":"2025-11-01T17:08:18","guid":{"rendered":"https:\/\/www.europesays.com\/es\/212995\/"},"modified":"2025-11-01T17:08:18","modified_gmt":"2025-11-01T17:08:18","slug":"iker-casillas-aclara-los-rumores-sobre-su-relacion-con-ana-belen","status":"publish","type":"post","link":"https:\/\/www.europesays.com\/es\/212995\/","title":{"rendered":"IKER CASILLAS aclara los rumores sobre su relaci\u00f3n con Ana Bel\u00e9n"},"content":{"rendered":"<p class=\"ft-text\">El exguardameta del Real Madrid,\u00a0<strong>Iker Casillas,\u00a0<\/strong>acudi\u00f3 el pasado 16 de octubre a comisaria para\u00a0<strong>denunciar que le hab\u00edan robado cinco relojes de lujo en su casa,\u00a0<\/strong>una colecci\u00f3n valorada en\u00a0<strong>200.000 euros.<\/strong><\/p>\n<p class=\"ft-text\">Tras varios d\u00edas de investigaci\u00f3n, la Polic\u00eda Nacional\u00a0<strong>detuvo a su empleada del hogar y al marido de esta, un vigilante de seguridad<\/strong>\u00a0de la urbanizaci\u00f3n, como presuntos responsables del robo, aunque posteriormente fueron puestos en libertad.<\/p>\n<p class=\"ft-text\">Sin embargo, la atenci\u00f3n medi\u00e1tica sobre el exfutbolista no termin\u00f3 ah\u00ed. El mi\u00e9rcoles, &#8216;Diez minutos&#8217; public\u00f3 unas<strong>\u00a0im\u00e1genes suyas con una mujer, Ana Bel\u00e9n, en una actitud cari\u00f1osa.<\/strong><\/p>\n<p class=\"ft-text\"><strong>Vicente S\u00e1nchez<\/strong>, director del medio de comunicaci\u00f3n citado, adelant\u00f3 en &#8216;El tiempo justo&#8217; cu\u00e1ndo se tomaron las fotograf\u00edas:\u00a0<strong>\u00abEstas fotos son de hace dos fines de semana en Sevilla (&#8230;) Ella le esperaba en la puerta de su casa<\/strong>\u00a0con su perro, e Iker entr\u00f3 con total naturalidad despu\u00e9s de bajarse del coche con su maleta\u00bb.<\/p>\n<p class=\"ft-text\"><strong>\u00abNo hay beso, lo que hay es una actitud de mucha confianza,\u00a0<\/strong>es una &#8216;amiga&#8217; a la que conoci\u00f3 en 2014\u00a0y con la que se ha visto a menudo \u00faltimamente\u00bb, a\u00f1adi\u00f3.<\/p>\n<p class=\"ft-text\">Tras la publicaci\u00f3n, Casillas aclar\u00f3 en redes sociales\u00a0<strong>cu\u00e1l es la relaci\u00f3n que tiene con la mujer<\/strong>\u00a0de 38 a\u00f1os, y lo hizo con un toque de humor. El exportero<strong>\u00a0public\u00f3 una imagen en la que aparece junto a Ana Bel\u00e9n y su marido,\u00a0<\/strong>desmintiendo que exista algo m\u00e1s que amistad entre ellos.<\/p>\n<p class=\"ft-text\">La cordobesa es la\u00a0<strong>esposa de Enrique Moreno,\u00a0<\/strong>amigo del exguardameta, y a la vez, su nutricionista. Ambos<strong>\u00a0se conocen desde 2014<\/strong>\u00a0y han coincidido en diferentes actos p\u00fablicos. La relaci\u00f3n es tan cercana que, recientemente,\u00a0<strong>Casillas pas\u00f3 la noche en la casa del matrimonio.<\/strong><\/p>\n<p class=\"ft-text\">El exjugador del Real Madrid ha asegurado a &#8216;Vamos a ver&#8217; que entre ellos no hay nada y ha afirmado que\u00a0<strong>no cree que vuelva a enamorarse.<\/strong><\/p>\n","protected":false},"excerpt":{"rendered":"El exguardameta del Real Madrid,\u00a0Iker Casillas,\u00a0acudi\u00f3 el pasado 16 de octubre a comisaria para\u00a0denunciar que le hab\u00edan robado&hellip;\n","protected":false},"author":2,"featured_media":212996,"comment_status":"","ping_status":"","sticky":false,"template":"","format":"standard","meta":{"footnotes":""},"categories":[91],"tags":[2825,57421,18540,146,147,25,24,256,12929,18685,5977,11491,23],"class_list":{"0":"post-212995","1":"post","2":"type-post","3":"status-publish","4":"format-standard","5":"has-post-thumbnail","7":"category-entretenimiento","8":"tag-aclara","9":"tag-ana-belen-dv","10":"tag-casillas","11":"tag-entertainment","12":"tag-entretenimiento","13":"tag-es","14":"tag-espana","15":"tag-famosos","16":"tag-iker","17":"tag-iker-casillas","18":"tag-relacion","19":"tag-rumores","20":"tag-spain"},"share_on_mastodon":{"url":"https:\/\/pubeurope.com\/@es\/115475546435348808","error":""},"_links":{"self":[{"href":"https:\/\/www.europesays.com\/es\/wp-json\/wp\/v2\/posts\/212995","targetHints":{"allow":["GET"]}}],"collection":[{"href":"https:\/\/www.europesays.com\/es\/wp-json\/wp\/v2\/posts"}],"about":[{"href":"https:\/\/www.europesays.com\/es\/wp-json\/wp\/v2\/types\/post"}],"author":[{"embeddable":true,"href":"https:\/\/www.europesays.com\/es\/wp-json\/wp\/v2\/users\/2"}],"replies":[{"embeddable":true,"href":"https:\/\/www.europesays.com\/es\/wp-json\/wp\/v2\/comments?post=212995"}],"version-history":[{"count":0,"href":"https:\/\/www.europesays.com\/es\/wp-json\/wp\/v2\/posts\/212995\/revisions"}],"wp:featuredmedia":[{"embeddable":true,"href":"https:\/\/www.europesays.com\/es\/wp-json\/wp\/v2\/media\/212996"}],"wp:attachment":[{"href":"https:\/\/www.europesays.com\/es\/wp-json\/wp\/v2\/media?parent=212995"}],"wp:term":[{"taxonomy":"category","embeddable":true,"href":"https:\/\/www.europesays.com\/es\/wp-json\/wp\/v2\/categories?post=212995"},{"taxonomy":"post_tag","embeddable":true,"href":"https:\/\/www.europesays.com\/es\/wp-json\/wp\/v2\/tags?post=212995"}],"curies":[{"name":"wp","href":"https:\/\/api.w.org\/{rel}","templated":true}]}}