{"id":213016,"date":"2025-11-01T17:27:10","date_gmt":"2025-11-01T17:27:10","guid":{"rendered":"https:\/\/www.europesays.com\/es\/213016\/"},"modified":"2025-11-01T17:27:10","modified_gmt":"2025-11-01T17:27:10","slug":"mariah-carey-da-el-pistoletazo-de-salida-a-la-navidad","status":"publish","type":"post","link":"https:\/\/www.europesays.com\/es\/213016\/","title":{"rendered":"Mariah Carey da el pistoletazo de salida a la Navidad"},"content":{"rendered":"<p>\t\t\t \t\t \t\t\t\t\t\t\tCarey, en una imagen del pasado septiembre <strong class=\"pd-l\">Steve Marcus | REUTERS  <\/strong><\/p>\n<p>\t\t\t\t\t\tComo cada 1 de noviembre, la cantante estadounidense pronuncia el ya famoso \u00abIt&#8217;s Time\u00bb, en este caso junto a una marca de cosm\u00e9tica<br \/>\n\t\t\t\t\t\t\t\t\t\t\t\t<strong>01 nov 2025<\/strong> . Actualizado a las 11:19 h.\t\t\t\t\t\t<\/p>\n<p class=\"first-paragraph txt\">Es ya una tradici\u00f3n, pero tambi\u00e9n una buena fuente de ingresos. <strong><a href=\"https:\/\/www.lavozdegalicia.es\/temas\/mariah-carey\" rel=\"nofollow noopener\" target=\"_blank\">Mariah Carey<\/a><\/strong> inauguraba este s\u00e1bado 1 de noviembre la <a href=\"https:\/\/www.lavozdegalicia.es\/temas\/navidad\" rel=\"nofollow noopener\" target=\"_blank\">Navidad<\/a> con su ya tradicional v\u00eddeo al son de su\u00a0All I Want for Christmas Is You.<\/p>\n<p class=\"txt\">Con su ya habitual \u00abIt&#8217;s Time\u00bb, la cantante estadounidense de 56 a\u00f1os, ha publicado en un v\u00eddeo en sus redes sociales que vuelve a ser una superproducci\u00f3n. De la mano de la firma de cosm\u00e9tica <strong>Sephora<\/strong>, la artista aparece vestida como un \u00e1ngel que batalla con el elfo que quiere cancelar la Navidad, encarnado por el actor\u00a0Billy Eichner. <strong>\u00abNo puedes cancelar la Navidad\u00bb<\/strong>, le dice Carey a su compa\u00f1ero que le anuncia que \u00abno habr\u00e1 ni campanas ni glam\u00bb, mientras se lleva su bolsa cargada de maquillaje.<\/p>\n<p class=\"txt\">Como siempre, en el mundo de Mariah Carey, las fiestas vencen y ella misma vuelve en el trineo de Pap\u00e1 Noel repartiendo bolsas de la marca cosm\u00e9tica por todas las chimeneas.\u00a0<\/p>\n<blockquote class=\"instagram-media\" data-instgrm-captioned=\"\" data-instgrm-permalink=\"https:\/\/www.instagram.com\/reel\/DQf-kAFCGBP\/?utm_source=ig_embed&amp;utm_campaign=loading\" data-instgrm-version=\"14\" style=\" background:#FFF; border:0; border-radius:3px; box-shadow:0 0 1px 0 rgba(0,0,0,0.5),0 1px 10px 0 rgba(0,0,0,0.15); margin: 1px; max-width:658px; min-width:326px; padding:0; width:99.375%; width:-webkit-calc(100% - 2px); width:calc(100% - 2px);\"\/>\n<p class=\"txt\">Hace apenas tres d\u00edas, la cantante cebaba este momento con un \u00abnot yet\u00bb. Un v\u00eddeo en el que explicaba que a\u00fan no era el momento para inaugurar estas fiestas.<\/p>\n<blockquote class=\"instagram-media\" data-instgrm-captioned=\"\" data-instgrm-permalink=\"https:\/\/www.instagram.com\/reel\/DQXDUbiEuBY\/?utm_source=ig_embed&amp;utm_campaign=loading\" data-instgrm-version=\"14\" style=\" background:#FFF; border:0; border-radius:3px; box-shadow:0 0 1px 0 rgba(0,0,0,0.5),0 1px 10px 0 rgba(0,0,0,0.15); margin: 1px; max-width:658px; min-width:326px; padding:0; width:99.375%; width:-webkit-calc(100% - 2px); width:calc(100% - 2px);\"\/>\n<p class=\"txt\">Con m\u00e1s de 850.000 me gusta en Instagram y m\u00e1s de 18.000 comentarios, la estadounidense sigue convirtiendo este momento en una tradici\u00f3n.\u00a0<\/p>\n<p>&#13;<br \/>\n\tArchivado en:&#13;<br \/>\n\t\t\t\t\t<a href=\"https:\/\/www.lavozdegalicia.es\/temas\/mariah-carey\/\" target=\"_blank\" class=\"mg-l\" rel=\"nofollow noopener\">Mariah Carey<\/a>&#13;<br \/>\n\t\t\t\t\t<a href=\"https:\/\/www.lavozdegalicia.es\/temas\/navidad\/\" target=\"_blank\" class=\"mg-l\" rel=\"nofollow noopener\">Navidad<\/a>&#13;<br \/>\n\t&#13;<\/p>\n<p>\t\t\t\t<script async src=\"\/\/www.instagram.com\/embed.js\"><\/script><\/p>\n","protected":false},"excerpt":{"rendered":"Carey, en una imagen del pasado septiembre Steve Marcus | REUTERS Como cada 1 de noviembre, la cantante&hellip;\n","protected":false},"author":2,"featured_media":213017,"comment_status":"","ping_status":"","sticky":false,"template":"","format":"standard","meta":{"footnotes":""},"categories":[170],"tags":[146,147,25,24,1836,184,185,2951,23],"class_list":{"0":"post-213016","1":"post","2":"type-post","3":"status-publish","4":"format-standard","5":"has-post-thumbnail","7":"category-musica","8":"tag-entertainment","9":"tag-entretenimiento","10":"tag-es","11":"tag-espana","12":"tag-mariah-carey","13":"tag-music","14":"tag-musica","15":"tag-navidad","16":"tag-spain"},"share_on_mastodon":{"url":"https:\/\/pubeurope.com\/@es\/115475621165315811","error":""},"_links":{"self":[{"href":"https:\/\/www.europesays.com\/es\/wp-json\/wp\/v2\/posts\/213016","targetHints":{"allow":["GET"]}}],"collection":[{"href":"https:\/\/www.europesays.com\/es\/wp-json\/wp\/v2\/posts"}],"about":[{"href":"https:\/\/www.europesays.com\/es\/wp-json\/wp\/v2\/types\/post"}],"author":[{"embeddable":true,"href":"https:\/\/www.europesays.com\/es\/wp-json\/wp\/v2\/users\/2"}],"replies":[{"embeddable":true,"href":"https:\/\/www.europesays.com\/es\/wp-json\/wp\/v2\/comments?post=213016"}],"version-history":[{"count":0,"href":"https:\/\/www.europesays.com\/es\/wp-json\/wp\/v2\/posts\/213016\/revisions"}],"wp:featuredmedia":[{"embeddable":true,"href":"https:\/\/www.europesays.com\/es\/wp-json\/wp\/v2\/media\/213017"}],"wp:attachment":[{"href":"https:\/\/www.europesays.com\/es\/wp-json\/wp\/v2\/media?parent=213016"}],"wp:term":[{"taxonomy":"category","embeddable":true,"href":"https:\/\/www.europesays.com\/es\/wp-json\/wp\/v2\/categories?post=213016"},{"taxonomy":"post_tag","embeddable":true,"href":"https:\/\/www.europesays.com\/es\/wp-json\/wp\/v2\/tags?post=213016"}],"curies":[{"name":"wp","href":"https:\/\/api.w.org\/{rel}","templated":true}]}}