{"id":213020,"date":"2025-11-01T17:29:11","date_gmt":"2025-11-01T17:29:11","guid":{"rendered":"https:\/\/www.europesays.com\/es\/213020\/"},"modified":"2025-11-01T17:29:11","modified_gmt":"2025-11-01T17:29:11","slug":"atletico-de-madrid-sevilla-3-0-resumen-goles-resultado-y-reacciones","status":"publish","type":"post","link":"https:\/\/www.europesays.com\/es\/213020\/","title":{"rendered":"Atl\u00e9tico de Madrid &#8211; Sevilla (3-0): resumen, goles, resultado y reacciones"},"content":{"rendered":"<p>18:21<\/p>\n<p>Sow, en declaraciones a DAZN LaLiga a pie de campo tras el partido<\/p>\n<p class=\"voc-p\"><strong>Valoraci\u00f3n del partido. <\/strong>\u00abCreo que el penalti nos ha matado. Despu\u00e9s nos han hecho f\u00e1cil los goles. No hemos defendido bien al final pero tampoco hemos generado muchas ocasiones. En este tipo de campos tienes que hacer un partido perfecto y no lo hemos hecho\u00bb.  <\/p>\n<p class=\"voc-p\"><strong>\u00bfC\u00f3mo ha visto el penalti?<\/strong> \u00abNo lo he visto en v\u00eddeo, pero creo que ha cre\u00eddo que tocaba el bal\u00f3n antes del jugador. No lo s\u00e9\u00bb. <\/p>\n<p class=\"voc-p\"><strong>\u00bfQu\u00e9 hacer tras tres derrotas seguidas?<\/strong> \u00abTrabajar, es simple. Hay que trabajar m\u00e1s y estar tranquilos porque la temporada es larga. En casa tenemos que ganar\u00bb. <\/p>\n<p>18:12<\/p>\n<p>Min. 90+5 (3-0)<\/p>\n<p class=\"voc-p\">Final del partido. Cae el Sevilla en el Metropolitano. Juli\u00e1n \u00c1lvarez, de penalti, Almada y Griezmann hicieron los tantos del conjunto colchonero ante un Sevilla que baj\u00f3 los brazos desde el 2-0.<\/p>\n<p>18:08<\/p>\n<p>Min. 90 (3-0)<\/p>\n<p class=\"voc-p\"> Se a\u00f1aden cinco minutos.<\/p>\n<p>18:07<\/p>\n<p>Min. 89 (3-0)<\/p>\n<p class=\"voc-p\">\u00a1Gol del Atl\u00e9tico de Madrid! Gol de Griezmann. Ha bajado los brazos el Sevilla y se lleva la goleada del Metropolitano.<\/p>\n<p>18:03<\/p>\n<p>Min. 85 (2-0)<\/p>\n<p class=\"voc-p\">Doble cambio en el Atl\u00e9tico: entran Molina y Raspadori por Juli\u00e1n \u00c1lvarez y Giuliano.<\/p>\n<p>18:00<\/p>\n<p>Min. 83 (2-0)<\/p>\n<p class=\"voc-p\"> \u00a1Uy! Ha fallado Griezmann un uno contra uno incre\u00edble ante Vlachodimos.<\/p>\n<p>17:57<\/p>\n<p>Min. 78 (2-0)<\/p>\n<p class=\"voc-p\">Hubo doble cambio en el Sevilla tras el gol: entraron Ejuke y Alfon por Peque e Isaac.<\/p>\n<p>17:55<\/p>\n<p>Min. 77 (2-0)<\/p>\n<p class=\"voc-p\">\u00a1Gol del Atl\u00e9tico! Marca Almada tras un error en la salida del Sevilla, en un pase de Marcao a Suazo que roba Giuliano y sirve el segundo. Los jugadores del Sevilla piden falta a Suazo.<\/p>\n<p>17:50<\/p>\n<p>Min. 73 (1-0)<\/p>\n<p class=\"voc-p\">Cambio en el Atl\u00e9tico: Griezmann sustituye a Baena.<\/p>\n<p>17:49<\/p>\n<p>Min. 72 (1-0)<\/p>\n<p class=\"voc-p\">\u00a1\u00a1\u00a1Uyyyyyyyy!!! \u00a1Casi marca Gudelj! Parad\u00f3n de Oblak a un fort\u00edsimo chut del serbio.<\/p>\n<p>17:48<\/p>\n<p>Min. 71 (1-0)<\/p>\n<p class=\"voc-p\">Nuevo cambio en el Sevilla: Akor Adams suple a Juanlu. Jugar\u00e1 con dos puntas el equipo de Almeyda.<\/p>\n<p>17:45<\/p>\n<p>Min. 68 (1-0)<\/p>\n<p class=\"voc-p\">Hay doble cambio en el Atl\u00e9tico: entran Almada y Gallagher por Sorloth y Nico Gonz\u00e1lez.<\/p>\n<p>17:41<\/p>\n<p>Min. 64 (1-0)<\/p>\n<p class=\"voc-p\">\u00a1Gol del Atl\u00e9tico de Madrid! Marca Juli\u00e1n \u00c1lvarez desde los once metros. Le adivin\u00f3 el lanzamiento Vlachodimos pero no pudo parar el disparo.<\/p>\n<p>17:39<\/p>\n<p>Min. 62 (0-0)<\/p>\n<p class=\"voc-p\">Hay penalti a favor del Atl\u00e9tico de Madrid por una plancha de Nianzou, que ve la amarilla, a Gim\u00e9nez. La revis\u00f3 Hern\u00e1ndez Maeso en el monitor. <\/p>\n<p>17:37<\/p>\n<p>Min. 60 (0-0)<\/p>\n<p class=\"voc-p\">Se queja el Atl\u00e9tico de un posible penalti a Gim\u00e9nez.<\/p>\n<p>17:36<\/p>\n<p>Min. 59 (0-0)<\/p>\n<p class=\"voc-p\"> Minutos de acoso del Atl\u00e9tico. Se defiende el Sevilla.<\/p>\n<p>17:33<\/p>\n<p>Min. 55 (0-0)<\/p>\n<p class=\"voc-p\"> \u00a1Uy! Centro raso de Sorloth al \u00e1rea peque\u00f1a al que no llega Juli\u00e1n \u00c1lvarez.<\/p>\n<p>17:31<\/p>\n<p>Min. 53 (0-0)<\/p>\n<p class=\"voc-p\">Ve la amarilla Isaac por una falta a Gim\u00e9nez.<\/p>\n<p>17:30<\/p>\n<p>Min. 52 (0-0)<\/p>\n<p class=\"voc-p\"> \u00a1\u00a1\u00a1Uyyyyyyyy!!! Remat\u00f3 de cabeza Isaac y la pelota sali\u00f3 por encima del larguero.<\/p>\n<p>17:30<\/p>\n<p>Min. 51 (0-0)<\/p>\n<p class=\"voc-p\">\u00a1\u00a1\u00a1Uyyyyyyyy!!! Qu\u00e9 mal disparo de Sow en una buena posici\u00f3n tras un saque de esquina. La pelota, con rosca, sali\u00f3 muy desviada.<\/p>\n<p>17:27<\/p>\n<p>Min. 50 (0-0)<\/p>\n<p class=\"voc-p\"> Cabezazo alto de Juli\u00e1n \u00c1lvarez a centro de Sorloth.<\/p>\n<p>17:27<\/p>\n<p>Min. 49 (0-0)<\/p>\n<p class=\"voc-p\">Reclam\u00f3 el Sevilla penalti de Baena a Peque. No se decret\u00f3.<\/p>\n<p>17:25<\/p>\n<p>Min. 48 (0-0)<\/p>\n<p class=\"voc-p\">Ha pasado el Sevilla a defensa de cinco, con Juanlu, Carmona, Nianzou, Marcao y Suazo. Arriba juegan Vargas e Isaac.<\/p>\n<p>17:22<\/p>\n<p>\u00a1\u00a1\u00a1Comienza la segunda parte en el Metropolitano!!! <\/p>\n<p class=\"voc-p\">Se reanuda el partido entre el Atl\u00e9tico de Madrid y el Sevilla FC. Hay doble cambio en el Sevilla: Nianzou y Gudelj entran por Azpilicueta y Mendy.<\/p>\n<p>17:15<\/p>\n<p>Once titular del Sevilla FC en el  Metropolitano<\/p>\n<p class=\"voc-p\">Foto: SFC<\/p>\n<p>17:06<\/p>\n<p>Min. 45+2 (0-0)<\/p>\n<p class=\"voc-p\">Descanso en el Metropolitano. Jugadores a vestuarios. Vlachodimos, el mejor del Sevilla, con varias actuaciones de m\u00e9rito, claves para sostener a su equipo, que produjo muy poco en ataque.<\/p>\n<p>17:04<\/p>\n<p>Min. 45+2 (0-0)<\/p>\n<p class=\"voc-p\"> \u00a1\u00a1\u00a1Uyyyyyyyy!!! Disparo de Vargas que se marcha alto al borde del descanso.<\/p>\n<p>17:03<\/p>\n<p>Min. 45+1 (0-0)<\/p>\n<p class=\"voc-p\">Nico Gonz\u00e1lez reclamaba penalti de Vlachodimos en la jugada siguiente, pero ni el \u00e1rbitro ni el VAR lo han considerado as\u00ed.<\/p>\n<p>17:02<\/p>\n<p>Min. 45 (0-0)<\/p>\n<p class=\"voc-p\">Uy! \u00a1Otro parad\u00f3n de Vlachodimos, esta vez a Nico Gonz\u00e1lez!<\/p>\n<p>16:55<\/p>\n<p>Min. 39 (0-0)<\/p>\n<p class=\"voc-p\">Se duele Marcao, al que Giuliano golpe\u00f3 en la espalda cuando el brasile\u00f1o protegi\u00f3 la pelota para que la blocara Vlachodimos. Se recupera el central sevillista.<\/p>\n<p>16:53<\/p>\n<p>Min. 36 (0-0)<\/p>\n<p class=\"voc-p\"> \u00a1Uy! \u00a1Se salva el Sevilla! Dispar\u00f3 al palo Nico Gonz\u00e1lez.<\/p>\n<p>16:46<\/p>\n<p>Min. 29 (0-0)<\/p>\n<p class=\"voc-p\">\u00a1Uy! \u00a1Parad\u00f3n de Vlachodimos a Sorloth! La jugada ha partido de una salida de bal\u00f3n de Marcao, que dud\u00f3 entre el pase en corto y el vole\u00f3n.<\/p>\n<p>16:40<\/p>\n<p>Min. 24 (0-0)<\/p>\n<p class=\"voc-p\">Disparo alto de Vargas.<\/p>\n<p>16:39<\/p>\n<p>Min. 23 (0-0)<\/p>\n<p class=\"voc-p\"> Larga posesi\u00f3n del Sevilla despu\u00e9s de un rato corriendo tras la pelota. Logra Carmona el saque de esquina.<\/p>\n<p>16:35<\/p>\n<p>Min. 17 (0-0)<\/p>\n<p class=\"voc-p\">Ahora tiene m\u00e1s la pelota el Atl\u00e9tico y la defensa del Sevilla se est\u00e1 hundiendo, cada vez m\u00e1s cerca de Vlachodimos. Otro saque de esquina para el Atl\u00e9tico, que va acumulando opciones.<\/p>\n<p>16:33<\/p>\n<p>Min. 16 (0-0)<\/p>\n<p class=\"voc-p\"> \u00a1Uy! Centro con mucho veneno de Hancko que no cazan ni Sorloth ni Nico Gonz\u00e1lez.<\/p>\n<p>16:30<\/p>\n<p>Min. 14 (0-0)<\/p>\n<p class=\"voc-p\">No presiona muy alto el Atl\u00e9tico y eso le permite al Sevilla mover la pelota, pero lo hace en zonas intrascendentes. Le cuesta mucho avanzar hacia el \u00e1rea rojiblanca.<\/p>\n<p>16:28<\/p>\n<p>Min. 11 (0-0)<\/p>\n<p class=\"voc-p\">Falta de Peque en una maniobra en el \u00e1rea rojiblanca cuando le disputaba el bal\u00f3n a Baena.<\/p>\n<p>16:24<\/p>\n<p>Min. 7 (0-0)<\/p>\n<p class=\"voc-p\">\u00a1Uy! Roza la pelota Gim\u00e9nez en el saque de una falta de Baena y la pelota se pierde por la l\u00ednea de fondo. Ocasi\u00f3n muy peligrosa para el Atl\u00e9tico de Madrid.<\/p>\n<p>16:20<\/p>\n<p>Min. 4 (0-0)<\/p>\n<p class=\"voc-p\">\u00a1\u00a1\u00a1Uyyyyyyyy!!! Buena ocasi\u00f3n del Sevilla, de Isaac. Chut\u00f3 arriba ante la media salida de Oblak.<\/p>\n<p>16:19<\/p>\n<p>Min. 2 (0-0)<\/p>\n<p class=\"voc-p\">De salida, en los primeros compases del choque, tiene m\u00e1s la pelota el Sevilla que el Atl\u00e9tico, aunque sin profundidad.<\/p>\n<p>16:16<\/p>\n<p>\u00a1\u00a1\u00a1Comienza el encuentro en el Metropolitano entre el Atl\u00e9tico de Madrid y el Sevilla FC!!!<\/p>\n<p>16:13<\/p>\n<p>\u00a1\u00a1\u00a1Saltan los protagonistas al terreno de juego!!! <\/p>\n<p class=\"voc-p\">\u00a1\u00a1\u00a1Va a comenzar el encuentro entre el Atl\u00e9tico y el Sevilla!!!\u00a0<\/p>\n<p>16:10<\/p>\n<p>El once del Sevilla FC<\/p>\n<p class=\"voc-p\">Con esta alineaci\u00f3n parte el conjunto nervionense ante el Atl\u00e9tico: Vlachodimos; Carmona, Azpilicueta, Marcao, Suazo; Mendy, Sow; Juanlu, Peque, Vargas; Isaac.<\/p>\n<p>16:10<\/p>\n<p>Mat\u00edas Almeyda, en declaraciones a DAZN LaLiga en la previa del partido<\/p>\n<p class=\"voc-p\"><strong>Reencuentro con Simeone.<\/strong> \u00abEs una alegr\u00eda. Lo quiero mucho como persona y profesional. Lo quiero de verdad. Es un buen tipo y los buenos tipos en f\u00fatbol son pocos\u00bb.<\/p>\n<p class=\"voc-p\"><strong>C\u00f3mo se prepara un partido as\u00ed.<\/strong> \u00abEs dif\u00edcil porque dentro de este tiempo que el Cholo ha estado ac\u00e1 ha ido creciendo mucho como entrenador. Ha ido modificando cosas de aquellas charlas que ten\u00edamos. Se hace un poco dif\u00edcil. Cholo nos ha transmitido esa pasi\u00f3n por el f\u00fatbol a mucho. Yo era antif\u00fatbol, pero \u00e9l nos armaba los equipos con vasos o las botellas. Mucha dedicaci\u00f3n&#8230;. \u00c9l sigue construyendo su carrera. Fueron vivencias muy buenas&#8230; qu\u00e9 r\u00e1pido pasan los a\u00f1os, pero las vivimos, y eso queda para siempre. Una de mis hijas estuvo en el colegio con uno de los hijos de Cholo, que hoy jugar\u00e1. Y al m\u00e1s grande, Giovanni, tuve la suerte de dirigirlo en Banfield. A la familia Simeone le tenemos un cari\u00f1o especial\u00bb. <\/p>\n<p>16:05<\/p>\n<p>El once del Atl\u00e9tico de Madrid<\/p>\n<p class=\"voc-p\">Con esta alineaci\u00f3n parte el conjunto de Simeone ante el Sevilla: Oblak; Llorente, Gim\u00e9nez, Hancko, Ruggeri; Giuliano, Koke, Baena, Nico; Juli\u00e1n \u00c1lvarez, Sorloth. <\/p>\n<p>16:02<\/p>\n<p>Monchi, comentarista de DAZN, en la previa del Atl\u00e9tico de Madrid &#8211; Sevilla<\/p>\n<p class=\"voc-p\"><strong>C\u00f3mo est\u00e1 viendo al Sevilla.<\/strong> \u00abEs un equipo intenso que est\u00e1 sufriendo m\u00e1s cuando tiene que construir. Fuera de casa, como visitante, se siente m\u00e1s c\u00f3modo. En casa s\u00f3lo ha conseguido una victoria. Le est\u00e1 costando desde la construcci\u00f3n y la posesi\u00f3n para generar f\u00fatbol, pero Mat\u00edas ha sido capaz de entender lo que gusta en Sevilla y lo que necesita la plantilla. Quitando estos dos \u00faltimos resultados, creo que ten\u00eda m\u00e1s juego que puntos\u00bb. <\/p>\n<p class=\"voc-p\"><strong>C\u00f3mo es Almeyda. <\/strong>\u00abEl equipo es un reflejo de lo que era Mat\u00edas. Es intenso, agresivo, disciplinado, fuerte. Creo que va a ligar bien con lo que Sevilla quiere, un f\u00fatbol intenso y de sacrificio\u00bb.  <\/p>\n<p>16:00<\/p>\n<p>\u00a1\u00a1\u00a1Quince minutos para el inicio del Atl\u00e9tico &#8211; Sevilla!!!<\/p>\n<p>15:55<\/p>\n<p>El banquillo del Sevilla FC<\/p>\n<p class=\"voc-p\">Estos futbolistas esperar\u00e1n su oportunidad en el partido en el transcurso del partido ante el Atl\u00e9tico: Nyland, Ram\u00f3n Mart\u00ednez, Castr\u00edn, Nianzou, Kike Salas, Oso, Gudelj, Manu Bueno, Alfon, Januzaj, Ejuke y Akor. <\/p>\n<p>15:50<\/p>\n<p>El banquillo del Atl\u00e9tico de Madrid<\/p>\n<p class=\"voc-p\">Estos jugadores esperar\u00e1n su oportunidad durante el partido en el banquillo rojiblanco: Esquivel, Gallagher, Johnny, Griezmann, Almada, Carlos Mart\u00edn, Lenglet, Molina, Le Normand, Pubill, Javi Gal\u00e1n, Raspadori.<\/p>\n<p>15:45<\/p>\n<p>\u00a1\u00a1\u00a1Media hora para el comienzo del partido en el Metropolitano entre el Atl\u00e9tico de Madrid y el Sevilla FC!!!<\/p>\n<p>15:40<\/p>\n<p class=\"voc-p\"><a href=\"https:\/\/www.abc.es\/deportes\/orgullodenervion\/noticias-sevilla-fc\/simeone-sobre-sevilla-almeyda-equipo-juega-era-20251101191436-nts.html\" data-voc-vtm-id=\"in-text-traffic\" target=\"_blank\" rel=\"nofollow noopener\"><br \/>\nSimeone, sobre el Sevilla de Almeyda: \u00abEl equipo juega como era \u00e9l\u00bb<\/a><\/p>\n<p class=\"voc-p\">El <strong>Cholo Simeone<\/strong> atendi\u00f3 ayer a los medios de comunicaci\u00f3n en la rueda de prensa previa al encuentro frente al                                             <a href=\"https:\/\/www.abc.es\/deportes\/orgullodenervion\/noticias-sevilla-fc\/manolo-jimenez-venta-sevilla-vender-compren-sevillistas-20251031152426-nts.html\" data-voc-vtm-id=\"in-text-traffic\" target=\"_blank\" rel=\"nofollow noopener\"><strong>Sevilla FC<\/strong><\/a> de la jornada 11 de LaLiga que se disputa hoy (16.15) en el estadio <strong>Metropolitano<\/strong>. En ella, el t\u00e9cnico argentino valor\u00f3 los posibles candidatos para suplir la baja de <strong>Pablo Barrios<\/strong> en el centro del campo, adem\u00e1s de alabar la labor que est\u00e1 haciendo <strong>Almeyda<\/strong> al frente del <strong>Sevilla<\/strong>.<\/p>\n<p>15:36<\/p>\n<p>Mat\u00edas Almeyda, en declaraciones a los medios del club en la previa del partido<\/p>\n<p class=\"voc-p\"><strong>Sensaciones.<\/strong> \u00abVenimos con muchas ganas y much\u00edsima ilusi\u00f3n, siendo conscientes de que nos enfrentamos a un poderoso\u00bb. <\/p>\n<p class=\"voc-p\"><strong>Mendy y Azpilicueta, titulares.<\/strong> \u00abEntrenaron poco porque la semana fue corta, pero lo ven\u00edan haciendo con los profesionales que est\u00e1n con ellos cuando no estamos nosotros. Esperemos que aguanten\u00bb.  <\/p>\n<p class=\"voc-p\"><strong>Oportunidad para Peque. <\/strong>\u00abLo que me ha gustado de \u00e9l ha sido su actitud, d\u00e1ndole cinco o diez minutos, y en los entrenamientos. Tiene esa energ\u00eda positiva que me gusta ver en los futbolistas. Se vio en el partido del otro d\u00eda y creo que estaba pidiendo esta oportunidad demostr\u00e1ndolo en el terreno de juego y en los entrenamientos. Me defin\u00ed por \u00e9l\u00bb. <\/p>\n<p>15:35<\/p>\n<p class=\"voc-p\"><a href=\"https:\/\/www.abc.es\/deportes\/orgullodenervion\/noticias-sevilla-fc\/francisco-hernandez-maeso-arbitro-atletico-madrid-sevilla-20251101134101-nts.html\" data-voc-vtm-id=\"in-text-traffic\" target=\"_blank\" rel=\"nofollow noopener\"><br \/>\nFrancisco Hern\u00e1ndez Maeso, \u00e1rbitro del Atl\u00e9tico de Madrid &#8211; Sevilla FC<\/a><\/p>\n<p class=\"voc-p\">El <strong>Sevilla FC<\/strong> visitar\u00e1 este s\u00e1bado a partir de las 16:15 horas al <strong>Atl\u00e9tico de Madrid<\/strong>, en el partido correspondiente a la und\u00e9cima jornada de Primera Divisi\u00f3n. Para ello, el Comit\u00e9 T\u00e9cnico de \u00c1rbitros ha designado a<strong> Francisco Jos\u00e9 Hern\u00e1ndez Maeso<\/strong> como \u00e1rbitro principal para dirgir el partido entre colchoneros y sevillistas. En el <strong>VAR<\/strong> estar\u00e1 <strong>Javier Iglesias Villanueva<\/strong>.<\/p>\n<p>15:30<\/p>\n<p class=\"voc-p\"><a href=\"https:\/\/www.abc.es\/deportes\/orgullodenervion\/noticias-sevilla-fc\/alineaciones-probables-atletico-madrid-sevilla-laliga-sports-20251031132520-nts.html\" data-voc-vtm-id=\"in-text-traffic\" target=\"_blank\" rel=\"nofollow noopener\"><br \/>\nAlineaciones del Atl\u00e9tico de Madrid &#8211; Sevilla de LaLiga EA Sports 2025-2026: onces y banquillo de suplentes<\/a><\/p>\n<p class=\"voc-p\">Tras solventar en Toledo la primera eliminatoria de la                                             <a href=\"https:\/\/www.abc.es\/deportes\/orgullodenervion\/noticias-sevilla-fc\/toledo-sevilla-repone-susto-inicial-impone-logica-20251028225459-nts.html\" data-voc-vtm-id=\"in-text-traffic\" target=\"_blank\" rel=\"nofollow noopener\"><strong>Copa del Rey<\/strong><\/a>, el <strong>Sevilla FC<\/strong> vuelve este s\u00e1bado a la realidad de <strong>LaLiga<\/strong>, donde suma dos derrotas seguidas, para afrontar uno de los partidos m\u00e1s dif\u00edciles de la temporada. Los pupilos de Mat\u00edas Almeyda visitan el Riyadh Air Metropolitano en encuentro de la                                             <a href=\"https:\/\/www.laliga.com\/es-GB\/partido\/temporada-2025-2026-laliga-ea-sports-atletico-de-madrid-sevilla-fc-11\" data-voc-vtm-id=\"in-text-traffic\" target=\"_blank\" rel=\"nofollow noopener\"><strong>11\u00aa jornada de LaLiga EA Sports<\/strong><\/a>, para medirse al <strong>Atl\u00e9tico de Madrid<\/strong>, que el lunes subi\u00f3 hasta la cuarta plaza, no ha perdido en su estadio y s\u00f3lo ha ca\u00eddo una vez en la presente campa\u00f1a. A la dificultad del choque y el escenario se une la                                             <a href=\"https:\/\/www.abc.es\/deportes\/orgullodenervion\/noticias-sevilla-fc\/almeyda-atletico-maldicion-sevilla-grandes-campos-20251031145349-nts.html\" data-voc-vtm-id=\"in-text-traffic\" target=\"_blank\" rel=\"nofollow noopener\"><strong>maldici\u00f3n<\/strong><\/a> del Sevilla en los campos de los grandes del f\u00fatbol espa\u00f1ol. Del arbitraje de este partido se encargar\u00e1 <strong>Hern\u00e1ndez Maeso<\/strong>\u00a0con Javier Iglesias Villanueva en el VAR.<\/p>\n<p>15:25<\/p>\n<p>La PREVIA del Atl\u00e9tico de Madrid &#8211; Sevilla<\/p>\n<p class=\"voc-p\"><a href=\"https:\/\/www.abc.es\/deportes\/orgullodenervion\/noticias-sevilla-fc\/atletico-sevilla-almeyda-prueba-ante-simeone-20251101123219-nts.html\" data-voc-vtm-id=\"in-text-traffic\" target=\"_blank\" rel=\"nofollow noopener\"><br \/>\nAlmeyda se prueba ante Simeone<\/a><\/p>\n<p class=\"voc-p\">El t\u00e9cnico sevillista busca dar un golpe de efecto en el dif\u00edcil Metropolitano, midi\u00e9ndose ante su amigo y ex compa\u00f1ero- Azpilicueta, Mendy y Nianzou podr\u00edan tener minutos tras incorporarse esta semana a los entrenamientos<\/p>\n<p>15:15<\/p>\n<p>\u00a1\u00a1\u00a1Apenas una hora para el comienzo del encuentro de la 11\u00aa jornada liguera entre el Atl\u00e9tico de Madrid y el Sevilla FC!!!<\/p>\n<p>15:05<\/p>\n<p class=\"voc-p\"><a href=\"https:\/\/www.abc.es\/deportes\/orgullodenervion\/noticias-sevilla-fc\/empate-sevilla-atletico-domicilio-alcorcon-20251031233421-nts.html\" data-voc-vtm-id=\"in-text-traffic\" target=\"_blank\" rel=\"nofollow noopener\"><br \/>\nEmpate del Sevilla Atl\u00e9tico a domicilio con la AD Alcorc\u00f3n (0-0)<\/a><\/p>\n<p class=\"voc-p\">Segunda jornada consecutiva en la que el <strong>Sevilla Atl\u00e9tico<\/strong> deja su porter\u00eda a cero. El filial dirigido por <strong>Jes\u00fas Galv\u00e1n<\/strong>, que ven\u00eda de ganar cinco d\u00edas antes al H\u00e9rcules por 2-0, ha empatado este viernes con la <strong>AD Alcorc\u00f3n (0-0)<\/strong> en encuentro disputado en el Estadio Municipal de Santo Domingo.<\/p>\n<p>14:59<\/p>\n<p>Alineaci\u00f3n oficial del Sevilla FC<\/p>\n<p class=\"voc-p\">Ya se conocen los once hombres elegidos por Mat\u00edas Almeyda para el duelo con el Atl\u00e9tico de Madrid: Vlachodimos; Carmona, Azpilicueta, Marcao, Suazo; Mendy, Sow; Juanlu, Peque, Vargas; Isaac.<\/p>\n<p>14:57<\/p>\n<p>Alineaci\u00f3n oficial del Atl\u00e9tico de Madrid<\/p>\n<p class=\"voc-p\">Con estos jugadores saldr\u00e1 el conjunto del Cholo Simeone ante el Sevilla: Oblak; Llorente, Gim\u00e9nez, Hancko, Ruggeri; Giuliano, Koke, Baena, Nico; Juli\u00e1n \u00c1lvarez, Sorloth. <\/p>\n<p>14:55<\/p>\n<p class=\"voc-p\"><a href=\"https:\/\/www.abc.es\/deportes\/orgullodenervion\/noticias-sevilla-fc\/cardoso-sufre-asfasfasdf-20251031132115-nts.html\" data-voc-vtm-id=\"in-text-traffic\" target=\"_blank\" rel=\"nofollow noopener\"><br \/>\nCardoso sufre una lesi\u00f3n en el s\u00f3leo de su pierna izquierda<\/a><\/p>\n<p class=\"voc-p\">Fabio Cardoso se unir\u00e1 a la lista de bajas que Mat\u00edas Almeyda tendr\u00e1 para el duelo de la 11\u00aa jornada de LaLiga 25-26 ante el Atl\u00e9tico de Madrid que se disputar\u00e1 ma\u00f1ana s\u00e1bado en el Riyadh Air Metropolitano. El central portugu\u00e9s no se ejercit\u00f3\u00a0este viernes junto al resto de sus compa\u00f1eros en la \u00faltima sesi\u00f3n preparatoria antes de viajar a Madrid y el t\u00e9cnico argentino explic\u00f3 su ausencia en la rueda de prensa previa al encuentro: \u00abSinti\u00f3 una molestia ayer en el entrenamiento y se est\u00e1 viendo m\u00e9dicamente si puedo contar con \u00e9l o no\u00bb, advirti\u00f3 ante los medios de comunicaci\u00f3n.<\/p>\n<p>14:45<\/p>\n<p>As\u00ed fue la rueda de prensa de Mat\u00edas Almeyda previa al Atl\u00e9tico de Madrid &#8211; Sevilla<\/p>\n<p>14:40<\/p>\n<p class=\"voc-p\"><a href=\"https:\/\/www.abc.es\/deportes\/orgullodenervion\/noticias-sevilla-fc\/monchi-ficha-dazn-debuta-sabado-atletico-madrid-20251029182506-nts.html\" data-voc-vtm-id=\"in-text-traffic\" target=\"_blank\" rel=\"nofollow noopener\"><br \/>\nMonchi ficha por DAZN y debuta este s\u00e1bado en el Atl\u00e9tico de Madrid &#8211; Sevilla<\/a><\/p>\n<p class=\"voc-p\">Ram\u00f3n Rodr\u00edguez Verdejo, <strong>Monchi<\/strong>, figura capital en la historia del <strong>Sevilla FC<\/strong> y ahora enfrascado en su aventura como cabeza visible del equipo de su tierra, el San Fernando, sacar\u00e1 tiempo para embarcarse en otro desaf\u00edo profesional: <strong>la televisi\u00f3n<\/strong>. El experimentado gestor deportivo har\u00e1 su debut este fin de semana como comentarista de f\u00fatbol.<\/p>\n<p class=\"voc-p\">En concreto, ficha por la cadena televisiva <strong>DAZN<\/strong>, que ha confirmado la incorporaci\u00f3n del gaditano a su equipo de retransmisiones. Su rol se centrar\u00e1, previsiblemente, en los partidos que dispute el Sevilla FC, comenzando este mismo s\u00e1bado con el esperado <strong>encuentro entre el conjunto de Mat\u00edas Almeyda y el Atl\u00e9tico de Madrid<\/strong>, en el estadio Metropolitano, a las 16.15 horas.<\/p>\n<p>14:30<\/p>\n<p class=\"voc-p\"><a href=\"https:\/\/www.abc.es\/deportes\/orgullodenervion\/noticias-sevilla-fc\/olfato-gol-isaac-romero-cruza-atletico-madrid-20251030132107-nts.html\" data-voc-vtm-id=\"in-text-traffic\" target=\"_blank\" rel=\"nofollow noopener\"><br \/>\nEl olfato de gol de Isaac Romero cuando se cruza con el Atl\u00e9tico de Madrid<\/a><\/p>\n<p class=\"voc-p\"><strong>Isaac Romero, delantero del Sevilla FC<\/strong>, cumplir\u00e1 con la llegada de <strong>2026<\/strong> dos a\u00f1os perteneciendo a la disciplina del primer equipo sevillista. Un tiempo en el que ha podido sentir las mieles del debutante al que todo le sonr\u00ede, con renovaci\u00f3n importante incluida, y el mal sabor de la responsabilidad cuando los resultados globales y el rendimiento individual caen en picado, producto de la dificultad de mantener un nivel siempre de sobresaliente. Ha tenido que aprender el lebrijano que el f\u00fatbol tiene sus momentos y que era imposible hacer un gol en cada ocasi\u00f3n que se le presentase delante del portero rival, despu\u00e9s de ascender al cielo del coraz\u00f3n de los sevillistas, que pensaban que por fin un delantero criado en su cantera pod\u00eda convertirse en uno de esos goleadores extranjeros que tan buen rendimiento han ofrecido por el <strong>S\u00e1nchez-Pizju\u00e1n<\/strong>.<\/p>\n<p>14:25<\/p>\n<p class=\"voc-p\"><a href=\"https:\/\/www.abc.es\/deportes\/orgullodenervion\/noticias-sevilla-fc\/januzaj-reivindica-ante-almeyda-siempre-bajo-criticas-20251029093926-nts.html\" data-voc-vtm-id=\"in-text-traffic\" target=\"_blank\" rel=\"nofollow noopener\"><br \/>\nJanuzaj se reivindica ante Almeyda: \u00abSiempre est\u00e1 bajo cr\u00edticas\u00bb<\/a><\/p>\n<p class=\"voc-p\">La Copa del Rey es un torneo de oportunidades y la misma le lleg\u00f3 a <strong>Adnan Januzaj<\/strong>. Aunque fuera ante un rival de Tercera RFEF como el CD Toledo,                                             <a href=\"https:\/\/www.abc.es\/deportes\/orgullodenervion\/noticias-sevilla-fc\/bloque-cumple-almeyda-saca-pecho-20251029000715-nts.html\" data-voc-vtm-id=\"in-text-traffic\" target=\"_blank\" rel=\"nofollow noopener\"><strong>el extremo belga exhibi\u00f3 su calidad<\/strong><\/a> y ese renovado compromiso que ha convencido a Mat\u00edas Almeyda. Un doblete para estrenarse como goleador en el <strong>Sevilla<\/strong>\u00a0casi 38 meses despu\u00e9s de su fichaje por la entidad de Nervi\u00f3n, donde pas\u00f3 de tener un pie y medio fuera en el verano a aceptar una rebaja de sueldo para conseguir un sitio dentro de la plantilla sevillista.<\/p>\n<p>14:20<\/p>\n<p class=\"voc-p\"><a href=\"https:\/\/www.abc.es\/deportes\/orgullodenervion\/noticias-sevilla-fc\/almeyda-pudo-segundo-entrenador-simeone-iba-dormir-20251030130614-nts.html\" data-voc-vtm-id=\"in-text-traffic\" target=\"_blank\" rel=\"nofollow noopener\"><br \/>\nAlmeyda, al que Simeone quiso como segundo entrenador: historia y an\u00e9cdotas de dos amigos y triunfadores<\/a><\/p>\n<p class=\"voc-p\"><strong>Atl\u00e9tico de Madrid<\/strong> y <strong>Sevilla FC<\/strong> volver\u00e1n a verse las caras este s\u00e1bado a las 16.15 horas en el Metropolitano. Este encuentro ser\u00e1 realmente especial para <strong>Diego Pablo Simeone<\/strong> y <strong>Mat\u00edas Almeyda<\/strong>, quienes compartieron vestuario en la <strong>selecci\u00f3n argentina<\/strong> y en la gran <strong>Lazio<\/strong>\u00a0de Eriksson. Adem\u00e1s de ser compa\u00f1eros, forjaron una gran amistad, que incluso les llev\u00f3 a compartir habitaci\u00f3n durante seis a\u00f1os en las concentraciones de la selecci\u00f3n albiceleste.<\/p>\n<p>14:15<\/p>\n<p> \u00a1\u00a1\u00a1Faltan dos horas para el comienzo del partido en el Metropolitano entre el Atl\u00e9tico y el Sevilla!!!<\/p>\n<p>14:10<\/p>\n<p class=\"voc-p\"><a href=\"https:\/\/www.abc.es\/deportes\/orgullodenervion\/noticias-sevilla-fc\/lopetegui-ano-veo-mal-sevilla-20251031102754-nts.html\" data-voc-vtm-id=\"in-text-traffic\" target=\"_blank\" rel=\"nofollow noopener\"><br \/>\nLopetegui: \u00abEste a\u00f1o no veo mal al Sevilla\u00bb<\/a><\/p>\n<p class=\"voc-p\"><strong>Julen Lopetegui<\/strong> ha conseguido clasificar a la <strong>selecci\u00f3n de Qatar<\/strong> para el <strong>Mundial<\/strong> del pr\u00f3ximo verano de 2026. El t\u00e9cnico vasco ha hecho historia con el combinado ar\u00e1bigo, ya que nunca se hab\u00eda clasificado para este campeonato al haber participado en una ocasi\u00f3n en este torneo en calidad de anfitriona. Con motivo de esta haza\u00f1a, Lopetegui ha sido entrevistado por Marca y tambi\u00e9n ha sido preguntado por su pasado como entrenador del <strong>Sevilla<\/strong>\u00a0y por c\u00f3mo ve el presente del equipo nervionense.<\/p>\n<p>14:05<\/p>\n<p class=\"voc-p\"><a href=\"https:\/\/www.abc.es\/deportes\/orgullodenervion\/noticias-sevilla-fc\/sevilla-iconico-gol-suker-olympiacos-cumple-anos-20251031114557-nts.html\" data-voc-vtm-id=\"in-text-traffic\" target=\"_blank\" rel=\"nofollow noopener\"><br \/>\nSevilla FC: El ic\u00f3nico gol de Suker al Olympiacos cumple 30 a\u00f1os<\/a><\/p>\n<p class=\"voc-p\">Los sevillistas no imaginaban aquel d\u00eda que lo mejor estaba por venir. Que su equipo entrar\u00eda a\u00f1os despu\u00e9s en una \u00e9poca de gloria en la que levantar\u00eda hasta siete t\u00edtulos europeos. Pero en <strong>1995<\/strong> aquello quedaba a\u00fan muy lejos. Para el sevillismo, superar una ronda continental ya era motivo de festejo y alegr\u00eda. Y si era con \u00e9pica remontada, miel sobre hojuelas. Este viernes se cumplen <strong>30 a\u00f1os<\/strong> (31 de octubre de 1995) de uno de esos momentos m\u00e1gicos, inolvidables para el aficionado nervionense.<\/p>\n<p>14:00<\/p>\n<p class=\"voc-p\"><a href=\"https:\/\/www.abc.es\/deportes\/orgullodenervion\/noticias-sevilla-fc\/marcado-acento-sevillista-exito-antoniano-copa-rey-20251031114833-nts.html\" data-voc-vtm-id=\"in-text-traffic\" target=\"_blank\" rel=\"nofollow noopener\"><br \/>\nEl marcado acento sevillista del \u00e9xito del Antoniano en la Copa del Rey<\/a><\/p>\n<p class=\"voc-p\">El <strong>Antoniano<\/strong> hizo historia el jueves en la <strong>Copa del Rey<\/strong>. El equipo de <strong>Lebrija<\/strong>, que compite en <strong>Segunda RFEF<\/strong>, logr\u00f3 eliminar al <strong>Castell\u00f3n (1-0)<\/strong>, de Segunda divisi\u00f3n y disputar\u00e1 la segunda eliminatoria de la prestigiosa competici\u00f3n conociendo cu\u00e1l ser\u00e1 su pr\u00f3ximo rival el pr\u00f3ximo 11 de noviembre teniendo adem\u00e1s opciones de poder medirse al <strong>Sevilla<\/strong> o al <strong>Betis<\/strong>. En caso de medirse al Sevilla, el partido ser\u00e1 muy especial no s\u00f3lo para los lebrijanos sevillistas, si no tambi\u00e9n para distintos componentes de la plantilla del Antoniano.<\/p>\n<p>13:50<\/p>\n<p class=\"voc-p\"><a href=\"https:\/\/www.abc.es\/deportes\/orgullodenervion\/noticias-sevilla-fc\/gonzalez-dans-deja-director-general-sevilla-20251030214040-nts.html\" data-voc-vtm-id=\"in-text-traffic\" target=\"_blank\" rel=\"nofollow noopener\"><br \/>\nGonz\u00e1lez Dans deja de ser el director general del Sevilla FC<\/a><\/p>\n<p class=\"voc-p\">El<strong> Sevilla FC<\/strong> ha anunciado en la noche de este jueves que <strong>Jos\u00e9 Gonz\u00e1lez-Dans<\/strong> deja de ser director general de la entidad nervionense. As\u00ed lo ha dado a conocer de forma oficial en un escueto comunicado y s\u00f3lo un a\u00f1o y tres d\u00edas despu\u00e9s de su llegada a la entidad de Nervi\u00f3n.<\/p>\n<p class=\"voc-p\">El directivo natural de la Coru\u00f1a lleg\u00f3 para sustituir a <strong>Jos\u00e9 Mar\u00eda Cruz<\/strong>\u00a0en el cargo de director general y tras cerrar su vinculaci\u00f3n en el Deportivo de La Coru\u00f1a. Desde el club no han informado de los motivos de esta vinculaci\u00f3n, aunque todo apunta a una reestructuraci\u00f3n de la entidad.<\/p>\n<p>13:15<\/p>\n<p>\u00a1\u00a1\u00a1Restan tres horas para el inicio del choque de la 11\u00aa jornada liguera entre el Atl\u00e9tico y el Sevilla!!!<\/p>\n<p>12:30<\/p>\n<p class=\"voc-p\"><a href=\"https:\/\/www.abc.es\/deportes\/orgullodenervion\/noticias-sevilla-fc\/almeyda-consciente-arrancamos-puede-llegar-equipo-20251031132859-nts.html\" data-voc-vtm-id=\"in-text-traffic\" target=\"_blank\" rel=\"nofollow noopener\"><br \/>\nAlmeyda: \u00abSoy consciente de c\u00f3mo arrancamos y hasta d\u00f3nde puede llegar este equipo\u00bb<\/a><\/p>\n<p class=\"voc-p\"><strong>Mat\u00edas Almeyda<\/strong>, entrenador del <strong>Sevilla<\/strong>, atendi\u00f3 este viernes a los medios de comunicaci\u00f3n antes de que su equipo ponga rumbo a Madrid y se mida al <strong>Atl\u00e9tico de Madrid<\/strong> este s\u00e1bado a partir de las <strong>16.15 horas.<\/strong>\u00a0El t\u00e9cnico argentino\u00a0pretende que su equipo regrese a la senda de las victorias tras acumular dos derrotas consecutivas ante el Mallorca y la Real Sociedad. Sobre esta mala racha de resultados (interrumpida por la victoria en Copa ante el Toledo, reflexion\u00f3 en sala de prensa afirmando que \u00absoy consciente de c\u00f3mo arrancamos y hasta d\u00f3nde puede llegar el equipo este\u00bb.<\/p>\n<p>12:15<\/p>\n<p>\u00a1\u00a1\u00a1Quedan cuatro horas para que ruede el esf\u00e9rico en el Metropolitano entre el Atl\u00e9tico de Madrid y el Sevilla FC!!!<\/p>\n<p>12:00<\/p>\n<p class=\"voc-p\"><a href=\"https:\/\/www.abc.es\/deportes\/orgullodenervion\/noticias-sevilla-fc\/alineaciones-probables-atletico-madrid-sevilla-laliga-sports-20251031132520-nts.html\" data-voc-vtm-id=\"in-text-traffic\" target=\"_blank\" rel=\"nofollow noopener\"><br \/>\nAlineaciones probables del Atl\u00e9tico de Madrid &#8211; Sevilla de LaLiga EA Sports 2025-2026: onces y banquillo de suplentes<\/a><\/p>\n<p class=\"voc-p\">Tras solventar en Toledo la primera eliminatoria de la                                             <a href=\"https:\/\/www.abc.es\/deportes\/orgullodenervion\/noticias-sevilla-fc\/toledo-sevilla-repone-susto-inicial-impone-logica-20251028225459-nts.html\" data-voc-vtm-id=\"in-text-traffic\" target=\"_blank\" rel=\"nofollow noopener\"><strong>Copa del Rey<\/strong><\/a>, el <strong>Sevilla FC<\/strong> vuelve este s\u00e1bado a la realidad de <strong>LaLiga<\/strong>, donde suma dos derrotas seguidas, para afrontar uno de los partidos m\u00e1s dif\u00edciles de la temporada. Los pupilos de Mat\u00edas Almeyda visitan el Riyadh Air Metropolitano en encuentro de la                                             <a href=\"https:\/\/www.laliga.com\/es-GB\/partido\/temporada-2025-2026-laliga-ea-sports-atletico-de-madrid-sevilla-fc-11\" data-voc-vtm-id=\"in-text-traffic\" target=\"_blank\" rel=\"nofollow noopener\"><strong>11\u00aa jornada de LaLiga EA Sports<\/strong><\/a>, para medirse al <strong>Atl\u00e9tico de Madrid<\/strong>, que el lunes subi\u00f3 hasta la cuarta plaza, no ha perdido en su estadio y s\u00f3lo ha ca\u00eddo una vez en la presente campa\u00f1a. A la dificultad del choque y el escenario se une la                                             <a href=\"https:\/\/www.abc.es\/deportes\/orgullodenervion\/noticias-sevilla-fc\/almeyda-atletico-maldicion-sevilla-grandes-campos-20251031145349-nts.html\" data-voc-vtm-id=\"in-text-traffic\" target=\"_blank\" rel=\"nofollow noopener\"><strong>maldici\u00f3n<\/strong><\/a> del Sevilla en los campos de los grandes del f\u00fatbol espa\u00f1ol. Del arbitraje de este partido se encargar\u00e1 <strong>Hern\u00e1ndez Maeso<\/strong>\u00a0con Javier Iglesias Villanueva en el VAR.<\/p>\n","protected":false},"excerpt":{"rendered":"18:21 Sow, en declaraciones a DAZN LaLiga a pie de campo tras el partido Valoraci\u00f3n del partido. \u00abCreo&hellip;\n","protected":false},"author":2,"featured_media":213021,"comment_status":"","ping_status":"","sticky":false,"template":"","format":"standard","meta":{"footnotes":""},"categories":[93],"tags":[1517,168,2125,25,24,1458,315,288,205,1045,1171,23,167,1885,1852],"class_list":{"0":"post-213020","1":"post","2":"type-post","3":"status-publish","4":"format-standard","5":"has-post-thumbnail","7":"category-deportes","8":"tag-atletico","9":"tag-deportes","10":"tag-directo","11":"tag-es","12":"tag-espana","13":"tag-hora","14":"tag-hoy","15":"tag-laliga","16":"tag-madrid","17":"tag-partido","18":"tag-sevilla","19":"tag-spain","20":"tag-sports","21":"tag-ultima","22":"tag-vivo"},"share_on_mastodon":{"url":"https:\/\/pubeurope.com\/@es\/115475629053937917","error":""},"_links":{"self":[{"href":"https:\/\/www.europesays.com\/es\/wp-json\/wp\/v2\/posts\/213020","targetHints":{"allow":["GET"]}}],"collection":[{"href":"https:\/\/www.europesays.com\/es\/wp-json\/wp\/v2\/posts"}],"about":[{"href":"https:\/\/www.europesays.com\/es\/wp-json\/wp\/v2\/types\/post"}],"author":[{"embeddable":true,"href":"https:\/\/www.europesays.com\/es\/wp-json\/wp\/v2\/users\/2"}],"replies":[{"embeddable":true,"href":"https:\/\/www.europesays.com\/es\/wp-json\/wp\/v2\/comments?post=213020"}],"version-history":[{"count":0,"href":"https:\/\/www.europesays.com\/es\/wp-json\/wp\/v2\/posts\/213020\/revisions"}],"wp:featuredmedia":[{"embeddable":true,"href":"https:\/\/www.europesays.com\/es\/wp-json\/wp\/v2\/media\/213021"}],"wp:attachment":[{"href":"https:\/\/www.europesays.com\/es\/wp-json\/wp\/v2\/media?parent=213020"}],"wp:term":[{"taxonomy":"category","embeddable":true,"href":"https:\/\/www.europesays.com\/es\/wp-json\/wp\/v2\/categories?post=213020"},{"taxonomy":"post_tag","embeddable":true,"href":"https:\/\/www.europesays.com\/es\/wp-json\/wp\/v2\/tags?post=213020"}],"curies":[{"name":"wp","href":"https:\/\/api.w.org\/{rel}","templated":true}]}}