{"id":213059,"date":"2025-11-01T17:56:10","date_gmt":"2025-11-01T17:56:10","guid":{"rendered":"https:\/\/www.europesays.com\/es\/213059\/"},"modified":"2025-11-01T17:56:10","modified_gmt":"2025-11-01T17:56:10","slug":"esta-sera-la-subida-de-las-pensiones-maxima-y-minima-en-2026","status":"publish","type":"post","link":"https:\/\/www.europesays.com\/es\/213059\/","title":{"rendered":"esta ser\u00e1 la subida de las pensiones m\u00e1xima y m\u00ednima en 2026"},"content":{"rendered":"<p class=\"ft-text\">El pr\u00f3ximo a\u00f1o traer\u00e1 una buena noticia para millones de jubilados en <strong>Espa\u00f1a<\/strong>. Seg\u00fan las estimaciones actuales, las pensiones p\u00fablicas volver\u00e1n a revalorizarse en 2026 para mantener su poder adquisitivo frente a la inflaci\u00f3n.<\/p>\n<p class=\"ft-text\">Diversos c\u00e1lculos apuntan a que el <strong>\u00cdndice de Precios al Consumo (IPC)<\/strong> <strong>interanual <\/strong>se situar\u00e1 alrededor del <strong>2,6%<\/strong>, lo que implicar\u00e1 un aumento autom\u00e1tico de las pensiones conforme a la ley vigente. Este incremento se aplicar\u00e1 a todas las prestaciones del sistema, tanto contributivas como no contributivas.<\/p>\n<p>Las pensiones se revalorizar\u00e1n en torno al 2,6% en 2026<\/p>\n<p class=\"ft-text\">Con esta subida, la <strong>pensi\u00f3n media de jubilaci\u00f3n<\/strong> pasar\u00eda de los actuales <strong>1.506 euros mensuales a unos 1.544 euros<\/strong>, lo que supone una mejora de aproximadamente <strong>38 euros<\/strong> al mes. No es una gran cantidad, pero representa un alivio importante para muchos hogares que dependen de estos ingresos.<\/p>\n<p class=\"ft-text\">Las <strong>pensiones m\u00e1ximas<\/strong> del sistema tambi\u00e9n experimentar\u00e1n un ligero repunte, ligeramente por encima del IPC general, con un incremento estimado del <strong>2,7%<\/strong>. As\u00ed, la pensi\u00f3n tope podr\u00eda situarse en torno a <strong>3.355 euros mensuales<\/strong>, frente a los 3.267 euros actuales, lo que equivaldr\u00eda a cerca de <strong>47.000 euros al a\u00f1o en 14 pagas<\/strong>.<\/p>\n<p class=\"ft-text\">En cuanto a las <strong>pensiones m\u00ednimas<\/strong>, el aumento ser\u00e1 algo mayor para compensar la p\u00e9rdida de poder adquisitivo de los \u00faltimos a\u00f1os. Las prestaciones m\u00e1s bajas sin c\u00f3nyuge a cargo podr\u00edan alcanzar los <strong>897 euros mensuales<\/strong>, mientras que las que incluyen c\u00f3nyuge a cargo subir\u00edan hasta los <strong>1.158 euros al mes<\/strong>. En el caso de las pensiones no contributivas y de viudedad, tambi\u00e9n se espera un ajuste por encima de la inflaci\u00f3n media.<\/p>\n<p>La edad de jubilaci\u00f3n seguir\u00e1 aumentando de forma progresiva y los trabajadores podr\u00e1n elegir entre dos f\u00f3rmulas para calcular su pensi\u00f3n<\/p>\n<p class=\"ft-text\">Adem\u00e1s de la revalorizaci\u00f3n, <strong>2026 traer\u00e1 nuevos cambios en la edad de jubilaci\u00f3n<\/strong>. Los trabajadores podr\u00e1n retirarse a los 65 a\u00f1os si han cotizado al menos <strong>38 a\u00f1os y tres meses<\/strong>. Quienes no alcancen ese tiempo de cotizaci\u00f3n deber\u00e1n esperar hasta los <strong>66 a\u00f1os y diez meses<\/strong>.<\/p>\n<p class=\"ft-text\">El sistema de pensiones seguir\u00e1 evolucionando con la reforma que ampl\u00eda la base reguladora para el c\u00e1lculo de la prestaci\u00f3n. A partir de 2026, cada trabajador podr\u00e1 elegir entre dos f\u00f3rmulas: la actual, que considera los <strong>\u00faltimos 25 a\u00f1os cotizados<\/strong>, o una nueva opci\u00f3n que permitir\u00e1 calcular la pensi\u00f3n con los <strong>\u00faltimos 29 a\u00f1os<\/strong>, pudiendo excluir los dos peores ejercicios de cotizaci\u00f3n. Esta medida busca ofrecer m\u00e1s flexibilidad y justicia en el c\u00e1lculo de la cuant\u00eda final.<\/p>\n<p class=\"ft-text\">En definitiva, 2026 se perfila como un a\u00f1o de <strong>ajustes positivos para los pensionistas<\/strong>, tanto por la subida generalizada de las cuant\u00edas como por las mejoras en el sistema de c\u00e1lculo. Un paso m\u00e1s en la b\u00fasqueda de un modelo sostenible que garantice el bienestar de los actuales y futuros jubilados.<\/p>\n","protected":false},"excerpt":{"rendered":"El pr\u00f3ximo a\u00f1o traer\u00e1 una buena noticia para millones de jubilados en Espa\u00f1a. Seg\u00fan las estimaciones actuales, las&hellip;\n","protected":false},"author":2,"featured_media":213060,"comment_status":"","ping_status":"","sticky":false,"template":"","format":"standard","meta":{"footnotes":""},"categories":[80],"tags":[2605,82,95,94,25,24,2313,11986,4724,10,523,23],"class_list":{"0":"post-213059","1":"post","2":"type-post","3":"status-publish","4":"format-standard","5":"has-post-thumbnail","7":"category-economia","8":"tag-buenas","9":"tag-business","10":"tag-economia","11":"tag-economy","12":"tag-es","13":"tag-espana","14":"tag-fuera-de-juego","15":"tag-jubilados","16":"tag-millones","17":"tag-noticias","18":"tag-sera","19":"tag-spain"},"share_on_mastodon":{"url":"https:\/\/pubeurope.com\/@es\/115475735114886886","error":""},"_links":{"self":[{"href":"https:\/\/www.europesays.com\/es\/wp-json\/wp\/v2\/posts\/213059","targetHints":{"allow":["GET"]}}],"collection":[{"href":"https:\/\/www.europesays.com\/es\/wp-json\/wp\/v2\/posts"}],"about":[{"href":"https:\/\/www.europesays.com\/es\/wp-json\/wp\/v2\/types\/post"}],"author":[{"embeddable":true,"href":"https:\/\/www.europesays.com\/es\/wp-json\/wp\/v2\/users\/2"}],"replies":[{"embeddable":true,"href":"https:\/\/www.europesays.com\/es\/wp-json\/wp\/v2\/comments?post=213059"}],"version-history":[{"count":0,"href":"https:\/\/www.europesays.com\/es\/wp-json\/wp\/v2\/posts\/213059\/revisions"}],"wp:featuredmedia":[{"embeddable":true,"href":"https:\/\/www.europesays.com\/es\/wp-json\/wp\/v2\/media\/213060"}],"wp:attachment":[{"href":"https:\/\/www.europesays.com\/es\/wp-json\/wp\/v2\/media?parent=213059"}],"wp:term":[{"taxonomy":"category","embeddable":true,"href":"https:\/\/www.europesays.com\/es\/wp-json\/wp\/v2\/categories?post=213059"},{"taxonomy":"post_tag","embeddable":true,"href":"https:\/\/www.europesays.com\/es\/wp-json\/wp\/v2\/tags?post=213059"}],"curies":[{"name":"wp","href":"https:\/\/api.w.org\/{rel}","templated":true}]}}