{"id":213061,"date":"2025-11-01T17:57:10","date_gmt":"2025-11-01T17:57:10","guid":{"rendered":"https:\/\/www.europesays.com\/es\/213061\/"},"modified":"2025-11-01T17:57:10","modified_gmt":"2025-11-01T17:57:10","slug":"primer-ministro-de-canada-dice-que-le-pidio-disculpas-a-trump-por-haber-criticado-sus-aranceles-en-tv-internacional","status":"publish","type":"post","link":"https:\/\/www.europesays.com\/es\/213061\/","title":{"rendered":"Primer ministro de Canad\u00e1 dice que le pidi\u00f3 disculpas a Trump por haber criticado sus aranceles en TV | Internacional"},"content":{"rendered":"<p>El primer ministro de Canad\u00e1, Mark Carney, dijo este s\u00e1bado que <strong>pidi\u00f3 disculpas al presidente estadounidense, Donald Trump<\/strong>, por un anuncio televisivo contra las tarifas de Estados Unidos que irrit\u00f3 al republicano y le movi\u00f3 a imponer aranceles adicionales del 10% a Ottawa.<\/p>\n<p>\u201cPed\u00ed disculpas al presidente (Trump), el presidente se sinti\u00f3 ofendido por el anuncio y no es algo que yo hubiera hecho, crear ese anuncio\u201d, dijo Carney en una rueda de prensa en la ciudad surcoreana de Gyeongju, que acogi\u00f3 la cumbre del <a href=\"https:\/\/www.apec.org\/\" rel=\"noopener nofollow\" target=\"_blank\">Foro de Cooperaci\u00f3n Econ\u00f3mica Asia-Pac\u00edfico (APEC)<\/a>.<\/p>\n<p>El mandatario canadiense afirm\u00f3 que su pa\u00eds est\u00e1 dispuesto a reanudar las negociaciones \u201ccuando los estadounidenses est\u00e9n listos\u201d.<\/p>\n<p>Tensi\u00f3n entre Canad\u00e1 y EEUU por aranceles de Trump<\/p>\n<p>El \u00faltimo roce entre ambos pa\u00edses vecinos tuvo lugar cuando la semana pasada Trump anunci\u00f3 un <strong>arancel adicional del 10% a Canad\u00e1<\/strong>, en represalia por un anuncio televisivo promovido por el Gobierno de la provincia de Ontario que utilizaba declaraciones del expresidente de EE.UU. Ronald Reagan en contra de los aranceles.<\/p>\n<p>En marzo, la Administraci\u00f3n Trump impuso aranceles del 25% a la mayor\u00eda de las importaciones procedentes de Canad\u00e1, que incluyen al acero, al aluminio y a varios productos del sector automotor.<\/p>\n<p>Canad\u00e1 est\u00e1 tratando de reducir su dependencia econ\u00f3mica de Washington, que <strong>absorbe el 75% de sus exportaciones<\/strong>. Carney y el presidente de China, Xi Jinping, se reunieron el viernes para retomar su di\u00e1logo econ\u00f3mico en los m\u00e1rgenes del APEC.<\/p>\n<p>Trump, que se reuni\u00f3 el jueves con Xi en Busan y parti\u00f3 de vuelta a Washington ese mismo d\u00eda, lleg\u00f3 a decir que no viaj\u00f3 a Corea del Sur para ver a Canad\u00e1 y protagoniz\u00f3 una fr\u00eda interacci\u00f3n con Carney al inicio de una cena de l\u00edderes del foro. Luego, no obstante, dijo que tuvieron una \u201cbuena conversaci\u00f3n\u201d.<\/p>\n","protected":false},"excerpt":{"rendered":"El primer ministro de Canad\u00e1, Mark Carney, dijo este s\u00e1bado que pidi\u00f3 disculpas al presidente estadounidense, Donald Trump,&hellip;\n","protected":false},"author":2,"featured_media":213062,"comment_status":"","ping_status":"","sticky":false,"template":"","format":"standard","meta":{"footnotes":""},"categories":[42],"tags":[56645,4135,17,18,3730,57438,10804,352,115,629,5855,13,14,11,61,62,63,64,19,20,28105,22027,9,10,15,16,12,21,22,65,66,67],"class_list":{"0":"post-213061","1":"post","2":"type-post","3":"status-publish","4":"format-standard","5":"has-post-thumbnail","7":"category-internacional","8":"tag-apec","9":"tag-aranceles","10":"tag-breaking-news","11":"tag-breakingnews","12":"tag-canada","13":"tag-cumbre-apec","14":"tag-disculpas","15":"tag-donald-trump","16":"tag-eeuu","17":"tag-estados-unidos","18":"tag-exportaciones","19":"tag-featured-news","20":"tag-featurednews","21":"tag-headlines","22":"tag-internacional","23":"tag-international","24":"tag-international-news","25":"tag-internationalnews","26":"tag-latest-news","27":"tag-latestnews","28":"tag-mark-carney","29":"tag-negociaciones","30":"tag-news","31":"tag-noticias","32":"tag-noticias-destacadas","33":"tag-noticiasdestacadas","34":"tag-titulares","35":"tag-ultimas-noticias","36":"tag-ultimasnoticias","37":"tag-world","38":"tag-world-news","39":"tag-worldnews"},"share_on_mastodon":{"url":"","error":"Validation failed: Text character limit of 500 exceeded"},"_links":{"self":[{"href":"https:\/\/www.europesays.com\/es\/wp-json\/wp\/v2\/posts\/213061","targetHints":{"allow":["GET"]}}],"collection":[{"href":"https:\/\/www.europesays.com\/es\/wp-json\/wp\/v2\/posts"}],"about":[{"href":"https:\/\/www.europesays.com\/es\/wp-json\/wp\/v2\/types\/post"}],"author":[{"embeddable":true,"href":"https:\/\/www.europesays.com\/es\/wp-json\/wp\/v2\/users\/2"}],"replies":[{"embeddable":true,"href":"https:\/\/www.europesays.com\/es\/wp-json\/wp\/v2\/comments?post=213061"}],"version-history":[{"count":0,"href":"https:\/\/www.europesays.com\/es\/wp-json\/wp\/v2\/posts\/213061\/revisions"}],"wp:featuredmedia":[{"embeddable":true,"href":"https:\/\/www.europesays.com\/es\/wp-json\/wp\/v2\/media\/213062"}],"wp:attachment":[{"href":"https:\/\/www.europesays.com\/es\/wp-json\/wp\/v2\/media?parent=213061"}],"wp:term":[{"taxonomy":"category","embeddable":true,"href":"https:\/\/www.europesays.com\/es\/wp-json\/wp\/v2\/categories?post=213061"},{"taxonomy":"post_tag","embeddable":true,"href":"https:\/\/www.europesays.com\/es\/wp-json\/wp\/v2\/tags?post=213061"}],"curies":[{"name":"wp","href":"https:\/\/api.w.org\/{rel}","templated":true}]}}