{"id":213063,"date":"2025-11-01T17:58:09","date_gmt":"2025-11-01T17:58:09","guid":{"rendered":"https:\/\/www.europesays.com\/es\/213063\/"},"modified":"2025-11-01T17:58:09","modified_gmt":"2025-11-01T17:58:09","slug":"el-pp-valenciano-apoya-a-vicent-mompo-como-sustituto-de-mazon-al-frente-del-partido","status":"publish","type":"post","link":"https:\/\/www.europesays.com\/es\/213063\/","title":{"rendered":"El PP valenciano apoya a Vicent Momp\u00f3 como sustituto de Maz\u00f3n al frente del partido"},"content":{"rendered":"<p>Los principales dirigentes del <strong>Partido Popular<\/strong> de la Comunitat Valenciana apoyan de forma un\u00e1nime al presidente de la Diputaci\u00f3n de Valencia,<strong> Vicent Momp\u00f3<\/strong>, como figura de consenso al frente del partido en sustituci\u00f3n del actual presidente de la Generalitat <strong>Carlos Maz\u00f3n<\/strong>.<\/p>\n<p>As\u00ed se lo han transmitido a la Agencia EFE este s\u00e1bado fuentes de la formaci\u00f3n pol\u00edtica, que aseguran que los dirigentes regionales del PP en Valencia ya han trasladado a la direcci\u00f3n nacional del partido en Madrid su apoyo a Momp\u00f3. La decisi\u00f3n se ha tomado tras abrir un debate interno sobre la complicada situaci\u00f3n que atraviesa el partido despu\u00e9s de las \u00faltimas informaciones sobre la gesti\u00f3n de la <strong>DANA <\/strong>por parte de Maz\u00f3n.<\/p>\n<p>Este viernes en Alicante se reunieron el secretario general del PPCV, <strong>Juanfran P\u00e9rez Llorca<\/strong>, y los tres presidentes provinciales del partido, a su vez presidentes de las diputaciones provinciales, <strong>Vicent Momp\u00f3<\/strong> (Valencia),<strong> Marta Barrachina<\/strong> (Castell\u00f3n) y <strong>Toni P\u00e9rez<\/strong> (Alicante), para tratar sobre los pasos que pueden darse en estos momentos.<\/p>\n<p>            <a class=\"articulo-relacionado__media\" href=\"https:\/\/www.elindependiente.com\/espana\/2025\/11\/01\/las-presiones-familiares-que-pueden-empujar-a-mazon-a-tirar-la-toalla\/\" title=\"Las presiones familiares que pueden empujar a Maz\u00f3n a tirar la toalla\" rel=\"nofollow noopener\" target=\"_blank\"><\/p>\n<p>                <img loading=\"lazy\" decoding=\"async\" src=\"data:image\/svg+xml,%3Csvg%20xmlns=\" http:=\"\" width=\"390\" height=\"220\" alt=\"Las presiones familiares que pueden empujar a Maz\u00f3n a tirar la toalla\" data-lazy-src=\"https:\/\/www.europesays.com\/es\/wp-content\/uploads\/2025\/11\/mazon-familia-dana-pp-390x220.jpg\"\/><\/p>\n<p>\t\t\t            <\/a><\/p>\n<p>De esa reuni\u00f3n sali\u00f3 un nombre de consenso, el de Momp\u00f3, con el respaldo de las tres provincias, en caso de que se produjese alg\u00fan cambio respecto a la situaci\u00f3n de Maz\u00f3n despu\u00e9s de la semana en la que recibi\u00f3 abucheos en el funeral de Estado por las <strong>229 v\u00edctimas<\/strong> de la DANA en el primer aniversario de la tragedia. Al d\u00eda siguiente, Maz\u00f3n dijo que har\u00e1 \u00abuna reflexi\u00f3n algo m\u00e1s profunda\u00bb sobre lo que signific\u00f3 esa jornada.<\/p>\n<p>La situaci\u00f3n empieza a ser complicada para el partido, seg\u00fan las fuentes del PPCV consultadas, no solo a nivel provincial, tambi\u00e9n por la preocupaci\u00f3n entre alcaldes y concejales, y el debate interno debe existir por salud democr\u00e1tica y por responsabilidad, apuntan. En la reuni\u00f3n de ayer en Alicante se habl\u00f3 sobre seguir trabajando en la reconstrucci\u00f3n y en buscar una soluci\u00f3n \u00abadecuada\u00bb para la presidencia del PPCV que <a href=\"https:\/\/www.elindependiente.com\/espana\/2025\/10\/31\/juez-dana-periodista-comio-mazon-ticket-parking\/\" rel=\"nofollow noopener\" target=\"_blank\">ahora recae en manos de Maz\u00f3n<\/a> y para los valencianos, en caso de que se produjese alg\u00fan cambio respecto a la situaci\u00f3n de este.<\/p>\n<p>Esa soluci\u00f3n se enfoca en el presidente de la Diputaci\u00f3n de Valencia, que cuenta con el respaldo un\u00e1nime de las tres provincias, y as\u00ed se lo han hecho saber a la direcci\u00f3n nacional del partido, sin que por el momento Maz\u00f3n haya anunciado ninguna decisi\u00f3n. Desde Alicante, P\u00e9rez ha afirmado que el president sigue teniendo en su mano la decisi\u00f3n de lo que quiera hacer y ha recordado que esta semana tiene una comparecencia prevista para la remodelaci\u00f3n del Consell.<\/p>\n<p>Asimismo, P\u00e9rez ha declarado, preguntado si ver\u00eda conveniente que Maz\u00f3n diera un paso m\u00e1s, que siempre ha cre\u00eddo que tiene \u00abtoda la capacidad\u00bb para tomar las decisiones que estime oportunas, y ya anunci\u00f3 una comparecencia esta semana que entra, seg\u00fan ha reiterado. Ha sido una semana complicada para Maz\u00f3n y \u00abpara todos\u00bb y \u00abestamos viviendo momentos dif\u00edciles desde hace tiempo\u00bb, desde \u00ablos primeros compases de la riada\u00bb, ha manifestado, quien insiste en que lo importante es la \u00abfortaleza y unidad\u00bb del PP y cada momento se aborda \u00aben base a la realidad\u00bb, no a hip\u00f3tesis.<\/p>\n<p>El papel de Maz\u00f3n en la DANA<\/p>\n<p>Ayer viernes se conocieron las nuevas declaraciones de la exconsejera de Interior <strong>Salom\u00e9 Pradas <\/strong>asegurando que inform\u00f3 de todo a Maz\u00f3n el d\u00eda de la DANA, incluido el env\u00edo del mensaje Es_Alert a los m\u00f3viles, y las de la portavoz del PP en el Congreso, <strong>Ester Mu\u00f1oz<\/strong>, que dej\u00f3 en manos de Maz\u00f3n su posible decisi\u00f3n de dimitir tras los abucheos en el funeral.<\/p>\n<p>Y este lunes est\u00e1 citada a declarar como testigo en el juzgado de Catarroja que investiga la causa de la dana la periodista <strong>Maribel Vilaplana<\/strong>, que comi\u00f3 con Maz\u00f3n el d\u00eda 29 de octubre de 2024, a la que la jueza ha pedido que aporte el tique de entrada y salida del aparcamiento al que el president la acompa\u00f1\u00f3 tras esa comida.<\/p>\n<p>La declaraci\u00f3n de la periodista iniciar\u00e1 una semana en la que, seg\u00fan anunci\u00f3 Maz\u00f3n el pasado 12 de septiembre, se llevar\u00e1 a cabo una nueva remodelaci\u00f3n de su Consell el mi\u00e9rcoles tras la salida del actual vicepresidente segundo y conseller para la Recuperaci\u00f3n tras la DANA, <strong>Francisco Jos\u00e9 Gan Pampols<\/strong>.<\/p>\n<p>            <a class=\"articulo-relacionado__media\" href=\"https:\/\/www.elindependiente.com\/espana\/2025\/10\/23\/comida-mazon-vilaplana-ventorro-causa-dana\/\" title=\"La comida de Maz\u00f3n con Vilaplana en El Ventorro entra de lleno en la causa de la DANA\" rel=\"nofollow noopener\" target=\"_blank\"><\/p>\n<p>                <img loading=\"lazy\" decoding=\"async\" src=\"data:image\/svg+xml,%3Csvg%20xmlns=\" http:=\"\" width=\"390\" height=\"220\" alt=\"La comida de Maz\u00f3n con Vilaplana en El Ventorro entra de lleno en la causa de la DANA\" data-lazy-src=\"https:\/\/www.europesays.com\/es\/wp-content\/uploads\/2025\/11\/europapress-7048495-president-generalitat-carlos-mazon-asiste-presentacion-proyecto-educativo-390x22.jpeg\"\/><\/p>\n<p>\t\t\t            <\/a><\/p>\n<p>PUBLICIDAD<\/p>\n","protected":false},"excerpt":{"rendered":"Los principales dirigentes del Partido Popular de la Comunitat Valenciana apoyan de forma un\u00e1nime al presidente de la&hellip;\n","protected":false},"author":2,"featured_media":213064,"comment_status":"","ping_status":"","sticky":false,"template":"","format":"standard","meta":{"footnotes":""},"categories":[8],"tags":[17,18,2007,242,25,24,13,14,11,19,20,9,10,15,16,6066,19218,23,12,21,22],"class_list":{"0":"post-213063","1":"post","2":"type-post","3":"status-publish","4":"format-standard","5":"has-post-thumbnail","7":"category-espana","8":"tag-breaking-news","9":"tag-breakingnews","10":"tag-carlos-mazon","11":"tag-comunidad-valenciana","12":"tag-es","13":"tag-espana","14":"tag-featured-news","15":"tag-featurednews","16":"tag-headlines","17":"tag-latest-news","18":"tag-latestnews","19":"tag-news","20":"tag-noticias","21":"tag-noticias-destacadas","22":"tag-noticiasdestacadas","23":"tag-partido-popular-pp","24":"tag-redaccion","25":"tag-spain","26":"tag-titulares","27":"tag-ultimas-noticias","28":"tag-ultimasnoticias"},"share_on_mastodon":{"url":"https:\/\/pubeurope.com\/@es\/115475743101349977","error":""},"_links":{"self":[{"href":"https:\/\/www.europesays.com\/es\/wp-json\/wp\/v2\/posts\/213063","targetHints":{"allow":["GET"]}}],"collection":[{"href":"https:\/\/www.europesays.com\/es\/wp-json\/wp\/v2\/posts"}],"about":[{"href":"https:\/\/www.europesays.com\/es\/wp-json\/wp\/v2\/types\/post"}],"author":[{"embeddable":true,"href":"https:\/\/www.europesays.com\/es\/wp-json\/wp\/v2\/users\/2"}],"replies":[{"embeddable":true,"href":"https:\/\/www.europesays.com\/es\/wp-json\/wp\/v2\/comments?post=213063"}],"version-history":[{"count":0,"href":"https:\/\/www.europesays.com\/es\/wp-json\/wp\/v2\/posts\/213063\/revisions"}],"wp:featuredmedia":[{"embeddable":true,"href":"https:\/\/www.europesays.com\/es\/wp-json\/wp\/v2\/media\/213064"}],"wp:attachment":[{"href":"https:\/\/www.europesays.com\/es\/wp-json\/wp\/v2\/media?parent=213063"}],"wp:term":[{"taxonomy":"category","embeddable":true,"href":"https:\/\/www.europesays.com\/es\/wp-json\/wp\/v2\/categories?post=213063"},{"taxonomy":"post_tag","embeddable":true,"href":"https:\/\/www.europesays.com\/es\/wp-json\/wp\/v2\/tags?post=213063"}],"curies":[{"name":"wp","href":"https:\/\/api.w.org\/{rel}","templated":true}]}}