{"id":213087,"date":"2025-11-01T18:17:18","date_gmt":"2025-11-01T18:17:18","guid":{"rendered":"https:\/\/www.europesays.com\/es\/213087\/"},"modified":"2025-11-01T18:17:18","modified_gmt":"2025-11-01T18:17:18","slug":"la-promesa-avance-semanal-del-3-al-7-de-noviembre-en-tve-una-escapada-con-una-tragica-sorpresa-diez-minutos","status":"publish","type":"post","link":"https:\/\/www.europesays.com\/es\/213087\/","title":{"rendered":"&#039;La Promesa&#039;, avance semanal del 3 al 7 de noviembre en TVE: Una escapada con una tr\u00e1gica sorpresa &#8211; Diez Minutos"},"content":{"rendered":"<ol>\n<li><a href=\"https:\/\/news.google.com\/rss\/articles\/CBMiyAFBVV95cUxNak4wNGJhSUI5Qk1WQWNCVENERU1KSG9RaXJiNHFRcG5CNDdXNXY4RG82dFNBSjRFSW1hM1pQY2dDUEFDTkdULUdUYnZSQWdlSXZpX1l1dHd6aFNtYzVBdHJyeGNFa2RGNXc1X0dUcXk4dl9FWTc0cGVscEtYclNPOElpdmV6VW92LTN6Z2djVlh5TVc0TmNPc3plYjR3Z3VrbE1XZldJS1N3bnM3WENkYzNfbzhqOE5BU1JyWDBMZFJDQ1hzRWFoMw?oc=5\" target=\"_blank\" rel=\"nofollow noopener\">&#8216;La Promesa&#8217;, avance semanal del 3 al 7 de noviembre en TVE: Una escapada con una tr\u00e1gica sorpresa<\/a>&nbsp;&nbsp;Diez Minutos<\/li>\n<li><a href=\"https:\/\/news.google.com\/rss\/articles\/CBMivwFBVV95cUxOTVFTSkNDZ2E5ekY0aUZMcTdTeFpLNGRGd0pJYTlMVHVkY3NVaXpqTWpZRWNqVC1ScGoxM3pGVG9fNll1X2tIaGZDcTZ6dHBFWnpIeWVKd2pJV2tJY3FaQ0toRUxSelpDOVVjYUxsVGd3bTRqOVQ2cWxrVVJVbWk2VnlfcUNuZEtMdjlnbnF4bVJvU2MtUWFaLW9NRldXX3IwUVlXNnZZUjRmLVcwMzZKSmUwQjNKbUtGanZURU5FWdIBxAFBVV95cUxPTV9SSGt1aFdXOHM1dHFwN0UydHIzY2Z0bVRKYlgwMXdnbWlsdGR6b1ljeGoyWjZ1bHNpNlkydGVieUJicEdTSktFVEFsSlhqeUNqYjA1M3FjdEZzNm5QWEQ1dkV1TzJNVEQ0UFViUWpwLUpVNldQVWpFQTI0amZiSFczSVZ4dGtQN0pkb3NCQ0owcEg1dXhJQ2hEOFVMbTFSUVZYdFhvYUZ2Mk5XemRFYlFGLWZfWHhyVjREYlNUamxYSEhB?oc=5\" target=\"_blank\" rel=\"nofollow noopener\">Avance del cap\u00edtulo 707 de &#8216;La Promesa&#8217;: Una traici\u00f3n, un ultim\u00e1tum y una disculpa por dar<\/a>&nbsp;&nbsp;La Vanguardia<\/li>\n<li><a href=\"https:\/\/news.google.com\/rss\/articles\/CBMirwFBVV95cUxNX2NHZ3NnbU1uaDRNN0NnMVNsbU5wZmZldVJwQUIyM1oyeVJxdk9OcjBFaVVBQ0RzVHZ6cU12WDJRajRnZ2VYc3RxQ1ljRWxSRzQ3ME9jWTJTejNBZnF1N2daanpiVFRmZVBZUHgxOVp4cjI1QnZBMVp5bUMzbVJyeUlMUTlJS1ozbHhjdURaSEcyQUlLOURDSmR2b0g0QUdXaHBmMVFlUlo3Tml1QkJZ0gGvAUFVX3lxTFBtV2xsNVV2dktjSzhEYm9UQVlBVkZTalBfbEVMRVYxby1haG1kRG02MUhKY0dZZXBUQlZHb2tKRmhTVU5Sb0JrXzN6SDZ5M1h5QTUyRmxFZTlwTEhNbDZLTUVyVThZNHRNRmpZSjYtNnRoUEJ3UUZNWFdaVlJXeXFlOVBybDVhMDZXM05YSHo0allGSkFsdjVKRnh2SnkxZE9RZmlXR3Z5dTFGTERYNlU?oc=5\" target=\"_blank\" rel=\"nofollow noopener\">La condici\u00f3n de Angela para casarse con Beltr\u00e1n en &#8216;La Promesa&#8217;: dos d\u00edas a solas con Curro<\/a>&nbsp;&nbsp;RTVE.es<\/li>\n<li><a href=\"https:\/\/news.google.com\/rss\/articles\/CBMiqgFBVV95cUxOcWZxSW55R3Nhd3Z4VFVfdU4xU0ZIbGxGc0FUR2FSZkprRkVQbGhBcTE1MGtQMS1Sc2ZlV3QwYy0tZEh2VnpmNWRScFljUGxIUnA2WURoQ1ZuYWpScV9uRlVkQ0d1SlB0Zk5mSHl0emcxcUVrNU5GNTV0aXBGOFU5OWFxNWJraFZrNUhfRzRfTm5ZZHNYTVlSVVJoVUhQOVV1dThQZ0xoVGdpUdIBrwFBVV95cUxPdjVMeURqWFQ3bldpYWd4Yzl4U3RSNy01VVpuN3VCal8yX3NLUk1QdXJQMWcwZ2NWRWptQl9pVmx3MWFvMXVrNHMzQ2lOLVFROG1nOXhqYUQ1OGcwUGJVSGVTNW1xQU9YT1p0c2dYdGJ6RTBjSzIwbVVaTnJZSXdhRGlGZHlDMkl5aEZmNzZwbTdtRzVmVjR1NzkyUEl3NzUtb0xGNEN4dElmM254UG1n?oc=5\" target=\"_blank\" rel=\"nofollow noopener\">Avance del cap\u00edtulo de \u2018La Promesa\u2019 de hoy: Curro hace un impactante descubrimiento<\/a>&nbsp;&nbsp;OkDiario<\/li>\n<li><a href=\"https:\/\/news.google.com\/rss\/articles\/CBMiiAFBVV95cUxPWXdjOHl5cTE4OGhHVEtmQ2o0ODQxaklBMXVMdk0wRTliU0FwcFB1OUdQQU1ZNk04LTl6RlVxUFhMYWdiUWhsSzlYYXU2Y0Q4cC14WG5kTk15Nm53ME03Uk5zSlN6eVFndWZTWVZRbUVmM0JQUzQ2WUMyeGF3T2hHelBWa1l1d3lq0gGIAUFVX3lxTE02TGFhQmRjVWlMRTRwR2plZ2owR092cFV2WlJYTWZsYVdEYzhCVW4xaXNRUnpTTnhUUkxQbHNSaWhUU0o3TFB3LU9jWGhxWGpibnEyQjI1N25QWWI0XzVzVjJrOHcybzlyWjYxYlNfWEJNTzYzZ3BvdF9jTU9uNllOV3dTa0FGM1Y?oc=5\" target=\"_blank\" rel=\"nofollow noopener\">Avance de La Promesa hoy, cap\u00edtulo 706 del viernes 31 de octubre: \u00bfAceptar\u00e1 Leocadia la petici\u00f3n de su hija?<\/a>&nbsp;&nbsp;El Mundo<\/li>\n<\/ol>\n","protected":false},"excerpt":{"rendered":"&#8216;La Promesa&#8217;, avance semanal del 3 al 7 de noviembre en TVE: Una escapada con una tr\u00e1gica sorpresa&nbsp;&nbsp;Diez&hellip;\n","protected":false},"author":2,"featured_media":213088,"comment_status":"","ping_status":"","sticky":false,"template":"","format":"standard","meta":{"footnotes":""},"categories":[91],"tags":[253,146,147,25,24,23],"class_list":{"0":"post-213087","1":"post","2":"type-post","3":"status-publish","4":"format-standard","5":"has-post-thumbnail","7":"category-entretenimiento","8":"tag-discover","9":"tag-entertainment","10":"tag-entretenimiento","11":"tag-es","12":"tag-espana","13":"tag-spain"},"share_on_mastodon":{"url":"https:\/\/pubeurope.com\/@es\/115475817789168825","error":""},"_links":{"self":[{"href":"https:\/\/www.europesays.com\/es\/wp-json\/wp\/v2\/posts\/213087","targetHints":{"allow":["GET"]}}],"collection":[{"href":"https:\/\/www.europesays.com\/es\/wp-json\/wp\/v2\/posts"}],"about":[{"href":"https:\/\/www.europesays.com\/es\/wp-json\/wp\/v2\/types\/post"}],"author":[{"embeddable":true,"href":"https:\/\/www.europesays.com\/es\/wp-json\/wp\/v2\/users\/2"}],"replies":[{"embeddable":true,"href":"https:\/\/www.europesays.com\/es\/wp-json\/wp\/v2\/comments?post=213087"}],"version-history":[{"count":0,"href":"https:\/\/www.europesays.com\/es\/wp-json\/wp\/v2\/posts\/213087\/revisions"}],"wp:featuredmedia":[{"embeddable":true,"href":"https:\/\/www.europesays.com\/es\/wp-json\/wp\/v2\/media\/213088"}],"wp:attachment":[{"href":"https:\/\/www.europesays.com\/es\/wp-json\/wp\/v2\/media?parent=213087"}],"wp:term":[{"taxonomy":"category","embeddable":true,"href":"https:\/\/www.europesays.com\/es\/wp-json\/wp\/v2\/categories?post=213087"},{"taxonomy":"post_tag","embeddable":true,"href":"https:\/\/www.europesays.com\/es\/wp-json\/wp\/v2\/tags?post=213087"}],"curies":[{"name":"wp","href":"https:\/\/api.w.org\/{rel}","templated":true}]}}