{"id":213099,"date":"2025-11-01T18:28:13","date_gmt":"2025-11-01T18:28:13","guid":{"rendered":"https:\/\/www.europesays.com\/es\/213099\/"},"modified":"2025-11-01T18:28:13","modified_gmt":"2025-11-01T18:28:13","slug":"como-funciona-el-analisis-del-pasaporte-biologico-de-los-ciclistas-profesionales","status":"publish","type":"post","link":"https:\/\/www.europesays.com\/es\/213099\/","title":{"rendered":"\u00bfC\u00f3mo funciona el an\u00e1lisis del pasaporte biol\u00f3gico de los ciclistas profesionales?"},"content":{"rendered":"<p>El caso de Oier Lazkano ha provocado una revoluci\u00f3n en redes sociales por el fuerte impacto que ha supuesto conocer las irregularidades en el pasaporte biol\u00f3gico del ciclista de Red Bull en sus tres a\u00f1os de corredor de Movistar: 2022, 2023 y 2024. Pero m\u00e1s all\u00e1 de la situaci\u00f3n concreta del ciclista vasco, \u00bfc\u00f3mo funciona el an\u00e1lisis del pasaporte biol\u00f3gico?<\/p>\n<p>La lucha contra el dopaje con el pasaporte biol\u00f3gico arranc\u00f3 del reconocimiento de una incapacidad del sistema: los deportistas eran capaces de doparse en casa y presentarse limpios en las competiciones. \u00bfSoluci\u00f3n? <strong>Hacer controles fuera de competici\u00f3n<\/strong>. Para eso los ciclistas deben fijar una hora al d\u00eda durante todos los d\u00edas de su vida de obligado cumplimiento en un lugar fijado con suficiente antelaci\u00f3n para poder pasar un control antidopaje.<\/p>\n<p>Esa informaci\u00f3n de decenas de controles fuera de competici\u00f3n permiti\u00f3 a los investigadores ir un paso m\u00e1s all\u00e1 y empezar a sancionar por irregularidades indirectas, es decir, no es necesario detectar en un laboratorio el consumo de EPO. Es suficiente comprobar la consecuencia de ese consumo, es decir, cambios en la situaci\u00f3n sangu\u00ednea del ciclista. En ese sentido, los expertos analizan con lupa el hematocrito, la hemoglobina y los reticulocitos. O dicho en otras palabras: <strong>los gl\u00f3bulos rojos maduros y los gl\u00f3bulos rojos reci\u00e9n creados<\/strong>. Y todos esos valores deben ir siempre en sinton\u00eda. Hay ciclistas con valores medios altos y otros con valores medios bajos. Todo es correcto. Lo que no es correcto es que existan alteraciones muy grandes.<\/p>\n<p>En el caso de que se comprueben esas alteraciones, los expertos inician una segunda fase: el an\u00e1lisis de posibles concentraciones en altitud o factores externos que puedan justificar lo sucedido. Tambi\u00e9n analizan el calendario del deportista para comprobar si esas alteraciones se han hecho pensando en mejorar el rendimiento de cara a una carrera. Todos esos datos son estudiados y tambi\u00e9n se analiza si las muestras se han recogido de forma correcta y han sido bien conservadas hasta llegar al laboratorio. Con toda esa informaci\u00f3n, se emite un primer informe y se env\u00eda al ciclista para que presente alegaciones. En ese momento, el corredor pasa a estar en un <strong>limbo jur\u00eddico complicado<\/strong>.<\/p>\n<p>Desde un punto de vista legal, el ciclista puede seguir corriendo ya que no existe sanci\u00f3n, pero necesita buscar un asesor cient\u00edfico que le ayude con las alegaciones. Esa fase ya ha acabado en el caso de Oier Lazkano, quien no ha convencido a los expertos. Y ah\u00ed entramos ya en la fase final: el caso pasa a ser juzgado y genera una sanci\u00f3n de entre dos y cuatro a\u00f1os en la inmensa mayor\u00eda de los precedentes. La \u00fanica novedad, seg\u00fan publica <strong>EL PA\u00cdS<\/strong>, es que el corredor habr\u00eda recibido una visita de los agentes antidopaje para solicitarle el ordenador y el m\u00f3vil y comprobar si existe alguna vinculaci\u00f3n con redes de dopaje. El corredor s\u00ed que parece haber cedido esos dispositivos para su an\u00e1lisis, lo que viene a certificar que la lucha contra el dopaje sigue dando pasos en la b\u00fasqueda de informaci\u00f3n.<\/p>\n","protected":false},"excerpt":{"rendered":"El caso de Oier Lazkano ha provocado una revoluci\u00f3n en redes sociales por el fuerte impacto que ha&hellip;\n","protected":false},"author":2,"featured_media":213100,"comment_status":"","ping_status":"","sticky":false,"template":"","format":"standard","meta":{"footnotes":""},"categories":[273],"tags":[313,312,168,25,24,23,167],"class_list":{"0":"post-213099","1":"post","2":"type-post","3":"status-publish","4":"format-standard","5":"has-post-thumbnail","7":"category-ciclismo","8":"tag-ciclismo","9":"tag-cycling","10":"tag-deportes","11":"tag-es","12":"tag-espana","13":"tag-spain","14":"tag-sports"},"share_on_mastodon":{"url":"https:\/\/pubeurope.com\/@es\/115475860860433148","error":""},"_links":{"self":[{"href":"https:\/\/www.europesays.com\/es\/wp-json\/wp\/v2\/posts\/213099","targetHints":{"allow":["GET"]}}],"collection":[{"href":"https:\/\/www.europesays.com\/es\/wp-json\/wp\/v2\/posts"}],"about":[{"href":"https:\/\/www.europesays.com\/es\/wp-json\/wp\/v2\/types\/post"}],"author":[{"embeddable":true,"href":"https:\/\/www.europesays.com\/es\/wp-json\/wp\/v2\/users\/2"}],"replies":[{"embeddable":true,"href":"https:\/\/www.europesays.com\/es\/wp-json\/wp\/v2\/comments?post=213099"}],"version-history":[{"count":0,"href":"https:\/\/www.europesays.com\/es\/wp-json\/wp\/v2\/posts\/213099\/revisions"}],"wp:featuredmedia":[{"embeddable":true,"href":"https:\/\/www.europesays.com\/es\/wp-json\/wp\/v2\/media\/213100"}],"wp:attachment":[{"href":"https:\/\/www.europesays.com\/es\/wp-json\/wp\/v2\/media?parent=213099"}],"wp:term":[{"taxonomy":"category","embeddable":true,"href":"https:\/\/www.europesays.com\/es\/wp-json\/wp\/v2\/categories?post=213099"},{"taxonomy":"post_tag","embeddable":true,"href":"https:\/\/www.europesays.com\/es\/wp-json\/wp\/v2\/tags?post=213099"}],"curies":[{"name":"wp","href":"https:\/\/api.w.org\/{rel}","templated":true}]}}