{"id":213106,"date":"2025-11-01T18:33:10","date_gmt":"2025-11-01T18:33:10","guid":{"rendered":"https:\/\/www.europesays.com\/es\/213106\/"},"modified":"2025-11-01T18:33:10","modified_gmt":"2025-11-01T18:33:10","slug":"a-prision-dos-de-los-detenidos-por-el-robo-del-louvre-y-otros-tres-son-liberados","status":"publish","type":"post","link":"https:\/\/www.europesays.com\/es\/213106\/","title":{"rendered":"A prisi\u00f3n dos de los detenidos por el robo del Louvre y otros tres son liberados"},"content":{"rendered":"\n<p> El pasado mi\u00e9rcoles, cinco personas fueron detenidas como sospechosas de colaborar en el robo de una decena de joyas pertenecientes a Napole\u00f3n y la Emperatriz en el museo del Louvre. De ellas, <strong>tres han sido imputadas y las otras dos han sido puestas en libertad,<\/strong> seg\u00fan adelanta AFP citando fuentes policiales y cercanas al caso. <\/p>\n<p> Entre los imputados, que se encuentran bajo prisi\u00f3n preventiva, se encuentra una mujer de 38 a\u00f1os, residente en Saint Denis. La sospechosa est\u00e1 siendo acusada de <strong>colaborar en el crimen<\/strong> y formar parte de la banda organizada, as\u00ed como de asociaci\u00f3n de malhechores con fines criminales. <\/p>\n<p> A las detenciones que se han producido esta semana, se suman las de otros dos hombres que fueron interceptados por la Polic\u00eda cuando pretend\u00edan abandonar el pa\u00eds hacia <strong>Argelia y Mali. <\/strong>Ambos, tambi\u00e9n originarios de <a href=\"https:\/\/www.elconfidencial.com\/mundo\/2025-11-01\/louvre-mujer-detenidos-robo-prision_4239916\/\" target=\"_self\" rel=\"nofollow noopener\">Saint Denis<\/a>, de 34 y 39 a\u00f1os, se encuentran en prisi\u00f3n preventiva desde el mi\u00e9rcoles. <\/p>\n<p> A pesar de que estos primeros arrestados hicieron \u00abdeclaraciones parciales\u00bb, en el avance de la investigaci\u00f3n han sido especialmente relevantes otras pruebas halladas en el lugar de los hechos, como<strong> restos de ADN<\/strong>, as\u00ed como las grabaciones de las c\u00e1maras de seguridad. <\/p>\n<p>              <img decoding=\"async\" class=\"inTextNews__img\" alt=\"Foto: dos-detenidos-como-sospechosos-del-robo-en-el-louvre\" src=\"https:\/\/www.europesays.com\/es\/wp-content\/uploads\/2025\/11\/f.elconfidencial.com\/original\/863\/d8d\/432\/863d8d4327b8182a07ab13393a5f79d7.jpg\"  \/>     <\/p>\n<p>TE PUEDE INTERESAR<\/p>\n<p>      <a class=\"inTextNews__title\" href=\"https:\/\/www.elconfidencial.com\/mundo\/europa\/2025-10-26\/dos-detenidos-como-sospechosos-del-robo-en-el-louvre_4235484\/\" onclick=\"window.ECCO.emit(&#039;amplitude&#039;, { dataEventName: &#039;click_related_article_module&#039;, data: { related_article_url: &#039;https:\/\/www.elconfidencial.com\/mundo\/europa\/2025-10-26\/dos-detenidos-como-sospechosos-del-robo-en-el-louvre_4235484\/&#039;, related_article_author: &#039;Agencias&#039;, related_article_section: &#039;europa&#039; } })\" rel=\"nofollow noopener\" target=\"_blank\"> Detenidos dos sospechosos del robo del Louvre cuando uno de ellos trataba de huir a Argelia      <\/a>   <\/p>\n<p>    EC   <\/p>\n<p> No hay rastro de los objetos sustra\u00eddos, que podr\u00edan intentar venderse en<strong> mercados paralelos<\/strong>, seg\u00fan ha explicado Laure Beccuau, fiscal de la Oficina Central de Lucha contra el Tr\u00e1fico de Bienes Culturales. <\/p>\n<p> Se han perdido 8.700 diamantes, <strong>34 zafiros, 38 esmeraldas y 200 perlas<\/strong>; todo ello valorado en unos 88 millones. <a href=\"https:\/\/www.elconfidencial.com\/mundo\/2025-10-30\/detenidos-sospechosos-robo-louvre-francia_4238178\/\" target=\"_self\" rel=\"nofollow noopener\">Las piezas desaparecieron<\/a> en cuesti\u00f3n de minutos el pasado 19 de octubre, cuando los ladrones, armados con unas peque\u00f1as sierras, entraron por un balc\u00f3n, con el museo ya abierto al p\u00fablico. <\/p>\n<p> El pasado mi\u00e9rcoles, cinco personas fueron detenidas como sospechosas de colaborar en el robo de una decena de joyas pertenecientes a Napole\u00f3n y la Emperatriz en el museo del Louvre. De ellas, <strong>tres han sido imputadas y las otras dos han sido puestas en libertad,<\/strong> seg\u00fan adelanta AFP citando fuentes policiales y cercanas al caso. <\/p>\n","protected":false},"excerpt":{"rendered":"El pasado mi\u00e9rcoles, cinco personas fueron detenidas como sospechosas de colaborar en el robo de una decena de&hellip;\n","protected":false},"author":2,"featured_media":213107,"comment_status":"","ping_status":"","sticky":false,"template":"","format":"standard","meta":{"footnotes":""},"categories":[173],"tags":[229,233,231,230,232,234,146,147,25,24,23],"class_list":{"0":"post-213106","1":"post","2":"type-post","3":"status-publish","4":"format-standard","5":"has-post-thumbnail","7":"category-arte-y-diseno","8":"tag-arte","9":"tag-arte-y-diseno","10":"tag-arts","11":"tag-arts-and-design","12":"tag-design","13":"tag-diseno","14":"tag-entertainment","15":"tag-entretenimiento","16":"tag-es","17":"tag-espana","18":"tag-spain"},"share_on_mastodon":{"url":"https:\/\/pubeurope.com\/@es\/115475880557239252","error":""},"_links":{"self":[{"href":"https:\/\/www.europesays.com\/es\/wp-json\/wp\/v2\/posts\/213106","targetHints":{"allow":["GET"]}}],"collection":[{"href":"https:\/\/www.europesays.com\/es\/wp-json\/wp\/v2\/posts"}],"about":[{"href":"https:\/\/www.europesays.com\/es\/wp-json\/wp\/v2\/types\/post"}],"author":[{"embeddable":true,"href":"https:\/\/www.europesays.com\/es\/wp-json\/wp\/v2\/users\/2"}],"replies":[{"embeddable":true,"href":"https:\/\/www.europesays.com\/es\/wp-json\/wp\/v2\/comments?post=213106"}],"version-history":[{"count":0,"href":"https:\/\/www.europesays.com\/es\/wp-json\/wp\/v2\/posts\/213106\/revisions"}],"wp:featuredmedia":[{"embeddable":true,"href":"https:\/\/www.europesays.com\/es\/wp-json\/wp\/v2\/media\/213107"}],"wp:attachment":[{"href":"https:\/\/www.europesays.com\/es\/wp-json\/wp\/v2\/media?parent=213106"}],"wp:term":[{"taxonomy":"category","embeddable":true,"href":"https:\/\/www.europesays.com\/es\/wp-json\/wp\/v2\/categories?post=213106"},{"taxonomy":"post_tag","embeddable":true,"href":"https:\/\/www.europesays.com\/es\/wp-json\/wp\/v2\/tags?post=213106"}],"curies":[{"name":"wp","href":"https:\/\/api.w.org\/{rel}","templated":true}]}}