{"id":213122,"date":"2025-11-01T18:43:08","date_gmt":"2025-11-01T18:43:08","guid":{"rendered":"https:\/\/www.europesays.com\/es\/213122\/"},"modified":"2025-11-01T18:43:08","modified_gmt":"2025-11-01T18:43:08","slug":"euforia-en-marruecos-y-frustracion-en-el-frente-polisario-por-la-resolucion-de-la-onu-sobre-el-sahara-occidental","status":"publish","type":"post","link":"https:\/\/www.europesays.com\/es\/213122\/","title":{"rendered":"Euforia en Marruecos y frustraci\u00f3n en el Frente Polisario por la resoluci\u00f3n de la ONU sobre el Sahara Occidental"},"content":{"rendered":"<p style=\"\">Las calles marroqu\u00edes se vistieron de fiesta el viernes por la noche despu\u00e9s de que el Consejo de Seguridad de las Naciones Unidas respaldara el plan de autonom\u00eda marroqu\u00ed para el Sahara Occidental, disputado desde hace d\u00e9cadas entre Rabat y los independentistas saharauis del Frente  &#8230; Polisario, respaldados por Argelia.<\/p>\n<p class=\"voc-p\" style=\"\">En las im\u00e1genes compartidas en redes sociales se ven las principales plazas del pa\u00eds abarrotadas de una multitud que canta, baila y exhibe con orgullo los colores rojo y verde de la bandera nacional.<\/p>\n<p class=\"voc-p\" style=\"\">El Rey de Marruecos calific\u00f3 la decisi\u00f3n de la ONU como un \u00abcambio hist\u00f3rico\u00bb. \u00abAbrimos un nuevo cap\u00edtulo victorioso en el proceso de consagraci\u00f3n de la marroquinidad del Sahara, destinado a cerrar definitivamente este asunto\u00bb, afirm\u00f3 Mohamed VI en un discurso, en el que expres\u00f3 su \u00abinmenso orgullo\u00bb.<\/p>\n<p>\n\u00abLegitimar la ocupaci\u00f3n\u00bb\n<\/p>\n<p class=\"voc-p\" style=\"\">Para el Frente Polisario, en cambio, no hubo motivos de celebraci\u00f3n. Tras conocerse la resoluci\u00f3n, el movimiento rechaz\u00f3 implicarse en negociaciones que est\u00e9n basadas en propuestas que \u00ablegitimen la ocupaci\u00f3n\u00bb del territorio. \u00abSi bien reafirma su firme disposici\u00f3n a participar de manera constructiva en el proceso de paz liderado por la ONU, el Frente Polisario subraya que no participar\u00e1 en ning\u00fan proceso pol\u00edtico ni negociaci\u00f3n basada en propuestas que busquen legitimar la ocupaci\u00f3n ilegal del Sahara Occidental por parte de Marruecos y privar al pueblo saharaui de su derecho inalienable, innegociable e imprescriptible a la libre determinaci\u00f3n y soberan\u00eda sobre su patria\u00bb, defendi\u00f3 en un comunicado, seg\u00fan informa Ep.<\/p>\n<p class=\"voc-p\" style=\"\">A su vez, el representante del Frente Polisario en Espa\u00f1a, Abdulah Arabi, neg\u00f3 que la resoluci\u00f3n cierre la puerta a la autodeterminaci\u00f3n del Sahara. En una entrevista en TVE, se\u00f1al\u00f3 que la resoluci\u00f3n aprobada no cierra la puerta al refer\u00e9ndum porque \u00abno impone la autonom\u00eda como \u00fanica soluci\u00f3n\u00bb y a la vez mantiene \u00abla mano tendida hacia la v\u00eda pac\u00edfica\u00bb y las negociaciones. \u00abMarruecos intenta imponer un hecho consumado aprovechando esta coyuntura internacional actual, pero yo creo que no conoce la naturaleza del pueblo saharaui. No vamos a aceptar absolutamente nada que no sea aquel que entra en el marco del leg\u00edtimo derecho del pueblo saharaui a la determinaci\u00f3n de independencia\u00bb, insisti\u00f3.<\/p>\n<p class=\"voc-p\" style=\"\">El Frente Polisario tambi\u00e9n record\u00f3 que este mismo mes, a poco m\u00e1s de una semana de la cita en el Consejo de Seguridad, present\u00f3 al jefe de Naciones Unidas, <strong>Ant\u00f3nio Guterres<\/strong>, una nueva propuesta para relanzar las negociaciones con Marruecos con vistas a alcanzar una soluci\u00f3n que <a href=\"https:\/\/www.abc.es\/espana\/miles-saharauis-protestan-plan-eeuu-sahara-occidental-20251030182738-vi.html\" target=\"_self\" data-voc-vtm-id=\"in-text-traffic\" title=\"\u00abprevea la autodeterminaci\u00f3n del pueblo saharaui\u00bb\" data-mrf-link=\"www.abc.es\" rel=\"nofollow noopener\">\u00abprevea la autodeterminaci\u00f3n del pueblo saharaui\u00bb<\/a>.<\/p>\n<p class=\"voc-p\" style=\"\">\u00ab(Presentamos) una versi\u00f3n ampliada de la propuesta de 2007 el 20 de octubre de 2025, como prueba adicional del sincero compromiso con el logro de una paz justa y duradera. (Seguimos) dispuestos a <strong>participar constructivamente en el proceso de paz<\/strong> y a entablar negociaciones directas con la otra parte, con base en el contenido de la propuesta ampliada y de conformidad con las resoluciones\u00bb, argumenta el Frente Polisario.<\/p>\n<p class=\"voc-p\" style=\"\">Con todo, lamenta que la resoluci\u00f3n aprobada con el voto de once miembros del Consejo de Seguridad de la ONU incluye \u00abelementos\u00bb que \u00ab<strong>vulneran el estatus internacional del Sahara Occidental<\/strong> como cuesti\u00f3n de descolonizaci\u00f3n, socavan los cimientos del proceso de paz auspiciado por Naciones Unidas y frustran los esfuerzos\u00bb de Guterres y de su enviado especial, <strong>Staffan de Mistura<\/strong>.<\/p>\n","protected":false},"excerpt":{"rendered":"Las calles marroqu\u00edes se vistieron de fiesta el viernes por la noche despu\u00e9s de que el Consejo de&hellip;\n","protected":false},"author":2,"featured_media":213123,"comment_status":"","ping_status":"","sticky":false,"template":"","format":"standard","meta":{"footnotes":""},"categories":[42],"tags":[57461,17,18,13,14,3419,11,61,62,63,64,19,20,4485,9,10,15,16,5040,732,56045,1350,1578,14203,7128,57,12,21,22,65,66,67],"class_list":{"0":"post-213122","1":"post","2":"type-post","3":"status-publish","4":"format-standard","5":"has-post-thumbnail","7":"category-internacional","8":"tag-ampara","9":"tag-breaking-news","10":"tag-breakingnews","11":"tag-featured-news","12":"tag-featurednews","13":"tag-frente","14":"tag-headlines","15":"tag-internacional","16":"tag-international","17":"tag-international-news","18":"tag-internationalnews","19":"tag-latest-news","20":"tag-latestnews","21":"tag-marruecos","22":"tag-news","23":"tag-noticias","24":"tag-noticias-destacadas","25":"tag-noticiasdestacadas","26":"tag-occidental","27":"tag-onu","28":"tag-polisario","29":"tag-rechaza","30":"tag-resolucion","31":"tag-sahara","32":"tag-soberania","33":"tag-sobre","34":"tag-titulares","35":"tag-ultimas-noticias","36":"tag-ultimasnoticias","37":"tag-world","38":"tag-world-news","39":"tag-worldnews"},"share_on_mastodon":{"url":"","error":"Validation failed: Text character limit of 500 exceeded"},"_links":{"self":[{"href":"https:\/\/www.europesays.com\/es\/wp-json\/wp\/v2\/posts\/213122","targetHints":{"allow":["GET"]}}],"collection":[{"href":"https:\/\/www.europesays.com\/es\/wp-json\/wp\/v2\/posts"}],"about":[{"href":"https:\/\/www.europesays.com\/es\/wp-json\/wp\/v2\/types\/post"}],"author":[{"embeddable":true,"href":"https:\/\/www.europesays.com\/es\/wp-json\/wp\/v2\/users\/2"}],"replies":[{"embeddable":true,"href":"https:\/\/www.europesays.com\/es\/wp-json\/wp\/v2\/comments?post=213122"}],"version-history":[{"count":0,"href":"https:\/\/www.europesays.com\/es\/wp-json\/wp\/v2\/posts\/213122\/revisions"}],"wp:featuredmedia":[{"embeddable":true,"href":"https:\/\/www.europesays.com\/es\/wp-json\/wp\/v2\/media\/213123"}],"wp:attachment":[{"href":"https:\/\/www.europesays.com\/es\/wp-json\/wp\/v2\/media?parent=213122"}],"wp:term":[{"taxonomy":"category","embeddable":true,"href":"https:\/\/www.europesays.com\/es\/wp-json\/wp\/v2\/categories?post=213122"},{"taxonomy":"post_tag","embeddable":true,"href":"https:\/\/www.europesays.com\/es\/wp-json\/wp\/v2\/tags?post=213122"}],"curies":[{"name":"wp","href":"https:\/\/api.w.org\/{rel}","templated":true}]}}