{"id":213126,"date":"2025-11-01T18:45:37","date_gmt":"2025-11-01T18:45:37","guid":{"rendered":"https:\/\/www.europesays.com\/es\/213126\/"},"modified":"2025-11-01T18:45:37","modified_gmt":"2025-11-01T18:45:37","slug":"hallan-muerta-y-en-estado-de-descomposicion-a-fernanda-maroca-influencer-y-politica","status":"publish","type":"post","link":"https:\/\/www.europesays.com\/es\/213126\/","title":{"rendered":"Hallan muerta y en estado de descomposici\u00f3n a Fernanda Maroca, &#8216;influencer&#8217; y pol\u00edtica"},"content":{"rendered":"<p class=\"c-paragraph\">La influencer y pol\u00edtica brasile\u00f1a Fernanda Oliveira da Silva,\u00a0\u00a0conocida como <b>Fernanda Maroca<\/b>, fue hallada sin vida en su casa ubicada en Lago Verde, una localidad cercana a S\u00e3o Lu\u00eds, en el estado de Maranh\u00e3o, Brasil.\u00a0<\/p>\n<p class=\"c-paragraph\">Seg\u00fan las primeras informaciones, <b>sus familiares fueron quienes encontraron su cuerpo la semana pasada<\/b> despu\u00e9s de no tener contacto con ella durante varias horas.\u00a0<\/p>\n<p class=\"c-paragraph\">Tras llamar a los servicios de emergencia, estos acudieron a su domicilio, pero solo pudieron confirmar su fallecimiento. Seg\u00fan las autoridades, el cuerpo de la joven, de 30 a\u00f1os, <b>presentaba signos de descomposici\u00f3n<\/b>, por lo que se presupone que llevaba varios d\u00edas muerta.<\/p>\n<p class=\"c-paragraph\">La Polic\u00eda ha abierto una investigaci\u00f3n para determinar las causas exactas de la muerte y esclarecer las circunstancias en que ocurri\u00f3, aunque algunos medios como Globo aseguran que <b>la causa de muerte \u00abfue por ahorcamiento\u00bb<\/b>. Ahora, la Polic\u00eda investiga el caso para determinar si fue un suicidio o un accidente.<\/p>\n<p class=\"c-paragraph\">Fernanda Maroca era una <b>figura reconocida tanto en redes sociales,<\/b> donde sumaba miles de seguidores gracias a su contenido sobre belleza, salud y entrenamiento f\u00edsico,\u00a0como en la <b>pol\u00edtica brasile\u00f1a<\/b>, ya que\u00a0fue concejala en Lago Verde y lleg\u00f3 a ocupar el cargo de presidenta de la C\u00e1mara Municipal en dos ocasiones.<\/p>\n","protected":false},"excerpt":{"rendered":"La influencer y pol\u00edtica brasile\u00f1a Fernanda Oliveira da Silva,\u00a0\u00a0conocida como Fernanda Maroca, fue hallada sin vida en su&hellip;\n","protected":false},"author":2,"featured_media":213127,"comment_status":"","ping_status":"","sticky":false,"template":"","format":"standard","meta":{"footnotes":""},"categories":[5],"tags":[17,18,13471,25,24,693,13,14,57463,10000,11,19,20,13470,9,10,15,16,23,12,21,22],"class_list":{"0":"post-213126","1":"post","2":"type-post","3":"status-publish","4":"format-standard","5":"has-post-thumbnail","7":"category-titulares","8":"tag-breaking-news","9":"tag-breakingnews","10":"tag-descomposicion","11":"tag-es","12":"tag-espana","13":"tag-estado","14":"tag-featured-news","15":"tag-featurednews","16":"tag-fernanda","17":"tag-hallan","18":"tag-headlines","19":"tag-latest-news","20":"tag-latestnews","21":"tag-muerta","22":"tag-news","23":"tag-noticias","24":"tag-noticias-destacadas","25":"tag-noticiasdestacadas","26":"tag-spain","27":"tag-titulares","28":"tag-ultimas-noticias","29":"tag-ultimasnoticias"},"share_on_mastodon":{"url":"https:\/\/pubeurope.com\/@es\/115475927779315708","error":""},"_links":{"self":[{"href":"https:\/\/www.europesays.com\/es\/wp-json\/wp\/v2\/posts\/213126","targetHints":{"allow":["GET"]}}],"collection":[{"href":"https:\/\/www.europesays.com\/es\/wp-json\/wp\/v2\/posts"}],"about":[{"href":"https:\/\/www.europesays.com\/es\/wp-json\/wp\/v2\/types\/post"}],"author":[{"embeddable":true,"href":"https:\/\/www.europesays.com\/es\/wp-json\/wp\/v2\/users\/2"}],"replies":[{"embeddable":true,"href":"https:\/\/www.europesays.com\/es\/wp-json\/wp\/v2\/comments?post=213126"}],"version-history":[{"count":0,"href":"https:\/\/www.europesays.com\/es\/wp-json\/wp\/v2\/posts\/213126\/revisions"}],"wp:featuredmedia":[{"embeddable":true,"href":"https:\/\/www.europesays.com\/es\/wp-json\/wp\/v2\/media\/213127"}],"wp:attachment":[{"href":"https:\/\/www.europesays.com\/es\/wp-json\/wp\/v2\/media?parent=213126"}],"wp:term":[{"taxonomy":"category","embeddable":true,"href":"https:\/\/www.europesays.com\/es\/wp-json\/wp\/v2\/categories?post=213126"},{"taxonomy":"post_tag","embeddable":true,"href":"https:\/\/www.europesays.com\/es\/wp-json\/wp\/v2\/tags?post=213126"}],"curies":[{"name":"wp","href":"https:\/\/api.w.org\/{rel}","templated":true}]}}