{"id":21313,"date":"2025-08-02T20:05:07","date_gmt":"2025-08-02T20:05:07","guid":{"rendered":"https:\/\/www.europesays.com\/es\/21313\/"},"modified":"2025-08-02T20:05:07","modified_gmt":"2025-08-02T20:05:07","slug":"ondara-y-villena-volveran-a-dar-toros","status":"publish","type":"post","link":"https:\/\/www.europesays.com\/es\/21313\/","title":{"rendered":"Ondara y Villena volver\u00e1n a dar toros"},"content":{"rendered":"<p class=\"ft-text ft-helper-closenews\">La ciudad de <a class=\"ft-link ft-link--decoration\" href=\"https:\/\/www.informacion.es\/alicante\/\" rel=\"nofollow noopener\" target=\"_blank\">Alicante<\/a> sigue programando toros m\u00e1s all\u00e1 de su Feria de Hogueras. No se trata de un gran n\u00famero de eventos, pero s\u00ed son importantes en cuanto a lo que representan. La m\u00e1s inmediata ser\u00e1 la segunda corrida de la llamada Feria de la Marina, que se celebrar\u00e1 el pr\u00f3ximo s\u00e1bado 9 de agosto a las siete y media de la tarde. Las empresas BlackBull y Feria Toro han confeccionado un atractivo cartel formado por Alejandro Talavante, triunfador en Madrid y en la Feria de Hogueras de Alicante; Tom\u00e1s Rufo, triunfador en Fallas y en la citada Feria de Hogueras; y cierra la terna Marco P\u00e9rez, cogido en Alicante y con una reciente reaparici\u00f3n en Santander abriendo la puerta grande. Los toros ser\u00e1n del hierro de Luis Algarra Polera, por lo que se trata de un cartel de figuras con el que Ondara vuelve a recuperar el esplendor de tiempos pasados, cuando su programaci\u00f3n era constante durante todos los fines de semana del verano. Las dos empresas gestoras han querido que, en esta segunda ocasi\u00f3n, sean las figuras las que den brillo a una de las plazas de toros m\u00e1s importantes de la provincia de Alicante. Recordemos que la llamada Feria de la Marina est\u00e1 compuesta por dos festejos. El primero se celebr\u00f3 el pasado siete de junio con la presencia de Paco Ure\u00f1a, Borja Jim\u00e9nez y el mexicano Calita, con los toros de El Pilar. La gran novedad en esta ocasi\u00f3n es que se ha pensado en todos los p\u00fablicos, motivo por el cual existe una entrada a un precio popular de 15 euros para que se puedan llenar los tendidos.<\/p>\n<p class=\"ft-text\">Esta buena noticia de Ondara se une al anuncio del regreso de los toros a la plaza de Villena. En esta ocasi\u00f3n ser\u00e1 la empresa Z\u00fa\u00f1iga Toros, que encabeza el conocido empresario taurino Carlos Z\u00fa\u00f1iga (padre) la que ha confeccionado un cartel de figuras para el d\u00eda 7 de septiembre a las seis de la tarde. La terna la forman Sebasti\u00e1n Castella, Borja Jim\u00e9nez y Trist\u00e1n Barroso, matador de reciente alternativa con los toros de Julio de la Puerta. Ser\u00e1 esta una nueva ocasi\u00f3n para ver la plaza de Villena abierta y a pleno rendimiento taurino. Z\u00fa\u00f1iga ser\u00e1 ayudado por el empresario y apoderado alicantino, Manolo Carrillo, que ha estado trabajando junto a Z\u00fa\u00f1iga los \u00faltimos tiempos y que ya fue empresario en solitario de Villena a\u00f1os atr\u00e1s. Seg\u00fan el propio Carrillo, por el momento la citada empresa tiene la concesi\u00f3n para la realizaci\u00f3n de un \u00fanico festejo, aunque no se descarta alg\u00fan festejo m\u00e1s en el futuro.<\/p>\n<p class=\"ft-text\">En definitiva, Ondara y Villena, adem\u00e1s del resto de plazas que entran en el Circuito Valenciano de Novilladas, se convierten en los dos baluartes principales de la tauromaquia en la provincia de Alicante, todo un \u00e9xito por parte de las tres empresas respectivas que han querido arriesgar para recuperar parte del terreno perdido y devolver a Alicante la grandeza taurina que otrora posey\u00f3.<\/p>\n<p data-close=\"closedContent\" class=\"subscribeHideForDisplay\">Suscr\u00edbete para seguir leyendo<\/p>\n","protected":false},"excerpt":{"rendered":"La ciudad de Alicante sigue programando toros m\u00e1s all\u00e1 de su Feria de Hogueras. No se trata de&hellip;\n","protected":false},"author":2,"featured_media":21314,"comment_status":"","ping_status":"","sticky":false,"template":"","format":"standard","meta":{"footnotes":""},"categories":[277],"tags":[373,2527,168,25,24,599,12661,12657,12660,23,167,374,444,12658,12659],"class_list":{"0":"post-21313","1":"post","2":"type-post","3":"status-publish","4":"format-standard","5":"has-post-thumbnail","7":"category-toreo","8":"tag-bullfighting","9":"tag-dar","10":"tag-deportes","11":"tag-es","12":"tag-espana","13":"tag-feria","14":"tag-la-marina","15":"tag-ondara","16":"tag-provincia-de-alicante","17":"tag-spain","18":"tag-sports","19":"tag-toreo","20":"tag-toros","21":"tag-villena","22":"tag-volveran"},"share_on_mastodon":{"url":"","error":""},"_links":{"self":[{"href":"https:\/\/www.europesays.com\/es\/wp-json\/wp\/v2\/posts\/21313","targetHints":{"allow":["GET"]}}],"collection":[{"href":"https:\/\/www.europesays.com\/es\/wp-json\/wp\/v2\/posts"}],"about":[{"href":"https:\/\/www.europesays.com\/es\/wp-json\/wp\/v2\/types\/post"}],"author":[{"embeddable":true,"href":"https:\/\/www.europesays.com\/es\/wp-json\/wp\/v2\/users\/2"}],"replies":[{"embeddable":true,"href":"https:\/\/www.europesays.com\/es\/wp-json\/wp\/v2\/comments?post=21313"}],"version-history":[{"count":0,"href":"https:\/\/www.europesays.com\/es\/wp-json\/wp\/v2\/posts\/21313\/revisions"}],"wp:featuredmedia":[{"embeddable":true,"href":"https:\/\/www.europesays.com\/es\/wp-json\/wp\/v2\/media\/21314"}],"wp:attachment":[{"href":"https:\/\/www.europesays.com\/es\/wp-json\/wp\/v2\/media?parent=21313"}],"wp:term":[{"taxonomy":"category","embeddable":true,"href":"https:\/\/www.europesays.com\/es\/wp-json\/wp\/v2\/categories?post=21313"},{"taxonomy":"post_tag","embeddable":true,"href":"https:\/\/www.europesays.com\/es\/wp-json\/wp\/v2\/tags?post=21313"}],"curies":[{"name":"wp","href":"https:\/\/api.w.org\/{rel}","templated":true}]}}