{"id":213130,"date":"2025-11-01T18:51:19","date_gmt":"2025-11-01T18:51:19","guid":{"rendered":"https:\/\/www.europesays.com\/es\/213130\/"},"modified":"2025-11-01T18:51:19","modified_gmt":"2025-11-01T18:51:19","slug":"vias-verdes-mas-de-30-anos-de-exito-y-3-500-km-con-arantxa-hernandez","status":"publish","type":"post","link":"https:\/\/www.europesays.com\/es\/213130\/","title":{"rendered":"V\u00edas Verdes: m\u00e1s de 30 a\u00f1os de \u00e9xito y 3.500 km, con Arantxa Hern\u00e1ndez"},"content":{"rendered":"<p><strong>&gt;&gt; Puedes escuchar el podcast<\/strong> en <a href=\"https:\/\/go.ivoox.com\/rf\/161608365\" rel=\"nofollow noopener\" target=\"_blank\"><strong>Ivoox<\/strong><\/a>, <a href=\"https:\/\/open.spotify.com\/episode\/1Ge7stNA8PkSInOpLr0EkG\" rel=\"nofollow noopener\" target=\"_blank\"><strong>Spotify<\/strong><\/a>, <a href=\"https:\/\/podcasts.apple.com\/es\/podcast\/v%C3%ADas-verdes-m%C3%A1s-de-30-a%C3%B1os-de-%C3%A9xito-y-3-500-km\/id1479836066?i=1000734263961\" rel=\"nofollow noopener\" target=\"_blank\"><strong>iTunes<\/strong><\/a> y en las aplicaciones de <a href=\"https:\/\/podcasts.apple.com\/es\/podcast\/cannondale-superx-la-falta-de-criterio-de-la\/id1479836066?i=1000693058625\" rel=\"nofollow noopener\" target=\"_blank\"><strong>iOS<\/strong><\/a> y <strong>Android<\/strong>.<\/p>\n<p>Las <a href=\"https:\/\/www.maillotmag.com\/tags\/vias-verdes\" rel=\"nofollow noopener\" target=\"_blank\"><strong>Vias Verdes<\/strong><\/a> de la <strong>Fundaci\u00f3n de los Ferrocarriles Espa\u00f1oles<\/strong> es uno de los mayores \u00e9xitos cicloturistas de nuestro pa\u00eds. De hecho, es mucho m\u00e1s que eso.<\/p>\n<p>\tSe han convertido en un eje de movilidad sostenible en zonas rurales y en una infraestructura que potencia deportes como el ciclismo o el senderismo. Ya son 30 a\u00f1os de existencia y m\u00e1s de 3.500 km de trazado ferroviario recuperado.<\/p>\n<p>\tPara hablar de ello, contamos con una invitada de lujo: <strong>Arantxa Hern\u00e1ndez Colorado, gerente de FFEE-V\u00edas Verdes<\/strong>, que ha sido testigo y parte de este proyecto durante a\u00f1os.<\/p>\n<p>\tEs un lujo contar con ella en este episodio de <strong>#HeroesDelSendero<\/strong>. Estamos seguros de que su experiencia puede ser de mucho valor para todos aquellos que est\u00e9n trabajando en la creaci\u00f3n o gesti\u00f3n de todo tipo de destinos ciclistas.<\/p>\n<p>\t<strong>Para este episodio contamos con el apoyo de Shimano<\/strong>. La marca japonesa quiere apoyar los proyectos de construcci\u00f3n y mantenimiento de senderos en todo el mundo. <strong>Puedes conocer m\u00e1s sobre su iniciativa <a href=\"https:\/\/bike.shimano.com\/es-ES\/stories\/article\/shimano-trail-born.html\" rel=\"nofollow noopener\" target=\"_blank\">en esta web<\/a>.<\/strong><\/p>\n<p><strong>Tambi\u00e9n puedes ver esta entrevista en nuestro<a href=\"https:\/\/youtu.be\/w18lrA98WLY\" rel=\"nofollow noopener\" target=\"_blank\"> canal de YouTube.<\/a><\/strong><\/p>\n<p>\t<strong>M\u00e1s episodios de H\u00e9roes del Sendero <a href=\"https:\/\/www.mtbpro.es\/heroesdelsendero\" rel=\"nofollow noopener\" target=\"_blank\">en este enlace.<\/a><\/strong><\/p>\n<p><strong>\u00bfQuieres estar al tanto de todas las novedades de MTBpro?<\/strong><br \/><a href=\"https:\/\/www.mtbpro.es\/suscribete\/\" rel=\"nofollow noopener\" target=\"_blank\">Suscribete a nuestro newsletter<\/a> para no perderte el mejor contenido relevante, novedades, opini\u00f3n, podcast, etc.<\/p>\n","protected":false},"excerpt":{"rendered":"&gt;&gt; Puedes escuchar el podcast en Ivoox, Spotify, iTunes y en las aplicaciones de iOS y Android. Las&hellip;\n","protected":false},"author":2,"featured_media":213131,"comment_status":"","ping_status":"","sticky":false,"template":"","format":"standard","meta":{"footnotes":""},"categories":[273],"tags":[313,312,168,25,24,56560,2667,18379,23,167],"class_list":{"0":"post-213130","1":"post","2":"type-post","3":"status-publish","4":"format-standard","5":"has-post-thumbnail","7":"category-ciclismo","8":"tag-ciclismo","9":"tag-cycling","10":"tag-deportes","11":"tag-es","12":"tag-espana","13":"tag-heroes-del-sendero","14":"tag-podcast","15":"tag-shimano","16":"tag-spain","17":"tag-sports"},"share_on_mastodon":{"url":"https:\/\/pubeurope.com\/@es\/115475951323234980","error":""},"_links":{"self":[{"href":"https:\/\/www.europesays.com\/es\/wp-json\/wp\/v2\/posts\/213130","targetHints":{"allow":["GET"]}}],"collection":[{"href":"https:\/\/www.europesays.com\/es\/wp-json\/wp\/v2\/posts"}],"about":[{"href":"https:\/\/www.europesays.com\/es\/wp-json\/wp\/v2\/types\/post"}],"author":[{"embeddable":true,"href":"https:\/\/www.europesays.com\/es\/wp-json\/wp\/v2\/users\/2"}],"replies":[{"embeddable":true,"href":"https:\/\/www.europesays.com\/es\/wp-json\/wp\/v2\/comments?post=213130"}],"version-history":[{"count":0,"href":"https:\/\/www.europesays.com\/es\/wp-json\/wp\/v2\/posts\/213130\/revisions"}],"wp:featuredmedia":[{"embeddable":true,"href":"https:\/\/www.europesays.com\/es\/wp-json\/wp\/v2\/media\/213131"}],"wp:attachment":[{"href":"https:\/\/www.europesays.com\/es\/wp-json\/wp\/v2\/media?parent=213130"}],"wp:term":[{"taxonomy":"category","embeddable":true,"href":"https:\/\/www.europesays.com\/es\/wp-json\/wp\/v2\/categories?post=213130"},{"taxonomy":"post_tag","embeddable":true,"href":"https:\/\/www.europesays.com\/es\/wp-json\/wp\/v2\/tags?post=213130"}],"curies":[{"name":"wp","href":"https:\/\/api.w.org\/{rel}","templated":true}]}}