{"id":213132,"date":"2025-11-01T18:53:10","date_gmt":"2025-11-01T18:53:10","guid":{"rendered":"https:\/\/www.europesays.com\/es\/213132\/"},"modified":"2025-11-01T18:53:10","modified_gmt":"2025-11-01T18:53:10","slug":"las-gloriosas-con-la-polvora-mojada-en-ibaia-diario-de-noticias-de-alava","status":"publish","type":"post","link":"https:\/\/www.europesays.com\/es\/213132\/","title":{"rendered":"Las Gloriosas, con la p\u00f3lvora mojada en Ibaia &#8211; Diario de Noticias de \u00c1lava"},"content":{"rendered":"<ol>\n<li><a href=\"https:\/\/news.google.com\/rss\/articles\/CBMimgFBVV95cUxNeU42Y0tzdDc4T0pULTRLc2ZURUFOa2EzZmFBZWhOSXRYS1lZTUhTeW1MZ0pPdE41T1gtSTl4dUxDTFRhdzBPUXRRbFJYSmRWZlJBT29iMjVYN3VlcVpyRHNmSERCWmxaZkdxelBodHI5ZkdBamlacTdwZ3l3S0JkWkpmdlo1SFl0N1ZZQ2g5anhEX3JuV2NVdlB30gGfAUFVX3lxTFAzUlhNMXF5UDlrTmh5eEhUeGotNEkzOEZqV1BaVHZ0WWk1bnBKMS13bTdEeDRSRl8ydTRqU2ZfR1k2dkZJMnhRMWRTelNYUzdDazVMWTA0YWJremZ5TzdGeTBIQVNRSjlGckh2c1FxUlJYb1lrdS12UVN0TGg0eEVybzhiRHJ2RFN3NFBGUHM1aWhVZDhRM1dWZ3JTTW9Xcw?oc=5\" target=\"_blank\" rel=\"nofollow noopener\">Las Gloriosas, con la p\u00f3lvora mojada en Ibaia<\/a>&nbsp;&nbsp;Diario de Noticias de \u00c1lava<\/li>\n<li><a href=\"https:\/\/news.google.com\/rss\/articles\/CBMiqwFBVV95cUxQTDhrUVJCQ190dDhrZFU1OWhzSlBNWWVCbUxjUmI0dUhqeXVrM3JUX29ZSll2TENMdnJJdTRKejlWOGotYVpYWEladFRiQ3NldkNJUTF3S0NXcjJqeGdtVnlveURPQ1hybXlyZ21FOW53aVZhMkxVc3RyV2t1eWc0elRCVVdmcjhpX3JENzhiNVB2R0dJbS16U3JQcHk3YkVBbExRZ3RtakJxWTA?oc=5\" target=\"_blank\" rel=\"nofollow noopener\">El Villarreal rompe la imbatibilidad del Alav\u00e9s en una jornada llena de emoci\u00f3n<\/a>&nbsp;&nbsp;RFEF<\/li>\n<li><a href=\"https:\/\/news.google.com\/rss\/articles\/CBMi2gFBVV95cUxNSEZzRENYMjNyaGZick9XNXFDNjE3enU3T1hzV2NXdXAxR2pDM25lV3QyUlpRNDFwS0ltOGM0UVhGLUJmZDFmWGNBS0xWLWJtVENBTWtVMEViMXlWVjNjZHN3LXZ0SzNIRlVEUy1xVl9oNEJrTXl3RTAtOWtibHhBRW5hM1FoX0pBX1BReV9kb3ZWNmh4NnRvUVhPY0VHdUVzYVVFT0dDRmhBdVUtM3V2SGh0NW4yQUtLVTJZa014YVlPX2JOMzY0NGVoc1gtTENqZkZjNlhmVzl1QdIB3wFBVV95cUxOTlczSjl5N3VLZkNNQnZBR1RFN2l6NGlhNTFxSHZUTXJCR0JraXc0MElrR2k5OEl6NWlVcHlCVjN2OFp1V1k4aS1mdDFjclpCNmY2dm9Wd252SXFtRHpwZWVTVVl4UHZKb3huM1FIdlNLTkYxS3NFR2w2bjB3bzRyVkZuQ0pxaGFuOUhsYUcxc2RZWFFTSlRDOWF1NWJJMjg1bGlSVkxsVHdZYTNnMi0tRk9wbUZLZVJhRmZFM1JZWFZ3UkFFVHVtNlROdTEzR2VhbGJ4a1B0N3FpVzctZU5R?oc=5\" target=\"_blank\" rel=\"nofollow noopener\">La cr\u00f3nica | Golpe de autoridad del Villarreal femenino en el campo del l\u00edder Alav\u00e9s (1-2)<\/a>&nbsp;&nbsp;El Peri\u00f3dico Mediterr\u00e1neo<\/li>\n<li><a href=\"https:\/\/news.google.com\/rss\/articles\/CBMikwFBVV95cUxOZ1paWGlfbF93WVItY3FiZkdjVHNHWFpCOWljNDFYb3AwWWU2WWVzZklnQ0Qwd2NDU1FVVTZsalM3WVJIX0luZ29ydnZrVDlzOTV2VXd2QXdWMTJmbWdnY0tYR1NkVEZPdkY3U0hFendyUVBLQV9PeW00LThsaXBWdGlkRUdYVW5zZUVQczlxb0VRYWs?oc=5\" target=\"_blank\" rel=\"nofollow noopener\">Ferriols: \u201cEl Alav\u00e9s es muy complicado, pero queremos hacerles da\u00f1o\u201d<\/a>&nbsp;&nbsp;Villarreal<\/li>\n<li><a href=\"https:\/\/news.google.com\/rss\/articles\/CBMizAFBVV95cUxOa0VHbURnRkViZFp6Q3J0MFVVRWFaV2RUYUZTUjhUNTF2WG52MkIxLVZKYy1MYVQxRG4xbWNUVzlGN1NmR3dHempvb3I1X0cybHM5cDhnLVFyYm1QeElDN1Y0MTVMWXlTU2JCY29LSXc2YXdOVTY5c1BnZXRpUXBVS2FPa0hEMU1RUm5KNVlGTk9nck15TjIyWUc1WV9EQjBoNDZxN0RUWm5jNExBN20zWWphVDNoNGJoMWlKREZqUWJOQ1ljS2lYNkVlM1HSAdIBQVVfeXFMTlI4Vm9FdDVyRzJGQVJYeWdBMktza2VHR2xnNnAzMUNhQU5leTByRHhJeVNveTJldkE0ckRUVjZRYnZlYmxlZVlGM3kwUFU0TTg4SjBGZWU0WkplRUd2TVdBLVdNS3JidzVpbGMzNlI1SmtaTm9JbjVPQkZkanBLRThKQVQyUnhJMmZNaV8yQXJWVnVpRU1RektWU0tjUUxQQ1hZRHJuRHZ6TUJyMUkzd0I4QUNtS0hoN19kUXg4cWV5Wl9FY3NzTXlNR05BNHlDSFRB?oc=5\" target=\"_blank\" rel=\"nofollow noopener\">Dif\u00edcil reto para el Villarreal Femenino ante el l\u00edder Alav\u00e9s<\/a>&nbsp;&nbsp;El Peri\u00f3dico Mediterr\u00e1neo<\/li>\n<\/ol>\n","protected":false},"excerpt":{"rendered":"Las Gloriosas, con la p\u00f3lvora mojada en Ibaia&nbsp;&nbsp;Diario de Noticias de \u00c1lava El Villarreal rompe la imbatibilidad del&hellip;\n","protected":false},"author":2,"featured_media":213133,"comment_status":"","ping_status":"","sticky":false,"template":"","format":"standard","meta":{"footnotes":""},"categories":[269],"tags":[299,298,168,25,24,57464,57467,57466,57465,23,167],"class_list":{"0":"post-213132","1":"post","2":"type-post","3":"status-publish","4":"format-standard","5":"has-post-thumbnail","7":"category-baloncesto","8":"tag-baloncesto","9":"tag-basketball","10":"tag-deportes","11":"tag-es","12":"tag-espana","13":"tag-gloriosas","14":"tag-ibaia","15":"tag-mojada","16":"tag-polvora","17":"tag-spain","18":"tag-sports"},"share_on_mastodon":{"url":"https:\/\/pubeurope.com\/@es\/115475959510725437","error":""},"_links":{"self":[{"href":"https:\/\/www.europesays.com\/es\/wp-json\/wp\/v2\/posts\/213132","targetHints":{"allow":["GET"]}}],"collection":[{"href":"https:\/\/www.europesays.com\/es\/wp-json\/wp\/v2\/posts"}],"about":[{"href":"https:\/\/www.europesays.com\/es\/wp-json\/wp\/v2\/types\/post"}],"author":[{"embeddable":true,"href":"https:\/\/www.europesays.com\/es\/wp-json\/wp\/v2\/users\/2"}],"replies":[{"embeddable":true,"href":"https:\/\/www.europesays.com\/es\/wp-json\/wp\/v2\/comments?post=213132"}],"version-history":[{"count":0,"href":"https:\/\/www.europesays.com\/es\/wp-json\/wp\/v2\/posts\/213132\/revisions"}],"wp:featuredmedia":[{"embeddable":true,"href":"https:\/\/www.europesays.com\/es\/wp-json\/wp\/v2\/media\/213133"}],"wp:attachment":[{"href":"https:\/\/www.europesays.com\/es\/wp-json\/wp\/v2\/media?parent=213132"}],"wp:term":[{"taxonomy":"category","embeddable":true,"href":"https:\/\/www.europesays.com\/es\/wp-json\/wp\/v2\/categories?post=213132"},{"taxonomy":"post_tag","embeddable":true,"href":"https:\/\/www.europesays.com\/es\/wp-json\/wp\/v2\/tags?post=213132"}],"curies":[{"name":"wp","href":"https:\/\/api.w.org\/{rel}","templated":true}]}}