{"id":213144,"date":"2025-11-01T19:01:08","date_gmt":"2025-11-01T19:01:08","guid":{"rendered":"https:\/\/www.europesays.com\/es\/213144\/"},"modified":"2025-11-01T19:01:08","modified_gmt":"2025-11-01T19:01:08","slug":"once-inicial-del-real-madrid-ante-el-valencia-real-madrid-cf","status":"publish","type":"post","link":"https:\/\/www.europesays.com\/es\/213144\/","title":{"rendered":"Once inicial del Real Madrid ante el Valencia &#8211; Real Madrid CF"},"content":{"rendered":"<ol>\n<li><a href=\"https:\/\/news.google.com\/rss\/articles\/CBMiygFBVV95cUxNRXJVb2pRMGh6dFBySnBNa20wS3VyeEt5ajNDV3czbW93NkJ0c0VLQkxVVzhLVy0wRXNvR1Q4QktmZzU1cFRZeTd4Q01RejZoSHpKaTY5UzltbFFDTkJOLWYzZmsxQU1sVEtIZE10UWcxbktmZGt0cXJkUjg0SkNsOGs0djNocnFrS2FWaExCUGRRWXlqT1ZwRDB4SmJCZXVCd25nWUh0Vm5LeV9WVGIwTG1xYTBZbHA0UlRwSlA5a0VodzhUUXlaOUNB?oc=5\" target=\"_blank\" rel=\"nofollow noopener\">Once inicial del Real Madrid ante el Valencia<\/a>&nbsp;&nbsp;Real Madrid CF<\/li>\n<li><a href=\"https:\/\/news.google.com\/rss\/articles\/CBMixgFBVV95cUxPOEg1dy0ydTRpbmVrbW1sdDZyUE5yX0hwZGpqZ1gtNW1FcFQ5eDQxRTIzWnJodFJYSjloNG9OS0ZmYVMyVThJWHUydi1nejM0UUc1Vmh2c2ViZ0dwQTkwcG9YYnpOcU00cG54M1ZjSlFyLUN5YUhxNHFkVHVjY2J0NGhtYWZlRmIyQm9lUTdCOGNZMzNNZkxLMXVyb1BNQXdvLUlSb2xlWEttY3FWRDJjZVNjRk9GNFZscjdpenpUQVBJQVVCa1E?oc=5\" target=\"_blank\" rel=\"nofollow noopener\">Real Madrid &#8211; Valencia hoy, en directo: jornada 11 de LaLiga EA Sports, \u00faltima hora en vivo<\/a>&nbsp;&nbsp;Diario AS<\/li>\n<li><a href=\"https:\/\/news.google.com\/rss\/articles\/CBMi0wFBVV95cUxPaU9KSGtMOW5YOWVjMjVObFB5YmkwSDFSZ0lKejQ5M01UYmR6MU9vMDc4V2FkQ0VFdmJyVUk3cXI1VU9MUUNUekJkNkhvT09zakc4TVpnSFFUYjRFSDluX2NBVW55dnpWcUZueXREYTRBb0NURHBZNFhEOG1OOC0tbDN2c25lOWZ5TmJWWnlpM0hXUFY3cHBEemhQOVp5Q2ZKMks5V3BJWE1OX3lUS2ROd1VFdUdaMDB6dGVBVnFzM3pFemREVmMzVlkxR0ZXeFRROU5F?oc=5\" target=\"_blank\" rel=\"nofollow noopener\">El enfado p\u00fablico de Vin\u00edcius, sus disculpas y el perd\u00f3n de Xabi Alonso: el Valencia mide la intensidad del desencuentro<\/a>&nbsp;&nbsp;RTVE.es<\/li>\n<li><a href=\"https:\/\/news.google.com\/rss\/articles\/CBMipwFBVV95cUxOcVVUUXhvYWtVUlAxN0p2aVpYaFREWWRQMk5lZGEyYzN1clRaSzkxSjBuSS0zUXotdWliREFTd2pNT1dwOTdIME9WQ19RYzZmNzgtSWdJME9WU29DeUVrN3hmMVZOaWsxcUN1SHhhdnJ0TnJJVFMzWk1aQkg0dzhaOUJaUTdPTm9CSktsckF6VXNkRXBJLV9FTnhPWEhrQ0dwT1FPRHlWd9IBrAFBVV95cUxQZVZrejNYX3ZCYmVNTlZ2Wm5XdDNSMU83cTlEbUw2WWFoSjM5UnFTMWVJMG1hbkRxbG05eWQweDZlRFFKVDFkX3N0Y25rTFlaVEk2djFtU282a0tTSl9rR0V3cDBMN1VBUEoyX2hGMFc1Mi1iZWxwM0kzNGNXak5KaTF2ekRTaWstQ3dtNVg3bE85MkN6Z0lHR3BxTG5ZMmwwcUUtSEdTMFdmRjNa?oc=5\" target=\"_blank\" rel=\"nofollow noopener\">Alineaciones probables del Real Madrid &#8211; Valencia CF<\/a>&nbsp;&nbsp;Superdeporte<\/li>\n<li><a href=\"https:\/\/news.google.com\/rss\/articles\/CBMisgFBVV95cUxPSnlmeVlOaS1lRF9kY1ZmMFU3ZGdBekhWU2UzZ2NPVHU0dkZNWGwyaThtaElQbU5Ndi1Ya1ZmVFRsMzl1TjVQaTVVcjZ1RjhpX2YzUk1qc0JOQmVKeDlvcldTZlNwWjA3TjE0czJoOVJid0o4TzZKRzI0QmQwTS1qcEJ3bm1zeW51endBRjVsR0dJTHdqTVo5X2RWcVRidEZRZHZNb1hsVmNia3NkR0tyUS1R0gGyAUFVX3lxTE5HZzNrMGV1bW00VTZnLXVfTW5QNFJTd1U5dnFvNC1DemRtbVBhazUwNWM3Ym50SmJ2dmtBN3Jma2ZvV1JiSmpGTjJCUjBEWGJOcEJQX3hDNTBva21BNkZnMm9iQUQ4aEpSZEpkVmVFZ0R6T25Hbmp2WTZRcU9YcXdaYm96TmRPQWtFM0ZPSXdrVUFKNGN6eENFeURZRlNCak9BbDIxZk9ZUEVERmtKcE9tdGc?oc=5\" target=\"_blank\" rel=\"nofollow noopener\">Real Madrid &#8211; Valencia en directo | LALIGA EA Sports hoy en vivo<\/a>&nbsp;&nbsp;MARCA<\/li>\n<\/ol>\n","protected":false},"excerpt":{"rendered":"Once inicial del Real Madrid ante el Valencia&nbsp;&nbsp;Real Madrid CF Real Madrid &#8211; Valencia hoy, en directo: jornada&hellip;\n","protected":false},"author":2,"featured_media":171506,"comment_status":"","ping_status":"","sticky":false,"template":"","format":"standard","meta":{"footnotes":""},"categories":[93],"tags":[168,25,24,6523,3048,23,167],"class_list":{"0":"post-213144","1":"post","2":"type-post","3":"status-publish","4":"format-standard","5":"has-post-thumbnail","7":"category-deportes","8":"tag-deportes","9":"tag-es","10":"tag-espana","11":"tag-home","12":"tag-real-madrid","13":"tag-spain","14":"tag-sports"},"share_on_mastodon":{"url":"https:\/\/pubeurope.com\/@es\/115475990781013187","error":""},"_links":{"self":[{"href":"https:\/\/www.europesays.com\/es\/wp-json\/wp\/v2\/posts\/213144","targetHints":{"allow":["GET"]}}],"collection":[{"href":"https:\/\/www.europesays.com\/es\/wp-json\/wp\/v2\/posts"}],"about":[{"href":"https:\/\/www.europesays.com\/es\/wp-json\/wp\/v2\/types\/post"}],"author":[{"embeddable":true,"href":"https:\/\/www.europesays.com\/es\/wp-json\/wp\/v2\/users\/2"}],"replies":[{"embeddable":true,"href":"https:\/\/www.europesays.com\/es\/wp-json\/wp\/v2\/comments?post=213144"}],"version-history":[{"count":0,"href":"https:\/\/www.europesays.com\/es\/wp-json\/wp\/v2\/posts\/213144\/revisions"}],"wp:featuredmedia":[{"embeddable":true,"href":"https:\/\/www.europesays.com\/es\/wp-json\/wp\/v2\/media\/171506"}],"wp:attachment":[{"href":"https:\/\/www.europesays.com\/es\/wp-json\/wp\/v2\/media?parent=213144"}],"wp:term":[{"taxonomy":"category","embeddable":true,"href":"https:\/\/www.europesays.com\/es\/wp-json\/wp\/v2\/categories?post=213144"},{"taxonomy":"post_tag","embeddable":true,"href":"https:\/\/www.europesays.com\/es\/wp-json\/wp\/v2\/tags?post=213144"}],"curies":[{"name":"wp","href":"https:\/\/api.w.org\/{rel}","templated":true}]}}