{"id":213146,"date":"2025-11-01T19:03:12","date_gmt":"2025-11-01T19:03:12","guid":{"rendered":"https:\/\/www.europesays.com\/es\/213146\/"},"modified":"2025-11-01T19:03:12","modified_gmt":"2025-11-01T19:03:12","slug":"gloria-camila-dice-lo-que-piensa-realmente-de-la-ruptura-entre-rocio-flores-y-rocio-carrasco","status":"publish","type":"post","link":"https:\/\/www.europesays.com\/es\/213146\/","title":{"rendered":"Gloria Camila dice lo que piensa realmente de la ruptura entre Roc\u00edo Flores y Roc\u00edo Carrasco"},"content":{"rendered":"<p>Despu\u00e9s de estar un tiempo esquivando el tema, <strong>Gloria Camila<\/strong> ha hablado abiertamente de la guerra que existe entre <strong>Roc\u00edo Flores y Roc\u00edo Carrasco<\/strong>. Asegura que su sobrina <strong>\u00abha sufrido mucho\u00bb<\/strong>, pero considera que ha sido valiente porque, seg\u00fan ella, ha intentado firmar la paz en numerosas ocasiones. El problema es que no ha obtenido una buena respuesta.<\/p>\n<p>\u00ab<strong>La familia es muy importante<\/strong> y hay que mantenerse unidos porque al final es lo que nos va a quedar\u00bb, ha empezado diciendo. Despu\u00e9s, ha admitido que no entendi\u00f3 por qu\u00e9 su hermana <strong>Roci\u00edto<\/strong> protagoniz\u00f3 un documental en Telecinco hablando de temas tan complicados. Cree que este proyecto hizo mucho da\u00f1o a Roc\u00edo Flores y, aun as\u00ed, la influencer est\u00e1 dispuesta a tener un enfrentamiento, por eso valora tanto su postura.<\/p>\n<p>\n<img decoding=\"async\" loading=\"lazy\" class=\"size-medium wp-image-2416551\" alt=\"\" width=\"620\" height=\"340\"  src=\"https:\/\/www.europesays.com\/es\/wp-content\/uploads\/2025\/10\/placeholder.jpg\"  bad-src=\"https:\/\/www.europesays.com\/es\/wp-content\/uploads\/2025\/10\/placeholder.jpg\"\/><\/p>\n<p><img decoding=\"async\" loading=\"lazy\" class=\"size-medium wp-image-2416551\" src=\"https:\/\/www.europesays.com\/es\/wp-content\/uploads\/2025\/11\/gloria-camila-en--de-viernes-620x340.jpg\" alt=\"\" width=\"620\" height=\"340\"  \/><\/p>\n<p> Gloria Camila en \u2018\u00a1De Viernes!\u2019. (Foto: Telecinco)\n<\/p>\n<p>La hija de Jos\u00e9 Ortega Cano est\u00e1 cansada de guardar silencio y se ha sentado en el plat\u00f3 de \u00a1De Viernes! para dar su opini\u00f3n. \u00ab<strong>Yo s\u00e9 que Roc\u00edo es una persona que ha intentado parecer fuerte<\/strong>, pero evidentemente es imposible en esa situaci\u00f3n. <a href=\"https:\/\/okdiario.com\/look\/actualidad\/rocio-flores-29-anos-cuenta-pendiente-no-borra-tiempo-2399803\" rel=\"nofollow noopener\" target=\"_blank\">Ella ha sufrido much\u00edsimo por su madre<\/a>. Ella misma lo dice. Es su madre y nunca dejar\u00e1 de serlo\u00bb, comenta en un tono tajante.<\/p>\n<p>Afortunadamente, <strong>Roc\u00edo Flores<\/strong> ha contado con el respaldo de su t\u00eda Gloria, quien valora profundamente los esfuerzos que ha hecho para salir adelante. \u00ab<strong>Lo ha pasado muy mal. Llora de dolor, de verdad<\/strong>. Es el claro ejemplo de que al final no hay que ser lo que te hicieron\u00bb. Por desgracia, el conflicto familiar parece no tener soluci\u00f3n, pues, siguiendo el testimonio de nuestra protagonista, <strong>Roci\u00edto<\/strong> no quiere saber nada de su hija.<\/p>\n<p>El dolor de Roc\u00edo Flores<\/p>\n<p><a href=\"https:\/\/okdiario.com\/look\/actualidad\/despedida-rocio-flores-gloria-camila-antes-venganza-contra-kiko-jimenez-2369033\" rel=\"nofollow noopener\" target=\"_blank\">Gloria Camila quiere que todo el mundo sepa lo mal que lo ha pasado Roc\u00edo Flores<\/a> porque su <strong>drama<\/strong> puede explicar muchos de sus comportamientos. \u00abHa sufrido much\u00edsimo por su madre. Se han visto y se le ha negado incluso como la existencia. <strong>Eso es doloroso<\/strong>. Ya est\u00e1, Roc\u00edo lo ha sufrido. Me alegro de que se haya convertido en una persona m\u00e1s fuerte. Al final esto o te derrumba o te hace fuerte\u00bb, ha explicado en el programa presentado por Santiago Acosta y Beatriz Archidona.<\/p>\n<p>\n<img decoding=\"async\" loading=\"lazy\" class=\"size-medium wp-image-2373408\" alt=\"rocio flores, rocio flores padre,\" width=\"620\" height=\"349\"  src=\"https:\/\/www.europesays.com\/es\/wp-content\/uploads\/2025\/10\/placeholder.jpg\"  bad-src=\"https:\/\/www.europesays.com\/es\/wp-content\/uploads\/2025\/10\/placeholder.jpg\"\/><\/p>\n<p><img decoding=\"async\" loading=\"lazy\" class=\"size-medium wp-image-2373408\" src=\"https:\/\/www.europesays.com\/es\/wp-content\/uploads\/2025\/11\/rocio-flores-dando-su-entrevista-1-620x349.jpg\" alt=\"rocio flores, rocio flores padre,\" width=\"620\" height=\"349\"  \/><\/p>\n<p> Roc\u00edo Flores dando su entrevista. (Foto: \u2018\u00a1De Viernes!\u2019)\n<\/p>\n<p>La situaci\u00f3n que ha vivido Roc\u00edo no ha sido f\u00e1cil, pero Gloria tampoco lo ha pasado bien. Tal y como ella misma ha contado, \u00ab<strong>he sufrido una falta de apoyo<\/strong> como dije de hermana mayor.<strong> Yo lo he necesitado much\u00edsimo<\/strong>\u00bb.<\/p>\n<p>Gloria promete que nunca le dar\u00e1 la espalda a su sobrina. Debemos recordar que, en alguna ocasi\u00f3n, se ha especulado con la posibilidad de un distanciamiento entre ambas, pero la hija de Roc\u00edo Jurado promete que nunca romper\u00e1 con su familia. \u00ab<strong>Yo jam\u00e1s me ir\u00e9 de su lado<\/strong>. Yo lo he necesitado much\u00edsimo, pero gracias a Dios, hemos sabido salir. <strong>Me he reforzado<\/strong>. He sabido un poco c\u00f3mo hacerlo\u00bb.<\/p>\n<p>Una ruptura forzosa<\/p>\n<p>\n<img decoding=\"async\" loading=\"lazy\" class=\"size-medium wp-image-2406523\" alt=\"Roc\u00edo Carrasco en el Aeropuerto Adolfo Su\u00e1rez Madrid-Barajas. (Foto: Gtres)\" width=\"620\" height=\"349\"  src=\"https:\/\/www.europesays.com\/es\/wp-content\/uploads\/2025\/10\/placeholder.jpg\"  bad-src=\"https:\/\/www.europesays.com\/es\/wp-content\/uploads\/2025\/10\/placeholder.jpg\"\/><\/p>\n<p><img decoding=\"async\" loading=\"lazy\" class=\"size-medium wp-image-2406523\" src=\"https:\/\/www.europesays.com\/es\/wp-content\/uploads\/2025\/11\/u593401_015-1-620x349.jpg\" alt=\"Roc\u00edo Carrasco en el Aeropuerto Adolfo Su\u00e1rez Madrid-Barajas. (Foto: Gtres)\" width=\"620\" height=\"349\"  \/><\/p>\n<p> Roc\u00edo Carrasco en el Aeropuerto Adolfo Su\u00e1rez Madrid-Barajas. (Foto: Gtres)\n<\/p>\n<p><strong>Gloria Camila<\/strong> tiene claro que no va a separarse de <strong>Roc\u00edo Flores<\/strong> porque, por desgracia, cuando eran peque\u00f1as tuvieron que romper su relaci\u00f3n de manera forzosa. Seg\u00fan dice, de peque\u00f1a ten\u00eda contacto con sus sobrinos, pero de un momento a otro la situaci\u00f3n dio un giro radial. \u00ab<strong>De repente me los quitaron<\/strong>. Cuando yo empec\u00e9 a llamar y se me niega el contacto con ellos, evidentemente, yo no s\u00e9 lo que est\u00e1 pasando y siendo una ni\u00f1a no puedo hacer gran cosa\u00bb.<\/p>\n<p>Asegura que fue <strong>Antonio David Flores, ex marido de Rociito<\/strong>, el que tom\u00f3 cartas en el asunto para que las j\u00f3venes volviesen a cruzar sus caminos.<\/p>\n","protected":false},"excerpt":{"rendered":"Despu\u00e9s de estar un tiempo esquivando el tema, Gloria Camila ha hablado abiertamente de la guerra que existe&hellip;\n","protected":false},"author":2,"featured_media":213147,"comment_status":"","ping_status":"","sticky":false,"template":"","format":"standard","meta":{"footnotes":""},"categories":[91],"tags":[146,147,25,24,5929,23],"class_list":{"0":"post-213146","1":"post","2":"type-post","3":"status-publish","4":"format-standard","5":"has-post-thumbnail","7":"category-entretenimiento","8":"tag-entertainment","9":"tag-entretenimiento","10":"tag-es","11":"tag-espana","12":"tag-gloria-camila","13":"tag-spain"},"share_on_mastodon":{"url":"https:\/\/pubeurope.com\/@es\/115475999062973096","error":""},"_links":{"self":[{"href":"https:\/\/www.europesays.com\/es\/wp-json\/wp\/v2\/posts\/213146","targetHints":{"allow":["GET"]}}],"collection":[{"href":"https:\/\/www.europesays.com\/es\/wp-json\/wp\/v2\/posts"}],"about":[{"href":"https:\/\/www.europesays.com\/es\/wp-json\/wp\/v2\/types\/post"}],"author":[{"embeddable":true,"href":"https:\/\/www.europesays.com\/es\/wp-json\/wp\/v2\/users\/2"}],"replies":[{"embeddable":true,"href":"https:\/\/www.europesays.com\/es\/wp-json\/wp\/v2\/comments?post=213146"}],"version-history":[{"count":0,"href":"https:\/\/www.europesays.com\/es\/wp-json\/wp\/v2\/posts\/213146\/revisions"}],"wp:featuredmedia":[{"embeddable":true,"href":"https:\/\/www.europesays.com\/es\/wp-json\/wp\/v2\/media\/213147"}],"wp:attachment":[{"href":"https:\/\/www.europesays.com\/es\/wp-json\/wp\/v2\/media?parent=213146"}],"wp:term":[{"taxonomy":"category","embeddable":true,"href":"https:\/\/www.europesays.com\/es\/wp-json\/wp\/v2\/categories?post=213146"},{"taxonomy":"post_tag","embeddable":true,"href":"https:\/\/www.europesays.com\/es\/wp-json\/wp\/v2\/tags?post=213146"}],"curies":[{"name":"wp","href":"https:\/\/api.w.org\/{rel}","templated":true}]}}