{"id":213158,"date":"2025-11-01T19:13:09","date_gmt":"2025-11-01T19:13:09","guid":{"rendered":"https:\/\/www.europesays.com\/es\/213158\/"},"modified":"2025-11-01T19:13:09","modified_gmt":"2025-11-01T19:13:09","slug":"masters-de-paris-2025-zverev-sufre-la-fria-ley-de-sinner-finalista-en-paris-y-a-un-solo-paso-del-trono-tenis-deportes","status":"publish","type":"post","link":"https:\/\/www.europesays.com\/es\/213158\/","title":{"rendered":"Masters de Par\u00eds 2025: Zverev sufre la fr\u00eda ley de Sinner, finalista en Par\u00eds y a un solo paso del trono | Tenis | Deportes"},"content":{"rendered":"<p class=\"\">M\u00e1s que una se\u00f1al de esfuerzo, los sonidos que emite Alexander Zverev al golpear la pelota durante el pulso con Jannik Sinner parecen quejidos. Al alem\u00e1n, un tallo de pr\u00e1cticamente dos metros, le pesa y le duele absolutamente todo: brazos y piernas, mente y coraz\u00f3n. La noche anterior <a href=\"https:\/\/elpais.com\/deportes\/tenis\/2025-11-01\/de-bercy-a-la-defense-del-vertigo-a-la-lentitud-dos-pistas-y-dos-mundos-diferentes.html\" target=\"_self\" rel=\"nofollow noopener\" title=\"https:\/\/elpais.com\/deportes\/tenis\/2025-11-01\/de-bercy-a-la-defense-del-vertigo-a-la-lentitud-dos-pistas-y-dos-mundos-diferentes.html\">se bat\u00eda a fuego con el ruso Daniil Medvedev<\/a> y el margen de recuperaci\u00f3n tan escaso no perdona; en consecuencia, se desmorona y cae en un episodio que su adversario disfruta y paladea, poco m\u00e1s que un ensayo de intensidad intermedia para \u00e9l: 6-0 y 6-1, tras 1h 02m. El italiano, pues, disputar\u00e1 este domingo (15.00, Movistar+) la final del Masters de Par\u00eds frente al canadiense Felix Auger-Aliassime, superior a Alexander Bublik (7-6(3) y 6-4, en 1h 36m).<\/p>\n<p class=\"\">M\u00e1s all\u00e1 del agotamiento de Zverev, el paseo de Sinner subraya otra vez el abismo existente en el tenis masculino actual: son \u00e9l y Alcaraz, <a href=\"https:\/\/elpais.com\/deportes\/tenis\/2025-08-24\/sinner-y-alcaraz-miden-fuerzas-en-el-us-open-dos-colosos-en-trance-y-una-alternativa-que-sigue-sin-llegar.html\" target=\"_self\" rel=\"nofollow noopener\" title=\"https:\/\/elpais.com\/deportes\/tenis\/2025-08-24\/sinner-y-alcaraz-miden-fuerzas-en-el-us-open-dos-colosos-en-trance-y-una-alternativa-que-sigue-sin-llegar.html\">y el resto dos, tres o cuatro pelda\u00f1os por debajo<\/a>. \u201cA veces parece que juega al pimp\u00f3n\u201d, describ\u00eda el murciano hace no mucho, refiri\u00e9ndose al virtuosismo rob\u00f3tico de su rival desde la l\u00ednea de fondo. Lo sufre esta vez Zverev, cuya expresi\u00f3n lo dice todo. No ha cedido todav\u00eda el primer parcial, pero al dirigirse a la silla para la pausa extiende las extremidades y resopla. Lo acepta, porque al fin y al cabo no le queda otra: poco o nada hay que hacer. Enfrente hay un transatl\u00e1ntico que a pesar del desgaste acumulado, no afloja. El de San C\u00e1ndido desembarca en su novena final de la temporada.<\/p>\n<p>M\u00e1s informaci\u00f3n<\/p>\n<p class=\"\">La firma llega bajo las notas del Get up, Stand up de Bob Marley, tarde mansa y pl\u00e1cida para \u00e9l. Aunque a estas alturas pesan las piernas a todos, sin excepci\u00f3n, Sinner acelera y se desmiente a s\u00ed mismo: \u201cEl n\u00famero uno ya es imposible\u201d, dec\u00eda estos d\u00edas. O tal vez no. <a href=\"https:\/\/elpais.com\/deportes\/tenis\/2025-10-28\/alcaraz-se-lleva-un-revolcon-en-la-trampa-de-la-defense.html\" target=\"_self\" rel=\"nofollow noopener\" title=\"https:\/\/elpais.com\/deportes\/tenis\/2025-10-28\/alcaraz-se-lleva-un-revolcon-en-la-trampa-de-la-defense.html\">Patin\u00f3 Alcaraz el primer d\u00eda<\/a> y si \u00e9l triunfa en La D\u00e9fense, lo recuperar\u00eda. Ahora bien, al de El Palmar le bastar\u00edan tres triunfos en la Copa de Maestros para sellar el curso en lo m\u00e1s alto. En cualquier caso, ni uno ni otro ceden, y al \u00e9xito del espa\u00f1ol en Tokio reaccion\u00f3 el italiano con el de Viena y qui\u00e9n sabe si el de Par\u00eds, marco siempre complicado. Nunca hab\u00eda llegado tan lejos en la cita francesa.<\/p>\n<p class=\"\">\u201cCuando caes f\u00edsicamente, no puedes exprimir el servicio\u201d, disculpa a Zverev, tercero del mundo y reducido esta vez en un santiam\u00e9n. La din\u00e1mica de Sinner le atrapa. Son ya 25 victorias sucesivas bajo techo \u2014con las que iguala la secuencia de Pete Sampras, sexta mejor de la historia bajo el formato indoor\u2014 y la tercera final de un 1000 esta temporada, tras las perdidas <a href=\"https:\/\/elpais.com\/deportes\/tenis\/2025-05-18\/alcaraz-luce-hegemonia-en-la-casa-de-sinner-y-festeja-en-roma.html\" target=\"_self\" rel=\"nofollow noopener\" title=\"https:\/\/elpais.com\/deportes\/tenis\/2025-05-18\/alcaraz-luce-hegemonia-en-la-casa-de-sinner-y-festeja-en-roma.html\">en Roma<\/a> y <a href=\"https:\/\/elpais.com\/deportes\/tenis\/2025-08-18\/sinner-se-retira-mareado-y-alcaraz-se-proclama-campeon-en-cincinnati.html\" target=\"_self\" rel=\"nofollow noopener\" title=\"https:\/\/elpais.com\/deportes\/tenis\/2025-08-18\/sinner-se-retira-mareado-y-alcaraz-se-proclama-campeon-en-cincinnati.html\">Cincinnati<\/a>. Busca ahora el desquite y tendr\u00e1 enfrente a otro tenista que se maneja muy bien entre estas condiciones, Auger-Aliassime. As\u00ed lo dicen los n\u00fameros: nadie ha ganado m\u00e1s que \u00e9l (82 triunfos) desde 2020. Lo del canadiense es un retorno. Amag\u00f3 con extraviarse, pero parece haber recuperado la inspiraci\u00f3n y regresa al buen camino.<\/p>\n<p class=\"\">\u201cNo se juegan finales de este tipo todas las semanas\u201d, afirma, reenganchado a sus 25 a\u00f1os al tren de cabeza. A partir del lunes figurar\u00e1 de nuevo en el top-10 \u2014no lo hac\u00eda desde mayo de 2023\u2014 y el trazado parisino le acerca a la Copa de Maestros de Tur\u00edn, por segunda vez. Meritoria ascensi\u00f3n y buenas vibraciones para un jugador que en su momento apuntaba muy alto y luego fue perdi\u00e9ndose en la indefinici\u00f3n y la duda. Cuesti\u00f3n de confianza, seguramente. Piedra a piedra ha ido reconstruy\u00e9ndola y tras los premios obtenidos este a\u00f1o en Adelaida, Montpellier y Bruselas, tiene ahora a tiro un alegr\u00f3n. Virtualmente octavo en la carrera anual, se jugar\u00e1 la plaza restante para el Masters la pr\u00f3xima semana con Lorenzo Musetti.<\/p>\n<p>PRIMERA FINAL PARA BUCSA<\/p>\n<p>A. C. | Madrid<\/p>\n<p class=\"ql-align-justify\">La espa\u00f1ola Cristina Bucsa disputar\u00e1 este domingo la final del torneo de Hong Kong, de categor\u00eda WTA 250, gracias a la victoria obtenida frente a la joven Maya Joint por 6-3 y 6-1 (en 57 minutos). La c\u00e1ntabra, de 27 a\u00f1os, se enfrentar\u00e1 (9.00, Tennis Channel) a la canadiense Victoria Mboko, superior a Leylah Fernandez (2-6, 6-3 y 6-2).<\/p>\n<p class=\"ql-align-justify\">Se trata de la primera final individual para Bucsa, que en septiembre ya ofreci\u00f3 brillos en el US Open de Nueva York, donde firm\u00f3 su mejor recorrido en un grande al progresar hasta los octavos de final. Ahora, el recorrido de esta semana le garantiza ascender hasta el puesto 53, aunque se filtrar\u00eda entre las cincuenta mejores si vence.<\/p>\n<p class=\"ql-align-justify\">Bucsa es la 68\u00aa del mundo en estos momentos y se encontrar\u00e1 con Mboko, una prometedora tenista de 19 a\u00f1os que durante el verano se present\u00f3 a lo grande en la \u00e9lite con el triunfo en el WTA 1000 de Canad\u00e1. Hoy es la 21\u00aa en el escalaf\u00f3n, pero a partir del lunes figurar\u00e1 entre las veinte m\u00e1s fuertes.<\/p>\n","protected":false},"excerpt":{"rendered":"M\u00e1s que una se\u00f1al de esfuerzo, los sonidos que emite Alexander Zverev al golpear la pelota durante el&hellip;\n","protected":false},"author":2,"featured_media":213159,"comment_status":"","ping_status":"","sticky":false,"template":"","format":"standard","meta":{"footnotes":""},"categories":[274],"tags":[17145,1540,29963,168,25,24,20041,317,544,9188,57251,4759,23,167,327,11759,326],"class_list":{"0":"post-213158","1":"post","2":"type-post","3":"status-publish","4":"format-standard","5":"has-post-thumbnail","7":"category-tenis","8":"tag-atp-tour","9":"tag-competiciones","10":"tag-cristina-bucsa","11":"tag-deportes","12":"tag-es","13":"tag-espana","14":"tag-felix-auger-aliassime","15":"tag-francia","16":"tag-jannik-sinner","17":"tag-masters-1000","18":"tag-masters-paris","19":"tag-paris","20":"tag-spain","21":"tag-sports","22":"tag-tenis","23":"tag-tenistas","24":"tag-tennis"},"share_on_mastodon":{"url":"https:\/\/pubeurope.com\/@es\/115476037959092595","error":""},"_links":{"self":[{"href":"https:\/\/www.europesays.com\/es\/wp-json\/wp\/v2\/posts\/213158","targetHints":{"allow":["GET"]}}],"collection":[{"href":"https:\/\/www.europesays.com\/es\/wp-json\/wp\/v2\/posts"}],"about":[{"href":"https:\/\/www.europesays.com\/es\/wp-json\/wp\/v2\/types\/post"}],"author":[{"embeddable":true,"href":"https:\/\/www.europesays.com\/es\/wp-json\/wp\/v2\/users\/2"}],"replies":[{"embeddable":true,"href":"https:\/\/www.europesays.com\/es\/wp-json\/wp\/v2\/comments?post=213158"}],"version-history":[{"count":0,"href":"https:\/\/www.europesays.com\/es\/wp-json\/wp\/v2\/posts\/213158\/revisions"}],"wp:featuredmedia":[{"embeddable":true,"href":"https:\/\/www.europesays.com\/es\/wp-json\/wp\/v2\/media\/213159"}],"wp:attachment":[{"href":"https:\/\/www.europesays.com\/es\/wp-json\/wp\/v2\/media?parent=213158"}],"wp:term":[{"taxonomy":"category","embeddable":true,"href":"https:\/\/www.europesays.com\/es\/wp-json\/wp\/v2\/categories?post=213158"},{"taxonomy":"post_tag","embeddable":true,"href":"https:\/\/www.europesays.com\/es\/wp-json\/wp\/v2\/tags?post=213158"}],"curies":[{"name":"wp","href":"https:\/\/api.w.org\/{rel}","templated":true}]}}