{"id":213160,"date":"2025-11-01T19:14:15","date_gmt":"2025-11-01T19:14:15","guid":{"rendered":"https:\/\/www.europesays.com\/es\/213160\/"},"modified":"2025-11-01T19:14:15","modified_gmt":"2025-11-01T19:14:15","slug":"fallece-a-los-77-anos-luis-zubero-ciclista-del-mitico-eq","status":"publish","type":"post","link":"https:\/\/www.europesays.com\/es\/213160\/","title":{"rendered":"Fallece a los 77 a\u00f1os Luis Zubero, ciclista del m\u00edtico eq&#8230;"},"content":{"rendered":"<p>                    Profesional entre 1968 y 1976, el vizca\u00edno disput\u00f3 siete grandes vueltas con el KAS y tras su retirada regent\u00f3 durante d\u00e9cadas una conocida tienda de bicicletas en el centro de Bilbao.<\/p>\n<p class=\"c-mainarticle__date\">\n<p>                    31 de octubre de 2025 (11:15 CET)<\/p>\n<p>                                                                                                                                        <img fetchpriority=\"high\" decoding=\"async\" src=\"https:\/\/www.europesays.com\/es\/wp-content\/uploads\/2025\/11\/fallece-a-los-77-anos-luis-zubero-ciclista-del-mitico-equipo-kas.jpeg\" alt=\"Fallece a los 77 a\u00f1os Luis Zubero, ciclista del m\u00edtico equipo KAS\" title=\"Fallece a los 77 a\u00f1os Luis Zubero, ciclista del m\u00edtico equipo KAS\" class=\"c-mainarticle__img\" loading=\"eager\" width=\"790\" height=\"454\"\/><\/p>\n<p>                    Fallece a los 77 a\u00f1os Luis Zubero, ciclista del m\u00edtico equipo KAS<\/p>\n<p><strong>Luis Zubero,<\/strong>\u00a0referente\u00a0del ciclismo vasco y <strong>corredor\u00a0del m\u00edtico equipo Kas <\/strong>durante siete temporadas, <strong>ha fallecido este jueves a los 77 a\u00f1os de edad.\u00a0<\/strong><\/p>\n<p>Nacido en Zeberio (Vizcaya) en 1948, fue <strong>profesional entre 1968 y\u00a01976<\/strong>, cubriendo la mayor parte de su trayectoria ciclista en el\u00a0KAS (1968-74), uno de los equipos m\u00e1s fuertes en aquella \u00e9poca, con el que lleg\u00f3 a disputar\u00a0siete grandes vueltas: cuatro Tours\u00a0de Francia, dos Giros de Italia y una Vuelta a Espa\u00f1a. Como mejores resultados, Zubero acab\u00f3\u00a0<strong>15\u00ba el Tour\u00a0de 1970<\/strong>, donde fue\u00a0segundo en una de las\u00a0etapas reina, con final en Grenoble y que gan\u00f3 Eddy Merckx,\u00a0y <strong>18\u00ba en el Giro de 1973.<\/strong><\/p>\n<p>Campe\u00f3n de Espa\u00f1a amateur en 1967 y <strong>segundo en el Tour de Porvenir de 1969<\/strong> -que gan\u00f3\u00a0Joop Zoetemelk-, Luis Zubero\u00a0logr\u00f3 <strong>dos victorias como profesional<\/strong>, en\u00a0el Gran Premio\u00a0Pascuas y en la Cl\u00e1sica de\u00a0 Sabi\u00f1\u00e1nigo, ambas en 1970. Adem\u00e1s, represent\u00f3 a Espa\u00f1a en los Juegos Ol\u00edmpicos de M\u00e9xico de 1968.<\/p>\n<p>En aquellos a\u00f1os <strong>comparti\u00f3 pelot\u00f3n con ciclistas legendarios<\/strong> como Eddy Merckx, Bernard Th\u00e9venet, Raymond Poulidor o\u00a0Luis Oca\u00f1a,\u00a0y tuvo <strong>compa\u00f1eros en el KAS<\/strong> como Jos\u00e9 Manuel Fuente, Francisco Galdos,\u00a0Miguel Mari Lasa, Jos\u00e9 Antonio Gonz\u00e1lez Linares,\u00a0Jes\u00fas Manzaneque, Domingo Perurena o\u00a0Vicente L\u00f3pez Carril,\u00a0entre otros.\u00a0<\/p>\n<p>A su salida del KAS en 1974 corri\u00f3 en el\u00a0Monteverde &#8211; Sanson (1975) y en el italiano\u00a0Furzi &#8211; Vibor (1976), antes de poner fin a su carrera con tan solo 28 a\u00f1os. Al a\u00f1o siguiente, en 1977,\u00a0\u00a0<strong>abri\u00f3\u00a0una tienda de bicicletas\u00a0en el centro de Bilbao <\/strong>(Ciclos Zubero),\u00a0que ha regentado durante d\u00e9cadas junto a su mujer y sus hijos.\u00a0 \u00a0<\/p>\n","protected":false},"excerpt":{"rendered":"Profesional entre 1968 y 1976, el vizca\u00edno disput\u00f3 siete grandes vueltas con el KAS y tras su retirada&hellip;\n","protected":false},"author":2,"featured_media":213161,"comment_status":"","ping_status":"","sticky":false,"template":"","format":"standard","meta":{"footnotes":""},"categories":[273],"tags":[313,312,168,25,24,23,167],"class_list":{"0":"post-213160","1":"post","2":"type-post","3":"status-publish","4":"format-standard","5":"has-post-thumbnail","7":"category-ciclismo","8":"tag-ciclismo","9":"tag-cycling","10":"tag-deportes","11":"tag-es","12":"tag-espana","13":"tag-spain","14":"tag-sports"},"share_on_mastodon":{"url":"https:\/\/pubeurope.com\/@es\/115476042007529489","error":""},"_links":{"self":[{"href":"https:\/\/www.europesays.com\/es\/wp-json\/wp\/v2\/posts\/213160","targetHints":{"allow":["GET"]}}],"collection":[{"href":"https:\/\/www.europesays.com\/es\/wp-json\/wp\/v2\/posts"}],"about":[{"href":"https:\/\/www.europesays.com\/es\/wp-json\/wp\/v2\/types\/post"}],"author":[{"embeddable":true,"href":"https:\/\/www.europesays.com\/es\/wp-json\/wp\/v2\/users\/2"}],"replies":[{"embeddable":true,"href":"https:\/\/www.europesays.com\/es\/wp-json\/wp\/v2\/comments?post=213160"}],"version-history":[{"count":0,"href":"https:\/\/www.europesays.com\/es\/wp-json\/wp\/v2\/posts\/213160\/revisions"}],"wp:featuredmedia":[{"embeddable":true,"href":"https:\/\/www.europesays.com\/es\/wp-json\/wp\/v2\/media\/213161"}],"wp:attachment":[{"href":"https:\/\/www.europesays.com\/es\/wp-json\/wp\/v2\/media?parent=213160"}],"wp:term":[{"taxonomy":"category","embeddable":true,"href":"https:\/\/www.europesays.com\/es\/wp-json\/wp\/v2\/categories?post=213160"},{"taxonomy":"post_tag","embeddable":true,"href":"https:\/\/www.europesays.com\/es\/wp-json\/wp\/v2\/tags?post=213160"}],"curies":[{"name":"wp","href":"https:\/\/api.w.org\/{rel}","templated":true}]}}