{"id":213168,"date":"2025-11-01T19:19:16","date_gmt":"2025-11-01T19:19:16","guid":{"rendered":"https:\/\/www.europesays.com\/es\/213168\/"},"modified":"2025-11-01T19:19:16","modified_gmt":"2025-11-01T19:19:16","slug":"estaba-temblando-me-quede-en-shock","status":"publish","type":"post","link":"https:\/\/www.europesays.com\/es\/213168\/","title":{"rendered":"&#8216;Estaba temblando, me qued\u00e9 en shock&#8217;"},"content":{"rendered":"<p>\u00c1ngel Hidalgo, un fot\u00f3grafo de Alcaudete (Ja\u00e9n) de 29 a\u00f1os, logr\u00f3 la imagen del a\u00f1o en Espa\u00f1a. Esto se puede decir sin \u00e1nimo a equivocarse porque la repercusi\u00f3n mundial que ha tenido as\u00ed lo confirma. Este joven iba a primera hora de la ma\u00f1ana del d\u00eda 22 de octubre por uno de los montes pr\u00f3ximos a Ja\u00e9n cuando ante sus ojos <b>se encontr\u00f3 a unos 150 metros con un lince con todo el pelaje blanco<\/b>.\u00a0<\/p>\n<p>Pudo disfrutar de \u00e9l alrededor de un minuto, tal y como capt\u00f3 en un v\u00eddeo en el que se ve al animal mirando primero a la c\u00e1mara fijamente y despu\u00e9s al suelo. <b>Tras esos segundos desapareci\u00f3, casi como si fuera una escena m\u00edstica<\/b> m\u00e1s propia de una leyenda procedente del pasado que de la vida real.\u00a0<\/p>\n<p>Sin embargo, el animal es de carne y hueso. Se trata de una hembra que <b>naci\u00f3 en 2021 y que fue bautizada con el nombre de Satureja<\/b>. \u00abEl fantasma blanco del bosque mediterr\u00e1neo\u00bb, lo defini\u00f3 Hidalgo en <a href=\"https:\/\/www.instagram.com\/angeliyo_o\/\" target=\"_blank\" rel=\"nofollow noopener\">la publicaci\u00f3n de Instagram (@angeliyo_o)<\/a> en la que informaba a sus seguidores de su hallazgo.<\/p>\n<p>\u00abSiempre se le ha llamado as\u00ed al ser un felino tan esquivo y dif\u00edcil de observar en los bosques mediterr\u00e1neos, as\u00ed que <b>cuando lo vi me vino de inmediato a la cabeza ese nombre<\/b>\u00ab, explica a El HuffPost este encargado de una planta de yeso laminado, que desde peque\u00f1o ha sido aficionado a la naturaleza y a la fotograf\u00eda en el monte.\u00a0<\/p>\n<p>Desde un primer momento se pens\u00f3 que se trataba de un ejemplar de lince ib\u00e9rico leuc\u00edstico, probablemente el \u00fanico en todo el mundo.\u00a0Esta particularidad gen\u00e9tica se debe a un gen recesivo, que acaba dando un color blanco al pelaje y que es diferente al albinismo, ya que no afecta al color de los ojos. La realidad, en cambio, y seg\u00fan han confirmado desde el Plan de Recuperaci\u00f3n del Lince Ib\u00e9rico en Andaluc\u00eda, es que se tratar\u00eda de un animal que <b>ha cambiado la pigmentaci\u00f3n de su pelo por factores externos como el estr\u00e9s<\/b>, pero que puede volver a su color natural.<\/p>\n<p><b>\u00abNo es albinismo ni leucismo<\/b>, y estamos investigando qu\u00e9 es lo que ha podido ocurrir y pensamos que podr\u00eda estar relacionado con la exposici\u00f3n a algo ambiental\u00bb, ha contado su director, Javier Salcedo.<\/p>\n<p>Hidalgo a\u00f1ade que le han confirmado que\u00a0<b>hubo otro caso similar en C\u00f3rdoba<\/b> y que seguramente este felino pueda estar emparentado con ese caso: \u00abEn aquella ocasi\u00f3n volvi\u00f3 a su pelo original, por eso es una imagen exclusiva porque si vuelve desaparecer\u00eda el lince blanco\u00bb.<\/p>\n<p>Fuentes de la Consejer\u00eda tambi\u00e9n han indicado a la Agencia EFE que es un ejemplar que se est\u00e1 investigando para conocer las causas de su cambio de pigmentaci\u00f3n. \u00ab<b>Las causas no est\u00e1n claras, si es gen\u00e9tica o por alg\u00fan otro motivo<\/b>. Hasta que no se analicen las muestras que puedan extraer del ejemplar no sabremos el motivo\u00bb, han apuntado.\u00a0<\/p>\n<p>Un encuentro que se empez\u00f3 a fraguar hace un mes<\/p>\n<p>Todo comenz\u00f3 hace aproximadamente un mes, cuando Hidalgo instal\u00f3 en una nueva zona de monte de Ja\u00e9n -no la quiere especificar por motivos de seguridad- c\u00e1maras de fototrampeo. Lo hizo, como hace habitualmente, para conocer la fauna y los animales que hay antes de lanzarse a hacer fotos. En una de esas <b>revisiones que hizo a principios de octubre fue cuando se llev\u00f3 esta grata sorpresa.\u00a0<\/b><\/p>\n<p>\u00abEn una de esas revisiones encontr\u00e9 una especie de animal, que era como un lince o un perro blanco, y no le di mucha importancia porque me imaginaba que ser\u00eda un perro. Despu\u00e9s al llegar a casa y ver las im\u00e1genes en tama\u00f1o grande en el ordenador <b>ya vi que era un lince. Me qued\u00e9 impresionado <\/b>y no me lo pod\u00eda ni creer\u00bb, confiesa.\u00a0<\/p>\n<p>Desde ese instante lo quiso ver con sus propios ojos y fue todos los d\u00edas en su tiempo libre a ver si se topaba con \u00e9l. Le cost\u00f3 unas tres semanas lograrlo: \u00ab<b>Iba todos los d\u00edas una media de cinco, seis o hasta siete horas diarias<\/b>. Todo el tiempo que me permit\u00eda mi trabajo lo dedicaba a la b\u00fasqueda de este lince blanco\u00bb.<\/p>\n<p>Fue ese mi\u00e9rcoles 22 cuando tras una fr\u00eda y lluviosa noche Hidalgo se anim\u00f3 a ir al monte y se lo encontr\u00f3: \u00abEse d\u00eda sal\u00ed muy temprano a pesar de que hab\u00eda hecho una noche mal\u00edsima. Cuando hace este tiempo me gusta m\u00e1s porque los animales est\u00e1n m\u00e1s tranquilos porque saben que la gente no va a ir al monte, salvo excepciones<b>. Entonces dio la casualidad de que me lo encontr\u00e9 a lo lejos, a unos 150 metros\u00bb.<\/b><\/p>\n<p><img decoding=\"async\" loading=\"lazy\" src=\"https:\/\/img2.huffingtonpost.es\/files\/image_1200_800\/uploads\/2025\/10\/31\/angel-hidalgo-el-autor-de-la-fotografia-del-lince-iberico-blanco.jpeg\" width=\"1200\" height=\"800\"  data-full-src=\"https:\/\/www.europesays.com\/es\/wp-content\/uploads\/2025\/11\/angel-hidalgo-el-autor-de-la-fotografia-del-lince-iberico-blanco.jpeg\" \/><\/p>\n<p>        \u00c1ngel Hidalgo, el autor de la fotograf\u00eda del lince ib\u00e9rico blanco.Imagen cedida por \u00c1ngel Hidalgo<\/p>\n<p>\u00abSaqu\u00e9 la c\u00e1mara y estaba nervioso, temblando porque<b> al verlo me qued\u00e9 en shock, casi paralizado<\/b>. Cuando volv\u00ed a mirar tras unos segundos ya hab\u00eda desaparecido. En el v\u00eddeo que hice se ve que sale movido porque lo tom\u00e9 a pulso, sin tr\u00edpode y estando muy nervioso. Tom\u00e9 varias fotograf\u00edas y revis\u00e9 todo y cuando volv\u00ed a mirar ya hab\u00eda desaparecido\u00bb, a\u00f1ade.\u00a0<\/p>\n<p>Seg\u00fan explica se debe a que si el lince ya de por si es un animal esquivo y complicado de ver, este al tener el pelo blanco lo es todav\u00eda m\u00e1s. \u00ab<b>Sabe que es m\u00e1s vulnerable, le cuesta m\u00e1s cazar y por eso es mucho m\u00e1s nocturno<\/b>\u00ab, justifica este fot\u00f3grafo, que se puso al momento en contacto con las autoridades y organizaciones de protecci\u00f3n del lince.\u00a0<\/p>\n<p>En estos diez d\u00edas desde que hizo esa foto Hidalgo<b> ha vuelto a tener un segundo encuentro con el animal<\/b> en el que ha podido verlo m\u00e1s calmado y sacar nuevo material que a\u00fan no ha visto la luz.<\/p>\n<p>\u00abEstoy teniendo cuidado para que no me siga nadie\u00bb<\/p>\n<p>La foto que public\u00f3 en sus redes sociales ha tenido un alcance mundial. Le han escrito desde pa\u00edses tan diferentes como<b> China, Colombia, Reino Unido, Brasil o Estados Unidos.<\/b> Tambi\u00e9n desde aqu\u00ed de Espa\u00f1a y desde su entorno hasta el punto de que, se r\u00ede, \u00abla bater\u00eda del m\u00f3vil no aguanta el ritmo\u00bb.\u00a0<\/p>\n<p>Esa presi\u00f3n y esa fama que ha logrado le ha obligado a controlar sus movimientos a la hora de volver a ir al monte en busca del lince por motivos de seguridad. \u00ab<b>Estoy teniendo mucho cuidado para que no me siga nadie<\/b>, por el bienestar del animal y de los especialistas que lo est\u00e1n estudiando\u00bb, asegura.<\/p>\n<p>Por ello, no ha querido decirlo y lo ha mantenido en total secreto: \u00abMe piden que los lleven a esa zona para verlo, pero no lo hago. <b>Ni por dinero ni nada<\/b>. Yo lo que hago es por el bien de la especie y porque me gusta mucho la naturaleza y el lince ib\u00e9rico, no por dinero y no voy a llevar a nadie ni lo voy a decir\u00bb.<\/p>\n<p>De hecho, hasta ya avanza que va a dejar de visitar la zona y va a dejar tranquilo al animal porque \u00abpuede ser peligroso, ya que <b>adem\u00e1s de fot\u00f3grafos y curiosos pueden ir cazadores furtivos<\/b>, solo hace falta recordar que el lince ib\u00e9rico estuvo en peligro de extinci\u00f3n hasta hace muy poco\u00bb.<\/p>\n<p>Aunque no lo vuelva a ver m\u00e1s, \u00c1ngel Hidalgo se ha convertido en <b>la primera persona en fotografiar un lince ib\u00e9rico blanco.<\/b><\/p>\n<p><img decoding=\"async\" loading=\"lazy\" src=\"https:\/\/img2.huffingtonpost.es\/files\/image_1200_800\/uploads\/2025\/10\/31\/angel-hidalgo-tomando-una-foto-en-la-naturaleza.jpeg\" width=\"1200\" height=\"800\"  data-full-src=\"https:\/\/www.europesays.com\/es\/wp-content\/uploads\/2025\/11\/angel-hidalgo-tomando-una-foto-en-la-naturaleza.jpeg\" \/><\/p>\n<p>        \u00c1ngel Hidalgo, tomando una foto en la naturaleza.Imagen cedida por \u00c1ngel Hidalgo<\/p>\n<p><script async src=\"\/\/www.instagram.com\/embed.js\"><\/script><\/p>\n","protected":false},"excerpt":{"rendered":"\u00c1ngel Hidalgo, un fot\u00f3grafo de Alcaudete (Ja\u00e9n) de 29 a\u00f1os, logr\u00f3 la imagen del a\u00f1o en Espa\u00f1a. Esto&hellip;\n","protected":false},"author":2,"featured_media":213169,"comment_status":"","ping_status":"","sticky":false,"template":"","format":"standard","meta":{"footnotes":""},"categories":[173],"tags":[259,229,233,231,230,232,234,146,147,25,24,57469,1409,23],"class_list":{"0":"post-213168","1":"post","2":"type-post","3":"status-publish","4":"format-standard","5":"has-post-thumbnail","7":"category-arte-y-diseno","8":"tag-andalucia","9":"tag-arte","10":"tag-arte-y-diseno","11":"tag-arts","12":"tag-arts-and-design","13":"tag-design","14":"tag-diseno","15":"tag-entertainment","16":"tag-entretenimiento","17":"tag-es","18":"tag-espana","19":"tag-lince-iberico","20":"tag-naturaleza","21":"tag-spain"},"share_on_mastodon":{"url":"https:\/\/pubeurope.com\/@es\/115476061747716916","error":""},"_links":{"self":[{"href":"https:\/\/www.europesays.com\/es\/wp-json\/wp\/v2\/posts\/213168","targetHints":{"allow":["GET"]}}],"collection":[{"href":"https:\/\/www.europesays.com\/es\/wp-json\/wp\/v2\/posts"}],"about":[{"href":"https:\/\/www.europesays.com\/es\/wp-json\/wp\/v2\/types\/post"}],"author":[{"embeddable":true,"href":"https:\/\/www.europesays.com\/es\/wp-json\/wp\/v2\/users\/2"}],"replies":[{"embeddable":true,"href":"https:\/\/www.europesays.com\/es\/wp-json\/wp\/v2\/comments?post=213168"}],"version-history":[{"count":0,"href":"https:\/\/www.europesays.com\/es\/wp-json\/wp\/v2\/posts\/213168\/revisions"}],"wp:featuredmedia":[{"embeddable":true,"href":"https:\/\/www.europesays.com\/es\/wp-json\/wp\/v2\/media\/213169"}],"wp:attachment":[{"href":"https:\/\/www.europesays.com\/es\/wp-json\/wp\/v2\/media?parent=213168"}],"wp:term":[{"taxonomy":"category","embeddable":true,"href":"https:\/\/www.europesays.com\/es\/wp-json\/wp\/v2\/categories?post=213168"},{"taxonomy":"post_tag","embeddable":true,"href":"https:\/\/www.europesays.com\/es\/wp-json\/wp\/v2\/tags?post=213168"}],"curies":[{"name":"wp","href":"https:\/\/api.w.org\/{rel}","templated":true}]}}