{"id":213185,"date":"2025-11-01T19:30:18","date_gmt":"2025-11-01T19:30:18","guid":{"rendered":"https:\/\/www.europesays.com\/es\/213185\/"},"modified":"2025-11-01T19:30:18","modified_gmt":"2025-11-01T19:30:18","slug":"la-policia-investiga-un-secuestro-en-carabanchel-tras-un-tiroteo-en-plena-calle-contra-un-vehiculo","status":"publish","type":"post","link":"https:\/\/www.europesays.com\/es\/213185\/","title":{"rendered":"La Polic\u00eda investiga un secuestro en Carabanchel tras un tiroteo en plena calle contra un veh\u00edculo"},"content":{"rendered":"<p class=\"article-text\">\n        La Polic\u00eda Nacional ha comunicado que el Grupo 12 de Secuestros se encuentra actualmente investigando un tiroteo ocurrido esta noche en  el distrito madrile\u00f1o de Carabanchel, donde un veh\u00edculo ha sufrido varios impactos de bala, as\u00ed como el posible secuestro posterior de su ocupante.\n    <\/p>\n<p class=\"article-text\">\n        Los hechos sucedieron el viernes sobre las 20.45 horas, cuando la Polic\u00eda Nacional recibi\u00f3 una llamada de numerosos testigos que alertaban de un choque entre veh\u00edculos y un posterior tiroteo en las inmediaciones del n\u00famero 65 de la calle Antonio L\u00f3pez.\n    <\/p>\n<p class=\"article-text\">\n        A su llegada al lugar, los agentes encontraron un veh\u00edculo abandonado en la v\u00eda p\u00fablica, con impactos de bala pero sin nadie en su interior. Al parecer, tres coches habr\u00edan alcanzado a este veh\u00edculo, sacado a la fuerza al conductor y huido del lugar, seg\u00fan han informado fuentes policiales.\n    <\/p>\n<p class=\"article-text\">\n        Agentes de la Polic\u00eda Cient\u00edfica realizaron una inspecci\u00f3n inmediata del lugar, mientras que el Grupo 12 de Secuestros de la Polic\u00eda Nacional se ha hecho cargo de la investigaci\u00f3n. Por el momento se desconoce la identidad del posible secuestrado ni de los atacantes y no se han practicado detenciones.\n    <\/p>\n<p class=\"article-text\">\n        Hasta la ma\u00f1ana de este s\u00e1bado, la Polic\u00eda no hab\u00eda recibido ninguna denuncia por desaparici\u00f3n relacionada con lo ocurrido, seg\u00fan ha confirmado EFE.\n    <\/p>\n<p class=\"article-text\">\n        La Polic\u00eda Nacional trabaja con la hip\u00f3tesis de que en el coche embestido solo hab\u00eda un ocupante, el conductor, que ser\u00eda el \u00fanico secuestrado.  Algunos vecinos grabaron im\u00e1genes del choque y del secuestro, lo que ha ofrecido informaci\u00f3n a los agentes sobre los veh\u00edculos implicados en este suceso.\n    <\/p>\n","protected":false},"excerpt":{"rendered":"La Polic\u00eda Nacional ha comunicado que el Grupo 12 de Secuestros se encuentra actualmente investigando un tiroteo ocurrido&hellip;\n","protected":false},"author":2,"featured_media":213186,"comment_status":"","ping_status":"","sticky":false,"template":"","format":"standard","meta":{"footnotes":""},"categories":[8],"tags":[17,18,10872,29519,25,24,13,14,11,15307,19,20,9,10,15,16,5670,586,46304,23,6773,12,21,22,27605],"class_list":{"0":"post-213185","1":"post","2":"type-post","3":"status-publish","4":"format-standard","5":"has-post-thumbnail","7":"category-espana","8":"tag-breaking-news","9":"tag-breakingnews","10":"tag-calle","11":"tag-carabanchel","12":"tag-es","13":"tag-espana","14":"tag-featured-news","15":"tag-featurednews","16":"tag-headlines","17":"tag-investiga","18":"tag-latest-news","19":"tag-latestnews","20":"tag-news","21":"tag-noticias","22":"tag-noticias-destacadas","23":"tag-noticiasdestacadas","24":"tag-plena","25":"tag-policia","26":"tag-secuestro","27":"tag-spain","28":"tag-tiroteo","29":"tag-titulares","30":"tag-ultimas-noticias","31":"tag-ultimasnoticias","32":"tag-vehiculo"},"share_on_mastodon":{"url":"https:\/\/pubeurope.com\/@es\/115476104766434272","error":""},"_links":{"self":[{"href":"https:\/\/www.europesays.com\/es\/wp-json\/wp\/v2\/posts\/213185","targetHints":{"allow":["GET"]}}],"collection":[{"href":"https:\/\/www.europesays.com\/es\/wp-json\/wp\/v2\/posts"}],"about":[{"href":"https:\/\/www.europesays.com\/es\/wp-json\/wp\/v2\/types\/post"}],"author":[{"embeddable":true,"href":"https:\/\/www.europesays.com\/es\/wp-json\/wp\/v2\/users\/2"}],"replies":[{"embeddable":true,"href":"https:\/\/www.europesays.com\/es\/wp-json\/wp\/v2\/comments?post=213185"}],"version-history":[{"count":0,"href":"https:\/\/www.europesays.com\/es\/wp-json\/wp\/v2\/posts\/213185\/revisions"}],"wp:featuredmedia":[{"embeddable":true,"href":"https:\/\/www.europesays.com\/es\/wp-json\/wp\/v2\/media\/213186"}],"wp:attachment":[{"href":"https:\/\/www.europesays.com\/es\/wp-json\/wp\/v2\/media?parent=213185"}],"wp:term":[{"taxonomy":"category","embeddable":true,"href":"https:\/\/www.europesays.com\/es\/wp-json\/wp\/v2\/categories?post=213185"},{"taxonomy":"post_tag","embeddable":true,"href":"https:\/\/www.europesays.com\/es\/wp-json\/wp\/v2\/tags?post=213185"}],"curies":[{"name":"wp","href":"https:\/\/api.w.org\/{rel}","templated":true}]}}