{"id":21319,"date":"2025-08-02T20:09:08","date_gmt":"2025-08-02T20:09:08","guid":{"rendered":"https:\/\/www.europesays.com\/es\/21319\/"},"modified":"2025-08-02T20:09:08","modified_gmt":"2025-08-02T20:09:08","slug":"el-ciclista-italiano-giulio-ciccone-gana-la-clasica-de-san-sebastian","status":"publish","type":"post","link":"https:\/\/www.europesays.com\/es\/21319\/","title":{"rendered":"El ciclista italiano Giulio Ciccone gana la Cl\u00e1sica de San Sebasti\u00e1n"},"content":{"rendered":"<p>02\/08\/2025<br \/>\n<br \/><strong><br \/>\nActualizado a las 20:02h.<br \/>\n<\/strong><\/p>\n<p class=\"voc-p\" style=\"\">El ciclista italiano<strong> Giulio Ciccone <\/strong>ha logrado este s\u00e1bado la victoria en<strong> la Cl\u00e1sica de San Sebasti\u00e1n<\/strong>, por delante del suizo Jan Christen y del belga Maxim Van Gils, para <a href=\"https:\/\/www.abc.es\/deportes\/ciclismo\/historica-victoria-etapa-mavi-garcia-tour-femenino-20250727163538-nt.html\" title=\"www.abc.es\" data-voc-vtm-id=\"in-text-traffic\" data-mrf-link=\"www.abc.es\" rel=\"nofollow noopener\" target=\"_blank\">lograr su 12\u00aa victoria en el World Tour <\/a>(primera divisi\u00f3n del ciclismo), informa Afp.<\/p>\n<p class=\"voc-p\" style=\"\">Tras 200 km de carrera, el corredor del equipo Lidl-Trek dio el <strong>aceler\u00f3n definitivo <\/strong>en la temida subida a Murgil-Tontorra, el \u00faltimo puerto de monta\u00f1a de la jornada y cuya cima estaba situada a 8 km de la llegada.<\/p>\n<p class=\"voc-p\" style=\"\">Tras coronar <strong>con nueve segundos de diferencia<\/strong> con respecto a sus perseguidores, Ciccone se plant\u00f3 s\u00f3lo en la meta de San Sebasti\u00e1n, con esa misma diferencia de tiempo sobre Christen y 19 segundos sobre Van Gils, que <a href=\"https:\/\/www.abc.es\/deportes\/ciclismo\/\" title=\"www.abc.es\" data-voc-vtm-id=\"in-text-traffic\" data-mrf-link=\"www.abc.es\" rel=\"nofollow noopener\" target=\"_blank\">encabez\u00f3 un grupo de cuatro corredores<\/a>. Entre estos, estaban tambi\u00e9n el mexicano Isaac del Toro (5\u00ba en la meta), el belga<strong> Tiesj Benoot <\/strong>y el estadounidense <strong>Neilson Powless<\/strong>, vencedor de esta carrera en 2021.<\/p>\n<p class=\"voc-p\" style=\"\">El grupo principal, en el que estaba el esloveno <strong>Primoz Roglic<\/strong>, entr\u00f3 a dos minutos del vencedor.<\/p>\n<p class=\"voc-p\" style=\"\">\u00abHoy he tenido excelentes piernas y he podido darlo todo. Ganar ac\u00e1 es fant\u00e1stico porque \u00e9sta es una de mis carreras preferidas\u00bb, declar\u00f3 <a href=\"https:\/\/www.abc.es\/noticias\/giro-de-italia\/\" title=\"www.abc.es\" data-voc-vtm-id=\"in-text-traffic\" data-mrf-link=\"www.abc.es\" rel=\"nofollow noopener\" target=\"_blank\">el triple vencedor de etapa en el Giro de Italia<\/a>, que en mayo sufri\u00f3 un grave accidente durante la \u00faltima edici\u00f3n de la \u00abCorsa Rosa\u00bb.<\/p>\n<p class=\"voc-p\" style=\"\">El corredor de 30 a\u00f1os aguant\u00f3 los ataques de los dos ciclistas del UAE Emirates, Del Toro y Chisten,<strong> para imponerse en solitario<\/strong>: \u00abPens\u00e9 que Del Toro atacar\u00eda (en la \u00faltima subida), pero le he visto flaquear y en ese momento he tratado de ir al 100% hasta la llegada. Fue un esfuerzo intenso\u00bb.<\/p>\n<p class=\"voc-p\" style=\"\">\u00abHonestamente<strong> no me esperaba ganar tan r\u00e1pido<\/strong>, pero sab\u00eda que<a href=\"https:\/\/www.abc.es\/deportes\/ciclismo\/\" title=\"www.abc.es\" data-voc-vtm-id=\"in-text-traffic\" data-mrf-link=\"www.abc.es\" rel=\"nofollow noopener\" target=\"_blank\"> mis resultados eran buenos<\/a>, que me he recuperado bien y que el trabajo de todo el equipo es excelente\u00ab, declar\u00f3 el italiano, que reaparec\u00eda en competici\u00f3n tras su ca\u00edda en el Giro.<\/p>\n<p>Reportar un error<\/p>\n","protected":false},"excerpt":{"rendered":"02\/08\/2025 Actualizado a las 20:02h. El ciclista italiano Giulio Ciccone ha logrado este s\u00e1bado la victoria en la&hellip;\n","protected":false},"author":2,"featured_media":21320,"comment_status":"","ping_status":"","sticky":false,"template":"","format":"standard","meta":{"footnotes":""},"categories":[273],"tags":[12663,313,1757,2683,312,168,25,24,4355,12662,2872,2228,11678,23,167],"class_list":{"0":"post-21319","1":"post","2":"type-post","3":"status-publish","4":"format-standard","5":"has-post-thumbnail","7":"category-ciclismo","8":"tag-ciccone","9":"tag-ciclismo","10":"tag-ciclista","11":"tag-clasica","12":"tag-cycling","13":"tag-deportes","14":"tag-es","15":"tag-espana","16":"tag-gana","17":"tag-giulio","18":"tag-italiano","19":"tag-san","20":"tag-sebastian","21":"tag-spain","22":"tag-sports"},"share_on_mastodon":{"url":"","error":""},"_links":{"self":[{"href":"https:\/\/www.europesays.com\/es\/wp-json\/wp\/v2\/posts\/21319","targetHints":{"allow":["GET"]}}],"collection":[{"href":"https:\/\/www.europesays.com\/es\/wp-json\/wp\/v2\/posts"}],"about":[{"href":"https:\/\/www.europesays.com\/es\/wp-json\/wp\/v2\/types\/post"}],"author":[{"embeddable":true,"href":"https:\/\/www.europesays.com\/es\/wp-json\/wp\/v2\/users\/2"}],"replies":[{"embeddable":true,"href":"https:\/\/www.europesays.com\/es\/wp-json\/wp\/v2\/comments?post=21319"}],"version-history":[{"count":0,"href":"https:\/\/www.europesays.com\/es\/wp-json\/wp\/v2\/posts\/21319\/revisions"}],"wp:featuredmedia":[{"embeddable":true,"href":"https:\/\/www.europesays.com\/es\/wp-json\/wp\/v2\/media\/21320"}],"wp:attachment":[{"href":"https:\/\/www.europesays.com\/es\/wp-json\/wp\/v2\/media?parent=21319"}],"wp:term":[{"taxonomy":"category","embeddable":true,"href":"https:\/\/www.europesays.com\/es\/wp-json\/wp\/v2\/categories?post=21319"},{"taxonomy":"post_tag","embeddable":true,"href":"https:\/\/www.europesays.com\/es\/wp-json\/wp\/v2\/tags?post=21319"}],"curies":[{"name":"wp","href":"https:\/\/api.w.org\/{rel}","templated":true}]}}