{"id":213197,"date":"2025-11-01T19:44:08","date_gmt":"2025-11-01T19:44:08","guid":{"rendered":"https:\/\/www.europesays.com\/es\/213197\/"},"modified":"2025-11-01T19:44:08","modified_gmt":"2025-11-01T19:44:08","slug":"la-castanera-de-la-calle-aribau","status":"publish","type":"post","link":"https:\/\/www.europesays.com\/es\/213197\/","title":{"rendered":"La casta\u00f1era de la calle Aribau"},"content":{"rendered":"<p data-gtm-element-container=\"modulo-texto-link\" class=\"paragraph\"><a href=\"https:\/\/www.lavanguardia.com\/participacion\/20210124\/6185893\/guia-normas-participacion-comunidad-lectores-vanguardia.html\" target=\"_blank\" rel=\"nofollow noopener\">* El autor forma parte de la comunidad de lectores de La Vanguardia<\/a><\/p>\n<p data-gtm-element-container=\"modulo-texto-link\" class=\"paragraph\">Paseando por la calle Aribau, muy cerca de los cines, me encuentro con esta escena que resume en este<a href=\"https:\/\/www.lavanguardia.com\/participacion\/las-fotos-de-los-lectores\" target=\"_blank\" rel=\"nofollow noopener\"> FotoFlash de Las Fotos de los Lectores de La Vanguardia <\/a>perfectamente la transici\u00f3n hacia el oto\u00f1o barcelon\u00e9s: la parada de casta\u00f1as y boniatos, el bus que pasa dejando una estela de luz, y un grupo de gente en la parada del bus y la puerta del cine.<\/p>\n<p data-gtm-element-container=\"modulo-texto-link\" class=\"paragraph\">La fotograf\u00eda est\u00e1 tomada aprovechando el alumbrado p\u00fablico y la luz c\u00e1lida de la parada de casta\u00f1as. El bus desenfocado aporta dinamismo, mientras que la parada y los peatones nos anclan al presente. A nivel compositivo, he buscado una perspectiva con profundidad, aprovechando las l\u00edneas de la acera y los \u00e1rboles para guiar la mirada hasta el grupo de personas. La sombra de los \u00e1rboles y la textura del panot a\u00f1aden car\u00e1cter a una imagen que, por cotidiana, respira autenticidad.<\/p>\n<p data-gtm-element-container=\"modulo-texto-link\" class=\"paragraph\">Esta escena recuerda que la fotograf\u00eda urbana no es s\u00f3lo capturar edificios o calles, sino retratar momentos ef\u00edmeros de la ciudad: el humo que escapa a una parada, una conversaci\u00f3n inesperada, la luz de un sem\u00e1foro verde que invita a seguir caminando.<\/p>\n<p>                         Ampliar<\/p>\n<p>                <img loading=\"lazy\" decoding=\"async\" data-full-src=\"https:\/\/www.lavanguardia.com\/uploads\/2025\/11\/01\/6905ecf06d784.jpeg\" alt=\"La parada de casta\u00f1as y boniatos de la calle Aribau junto a la parada del bus y la puerta del cine define el oto\u00f1o en la ciudad.\" width=\"449\" height=\"370\" src=\"https:\/\/www.europesays.com\/es\/wp-content\/uploads\/2025\/11\/6905ecf06d784.r_d.960-791.jpeg\" class=\"lazy\"\/><\/p>\n<p class=\"caption-title \">La parada de casta\u00f1as y boniatos de la calle Aribau junto a la parada del bus y la puerta del cine define el oto\u00f1o en la ciudad.<\/p>\n<p>                    Jaume Vilardaga Ribera \/ @jaumevilardaga<\/p>\n<p>    Lee tambi\u00e9n<\/p>\n<p><a href=\"https:\/\/www.lavanguardia.com\/participacion\/20210124\/6185893\/guia-normas-participacion-comunidad-lectores-vanguardia.html\" target=\"_blank\" rel=\"nofollow noopener\">\u25a0 \u00bfC\u00d3MO PUEDO PARTICIPAR EN LA COMUNIDAD DE LA VANGUARDIA?<\/a><\/p>\n<p>\u00a1Participa!<br \/>\n\u00bfQuieres mostrar tus fotograf\u00edas?<\/p>\n<p data-gtm-element-container=\"modulo-texto-link\" class=\"paragraph\">Los interesados en participar en Las Fotos de los Lectores tan solo deben escribir un email a la direcci\u00f3n de correo de nuestra secci\u00f3n de Participaci\u00f3n (participacion@lavanguardia.es) adjuntando la fotograf\u00eda, explicando detalles de c\u00f3mo y d\u00f3nde fue tomada y aportando los datos del autor para la firma de la imagen. Es importante indicar en el asunto del correo: \u00b4Fotos de los Lectores\u00b4.<\/p>\n","protected":false},"excerpt":{"rendered":"* El autor forma parte de la comunidad de lectores de La Vanguardia Paseando por la calle Aribau,&hellip;\n","protected":false},"author":2,"featured_media":213198,"comment_status":"","ping_status":"","sticky":false,"template":"","format":"standard","meta":{"footnotes":""},"categories":[173],"tags":[229,233,231,230,232,234,146,147,25,24,23],"class_list":{"0":"post-213197","1":"post","2":"type-post","3":"status-publish","4":"format-standard","5":"has-post-thumbnail","7":"category-arte-y-diseno","8":"tag-arte","9":"tag-arte-y-diseno","10":"tag-arts","11":"tag-arts-and-design","12":"tag-design","13":"tag-diseno","14":"tag-entertainment","15":"tag-entretenimiento","16":"tag-es","17":"tag-espana","18":"tag-spain"},"share_on_mastodon":{"url":"https:\/\/pubeurope.com\/@es\/115476159812514728","error":""},"_links":{"self":[{"href":"https:\/\/www.europesays.com\/es\/wp-json\/wp\/v2\/posts\/213197","targetHints":{"allow":["GET"]}}],"collection":[{"href":"https:\/\/www.europesays.com\/es\/wp-json\/wp\/v2\/posts"}],"about":[{"href":"https:\/\/www.europesays.com\/es\/wp-json\/wp\/v2\/types\/post"}],"author":[{"embeddable":true,"href":"https:\/\/www.europesays.com\/es\/wp-json\/wp\/v2\/users\/2"}],"replies":[{"embeddable":true,"href":"https:\/\/www.europesays.com\/es\/wp-json\/wp\/v2\/comments?post=213197"}],"version-history":[{"count":0,"href":"https:\/\/www.europesays.com\/es\/wp-json\/wp\/v2\/posts\/213197\/revisions"}],"wp:featuredmedia":[{"embeddable":true,"href":"https:\/\/www.europesays.com\/es\/wp-json\/wp\/v2\/media\/213198"}],"wp:attachment":[{"href":"https:\/\/www.europesays.com\/es\/wp-json\/wp\/v2\/media?parent=213197"}],"wp:term":[{"taxonomy":"category","embeddable":true,"href":"https:\/\/www.europesays.com\/es\/wp-json\/wp\/v2\/categories?post=213197"},{"taxonomy":"post_tag","embeddable":true,"href":"https:\/\/www.europesays.com\/es\/wp-json\/wp\/v2\/tags?post=213197"}],"curies":[{"name":"wp","href":"https:\/\/api.w.org\/{rel}","templated":true}]}}